{"id":5109,"date":"2014-03-17T16:05:00","date_gmt":"2014-03-17T16:05:00","guid":{"rendered":"http:\/\/mazunga.de\/?p=5109"},"modified":"2014-03-17T16:05:00","modified_gmt":"2014-03-17T16:05:00","slug":"jugendforum-nachhaltigkeit","status":"publish","type":"post","link":"https:\/\/kulturweit.blog\/kulturweit\/2014\/03\/17\/jugendforum-nachhaltigkeit\/","title":{"rendered":"Jugendforum Nachhaltigkeit"},"content":{"rendered":"<p>Liebe \u00bbkulturweit\u00ab-Alumni,<\/p>\n<p>heute m\u00f6chten wir euch auf das &#8222;Jugendforum: Dein Projekt Zukunft &#8211; Nat\u00fcrlich. Nachhaltig. Brandenburg&#8220; aufmerksam machen.<\/p>\n<p>Vom <strong>4.\u00a0&#8211;\u00a06\u00a0April\u00a02014 findet das 2.\u00a0Jugendforum Nachhaltigkeit<\/strong> statt und ihr seid eingeladen.<br \/>\nLetztes Jahr ging es darum, kreative Ideen f\u00fcr die Nachhaltigkeitsstrategie f\u00fcr Brandenburg zu entwickeln. Nun ist sie fast fertig und man m\u00f6chte gemeinsam \u00fcber die n\u00e4chsten Schritte sprechen und konkrete Projekte planen.<\/p>\n<p>Alle Alumni, die zwischen 14\u00a0&#8211;\u00a027 Jahre alt sidn, aus Brandenburg kommem und Lust haben sich kreativ einzubringen, k\u00f6nnen sich anmelden. \u00dcbernachtungs- und Verpflegungskosten sowie Fahrtkosten werden \u00fcbernommen.<\/p>\n<p>Mehr Informationen findet ihr auf dem Flyer ( <a href=\"http:\/\/mazunga.de\/wp-content\/uploads\/2014\/03\/Flyer-Jugendforum-Nachhaltigkeit-2014.pdf\">Flyer Jugendforum Nachhaltigkeit 2014<\/a> )<\/p>\n<p>oder hier:<\/p>\n<p>http:\/\/www.mugv.brandenburg.de\/info\/jugendforum<\/p>\n<p>Wir w\u00fcnschen euch viel Erfolg bei der Anmeldung.<\/p>\n<p>Euer \u00bbkulturweit\u00ab-Team<\/p>\n<p>&nbsp;<\/p>\n","protected":false},"excerpt":{"rendered":"<p>Liebe \u00bbkulturweit\u00ab-Alumni, heute m\u00f6chten wir euch auf das &#8222;Jugendforum: Dein Projekt Zukunft &#8211; Nat\u00fcrlich. Nachhaltig. Brandenburg&#8220; aufmerksam machen. Vom 4.\u00a0&#8211;\u00a06\u00a0April\u00a02014 findet das 2.\u00a0Jugendforum Nachhaltigkeit statt und ihr seid eingeladen. Letztes Jahr ging es darum, kreative Ideen f\u00fcr die Nachhaltigkeitsstrategie f\u00fcr Brandenburg zu entwickeln. Nun ist sie fast fertig und man m\u00f6chte gemeinsam \u00fcber die n\u00e4chsten &hellip; <a href=\"https:\/\/kulturweit.blog\/kulturweit\/2014\/03\/17\/jugendforum-nachhaltigkeit\/\" class=\"more-link\"><span class=\"screen-reader-text\">Jugendforum Nachhaltigkeit<\/span> weiterlesen<\/a><\/p>\n","protected":false},"author":13,"featured_media":5111,"comment_status":"open","ping_status":"open","sticky":false,"template":"","format":"standard","meta":{"footnotes":""},"categories":[21],"tags":[],"class_list":["post-5109","post","type-post","status-publish","format-standard","has-post-thumbnail","hentry","category-allgemein"],"amp_enabled":true,"_links":{"self":[{"href":"https:\/\/kulturweit.blog\/kulturweit\/wp-json\/wp\/v2\/posts\/5109"}],"collection":[{"href":"https:\/\/kulturweit.blog\/kulturweit\/wp-json\/wp\/v2\/posts"}],"about":[{"href":"https:\/\/kulturweit.blog\/kulturweit\/wp-json\/wp\/v2\/types\/post"}],"author":[{"embeddable":true,"href":"https:\/\/kulturweit.blog\/kulturweit\/wp-json\/wp\/v2\/users\/13"}],"replies":[{"embeddable":true,"href":"https:\/\/kulturweit.blog\/kulturweit\/wp-json\/wp\/v2\/comments?post=5109"}],"version-history":[{"count":0,"href":"https:\/\/kulturweit.blog\/kulturweit\/wp-json\/wp\/v2\/posts\/5109\/revisions"}],"wp:featuredmedia":[{"embeddable":true,"href":"https:\/\/kulturweit.blog\/kulturweit\/wp-json\/"}],"wp:attachment":[{"href":"https:\/\/kulturweit.blog\/kulturweit\/wp-json\/wp\/v2\/media?parent=5109"}],"wp:term":[{"taxonomy":"category","embeddable":true,"href":"https:\/\/kulturweit.blog\/kulturweit\/wp-json\/wp\/v2\/categories?post=5109"},{"taxonomy":"post_tag","embeddable":true,"href":"https:\/\/kulturweit.blog\/kulturweit\/wp-json\/wp\/v2\/tags?post=5109"}],"curies":[{"name":"wp","href":"https:\/\/api.w.org\/{rel}","templated":true}]}}