{"id":5104,"date":"2014-03-14T08:49:35","date_gmt":"2014-03-14T08:49:35","guid":{"rendered":"http:\/\/mazunga.de\/?p=5104"},"modified":"2014-03-14T08:49:35","modified_gmt":"2014-03-14T08:49:35","slug":"eaf-workshop-its-our-turn-fuer-junge-frauen-zwischen-16-und-21-jahren","status":"publish","type":"post","link":"https:\/\/kulturweit.blog\/kulturweit\/2014\/03\/14\/eaf-workshop-its-our-turn-fuer-junge-frauen-zwischen-16-und-21-jahren\/","title":{"rendered":"EAF-Workshop &#8222;It&#8217;s our Turn&#8220; f\u00fcr junge Frauen zwischen 16 und 21 Jahren"},"content":{"rendered":"<p>Liebe \u00bbkulturweit\u00ab-Alumni,<br \/>\nheute m\u00f6chten wir euch auf ein Programm der EAF-Berlin aufmerksam machen.<br \/>\nJunge Frauen in ihrem gesellschaftlichen Engagement st\u00e4rken und bei ihrer beruflichen Orientierung unterst\u00fctzen \u2013 das ist das Ziel des EAF-Workshop It\u00b4s our turn! vom 30. Mai bis 4. Juni 2014 in Berlin.<br \/>\nTeilnehmen k\u00f6nnen junge Frauen zwischen 16 und 21 Jahren, die sich bereits gesellschaftlich engagieren oder zuk\u00fcnftig engagieren m\u00f6chten.<br \/>\nMehr Informationen findet ihr hier:<br \/>\nhttp:\/\/www.eaf-berlin.de\/news_detail.html?&#038;tx_ttnews[tt_news]=351&#038;cHash=4ecf71ff7c13bd74fb470369961a8570<br \/>\nViel Erfolg bei der Bewerbung.<br \/>\nEuer \u00bbkulturweit\u00ab-Team<\/p>\n<p><a href=\"http:\/\/mazunga.de\/wp-content\/uploads\/2014\/03\/It\u00b4s-our-Turn-2014_Flyer.pdf\">It\u00b4s our Turn 2014_Flyer<\/a><\/p>\n","protected":false},"excerpt":{"rendered":"<p>Liebe \u00bbkulturweit\u00ab-Alumni, heute m\u00f6chten wir euch auf ein Programm der EAF-Berlin aufmerksam machen. Junge Frauen in ihrem gesellschaftlichen Engagement st\u00e4rken und bei ihrer beruflichen Orientierung unterst\u00fctzen \u2013 das ist das Ziel des EAF-Workshop It\u00b4s our turn! vom 30. Mai bis 4. Juni 2014 in Berlin. Teilnehmen k\u00f6nnen junge Frauen zwischen 16 und 21 Jahren, die &hellip; <a href=\"https:\/\/kulturweit.blog\/kulturweit\/2014\/03\/14\/eaf-workshop-its-our-turn-fuer-junge-frauen-zwischen-16-und-21-jahren\/\" class=\"more-link\"><span class=\"screen-reader-text\">EAF-Workshop &#8222;It&#8217;s our Turn&#8220; f\u00fcr junge Frauen zwischen 16 und 21 Jahren<\/span> weiterlesen<\/a><\/p>\n","protected":false},"author":13,"featured_media":5106,"comment_status":"open","ping_status":"open","sticky":false,"template":"","format":"standard","meta":{"footnotes":""},"categories":[21],"tags":[],"class_list":["post-5104","post","type-post","status-publish","format-standard","has-post-thumbnail","hentry","category-allgemein"],"amp_enabled":true,"_links":{"self":[{"href":"https:\/\/kulturweit.blog\/kulturweit\/wp-json\/wp\/v2\/posts\/5104"}],"collection":[{"href":"https:\/\/kulturweit.blog\/kulturweit\/wp-json\/wp\/v2\/posts"}],"about":[{"href":"https:\/\/kulturweit.blog\/kulturweit\/wp-json\/wp\/v2\/types\/post"}],"author":[{"embeddable":true,"href":"https:\/\/kulturweit.blog\/kulturweit\/wp-json\/wp\/v2\/users\/13"}],"replies":[{"embeddable":true,"href":"https:\/\/kulturweit.blog\/kulturweit\/wp-json\/wp\/v2\/comments?post=5104"}],"version-history":[{"count":0,"href":"https:\/\/kulturweit.blog\/kulturweit\/wp-json\/wp\/v2\/posts\/5104\/revisions"}],"wp:featuredmedia":[{"embeddable":true,"href":"https:\/\/kulturweit.blog\/kulturweit\/wp-json\/"}],"wp:attachment":[{"href":"https:\/\/kulturweit.blog\/kulturweit\/wp-json\/wp\/v2\/media?parent=5104"}],"wp:term":[{"taxonomy":"category","embeddable":true,"href":"https:\/\/kulturweit.blog\/kulturweit\/wp-json\/wp\/v2\/categories?post=5104"},{"taxonomy":"post_tag","embeddable":true,"href":"https:\/\/kulturweit.blog\/kulturweit\/wp-json\/wp\/v2\/tags?post=5104"}],"curies":[{"name":"wp","href":"https:\/\/api.w.org\/{rel}","templated":true}]}}