{"id":5098,"date":"2014-03-11T16:03:13","date_gmt":"2014-03-11T16:03:13","guid":{"rendered":"http:\/\/mazunga.de\/?p=5098"},"modified":"2014-03-11T16:03:13","modified_gmt":"2014-03-11T16:03:13","slug":"ausschreibung-trainee-stelle-in-der-duk-ab-15-mai-2014","status":"publish","type":"post","link":"https:\/\/kulturweit.blog\/kulturweit\/2014\/03\/11\/ausschreibung-trainee-stelle-in-der-duk-ab-15-mai-2014\/","title":{"rendered":"Ausschreibung Trainee-Stelle in der DUK Ab 15. Mai 2014"},"content":{"rendered":"<p>Liebe \u00bbkulturweit\u00ab-Alumni,<br \/>\nheute m\u00f6chten wir euch auf die ausgeschriebene Trainee-Stelle der DUK aufmerksam machen. F\u00fcr ein Jahr k\u00f6nnt ihr im Fachbereich \u201eZusammenarbeit mit UNESCO-Nationalkommissionen\u201c<br \/>\n(Schwerpunkt: Afrika) der Deutschen UNESCO-Kommission (DUK) ab dem 15. Mai erste Berufserfahrungen sammeln. Bewerbungsschluss ist der 03. April 2014. Mehr Infos findet ihr in der Ausschreibung.<br \/>\nWir w\u00fcnschen euch viel Erfolg bei der Bewerbung.<br \/>\nEuer \u00bbkulturweit\u00ab-Team<\/p>\n<p><a href=\"http:\/\/mazunga.de\/wp-content\/uploads\/2014\/03\/Ausschreibung-Trainee-Fachbereich-Nationalkommissionen_07032014.pdf\">Ausschreibung Trainee Fachbereich Nationalkommissionen_07032014<\/a><\/p>\n","protected":false},"excerpt":{"rendered":"<p>Liebe \u00bbkulturweit\u00ab-Alumni, heute m\u00f6chten wir euch auf die ausgeschriebene Trainee-Stelle der DUK aufmerksam machen. F\u00fcr ein Jahr k\u00f6nnt ihr im Fachbereich \u201eZusammenarbeit mit UNESCO-Nationalkommissionen\u201c (Schwerpunkt: Afrika) der Deutschen UNESCO-Kommission (DUK) ab dem 15. Mai erste Berufserfahrungen sammeln. Bewerbungsschluss ist der 03. April 2014. Mehr Infos findet ihr in der Ausschreibung. Wir w\u00fcnschen euch viel Erfolg &hellip; <a href=\"https:\/\/kulturweit.blog\/kulturweit\/2014\/03\/11\/ausschreibung-trainee-stelle-in-der-duk-ab-15-mai-2014\/\" class=\"more-link\"><span class=\"screen-reader-text\">Ausschreibung Trainee-Stelle in der DUK Ab 15. Mai 2014<\/span> weiterlesen<\/a><\/p>\n","protected":false},"author":13,"featured_media":4347,"comment_status":"open","ping_status":"open","sticky":false,"template":"","format":"standard","meta":{"footnotes":""},"categories":[21],"tags":[],"class_list":["post-5098","post","type-post","status-publish","format-standard","has-post-thumbnail","hentry","category-allgemein"],"amp_enabled":true,"_links":{"self":[{"href":"https:\/\/kulturweit.blog\/kulturweit\/wp-json\/wp\/v2\/posts\/5098"}],"collection":[{"href":"https:\/\/kulturweit.blog\/kulturweit\/wp-json\/wp\/v2\/posts"}],"about":[{"href":"https:\/\/kulturweit.blog\/kulturweit\/wp-json\/wp\/v2\/types\/post"}],"author":[{"embeddable":true,"href":"https:\/\/kulturweit.blog\/kulturweit\/wp-json\/wp\/v2\/users\/13"}],"replies":[{"embeddable":true,"href":"https:\/\/kulturweit.blog\/kulturweit\/wp-json\/wp\/v2\/comments?post=5098"}],"version-history":[{"count":0,"href":"https:\/\/kulturweit.blog\/kulturweit\/wp-json\/wp\/v2\/posts\/5098\/revisions"}],"wp:featuredmedia":[{"embeddable":true,"href":"https:\/\/kulturweit.blog\/kulturweit\/wp-json\/"}],"wp:attachment":[{"href":"https:\/\/kulturweit.blog\/kulturweit\/wp-json\/wp\/v2\/media?parent=5098"}],"wp:term":[{"taxonomy":"category","embeddable":true,"href":"https:\/\/kulturweit.blog\/kulturweit\/wp-json\/wp\/v2\/categories?post=5098"},{"taxonomy":"post_tag","embeddable":true,"href":"https:\/\/kulturweit.blog\/kulturweit\/wp-json\/wp\/v2\/tags?post=5098"}],"curies":[{"name":"wp","href":"https:\/\/api.w.org\/{rel}","templated":true}]}}