{"id":5014,"date":"2013-11-13T11:36:07","date_gmt":"2013-11-13T11:36:07","guid":{"rendered":"http:\/\/mazunga.de\/?p=5014"},"modified":"2013-11-13T11:36:07","modified_gmt":"2013-11-13T11:36:07","slug":"ausschreibung-der-civil-academy","status":"publish","type":"post","link":"https:\/\/kulturweit.blog\/kulturweit\/2013\/11\/13\/ausschreibung-der-civil-academy\/","title":{"rendered":"Ausschreibung der Civil Academy"},"content":{"rendered":"<p>Liebe \u00bbkulturweit\u00ab-Alumni,<\/p>\n<p>heute schicken wir euch einen Flyer der Civil Academy zu. Vielleicht ist es f\u00fcr die einen oder anderen von euch ja interessant.<\/p>\n<p>Die Civil Academy ist ein Qualifizierungsprogramm f\u00fcr junge Engagierte mit einer Idee f\u00fcr ein gesellschaftliches Engagementprojekt.<\/p>\n<p>Das Angebot umfasst Seminareinheiten zu den Themenbereichen Projektmanagement, Finanz- und Kostenplanung, Zusammenarbeit im Team sowie \u00d6ffentlichkeitsarbeit und ist f\u00fcr die Teilnehmenden komplett kostenlos. Die Civil Academy wird seit 9 Jahren 2x pro Jahr durchgef\u00fchrt und hat mittlerweile mehr als 400 Engagierte dabei unterst\u00fctzt, ihre Projekte in aller Welt erfolgreich umzusetzen.<\/p>\n<p>Ab sofort und bis zum 19. Januar 2014 k\u00f6nnen sich junge Erwachsene zwischen 18 und 27 Jahren mit ihrer Idee f\u00fcr eine Teilnahme an der 18. Runde des Qualifizierungsprogramms bewerben.<\/p>\n<p>Weitere Informationen zum Programm, zu den Seminarterminen und zur Bewerbung findet ihr im Ausschreibungs-PDF( <a href=\"http:\/\/mazunga.de\/wp-content\/uploads\/2013\/11\/Ausschreibungstext_Civil_Academy.pdf\">Ausschreibungstext_Civil_Academy)<\/a>, im k\u00fcrzlich erschienenen Magazin \u201eENGAGIERT\u201c und auf der Webseite <a href=\"http:\/\/www.facebook.com\/l.php?u=http%3A%2F%2Fwww.civil-academy.de&amp;h=mAQHuqOXrAQH8olnv-O9oY_qvtBMW2afHdt6LLijRQrAeLQ&amp;s=1\" target=\"_blank\" rel=\"nofollow nofollow\">www.civil-academy.de<\/a><\/p>\n<p>Liebe Gr\u00fc\u00dfe aus Berlin,<br \/>\nEuer \u00bbkulturweit\u00ab-Team<\/p>\n","protected":false},"excerpt":{"rendered":"<p>Liebe \u00bbkulturweit\u00ab-Alumni, heute schicken wir euch einen Flyer der Civil Academy zu. Vielleicht ist es f\u00fcr die einen oder anderen von euch ja interessant. Die Civil Academy ist ein Qualifizierungsprogramm f\u00fcr junge Engagierte mit einer Idee f\u00fcr ein gesellschaftliches Engagementprojekt. Das Angebot umfasst Seminareinheiten zu den Themenbereichen Projektmanagement, Finanz- und Kostenplanung, Zusammenarbeit im Team sowie &hellip; <a href=\"https:\/\/kulturweit.blog\/kulturweit\/2013\/11\/13\/ausschreibung-der-civil-academy\/\" class=\"more-link\"><span class=\"screen-reader-text\">Ausschreibung der Civil Academy<\/span> weiterlesen<\/a><\/p>\n","protected":false},"author":13,"featured_media":4760,"comment_status":"open","ping_status":"open","sticky":false,"template":"","format":"standard","meta":{"footnotes":""},"categories":[21],"tags":[],"class_list":["post-5014","post","type-post","status-publish","format-standard","has-post-thumbnail","hentry","category-allgemein"],"amp_enabled":true,"_links":{"self":[{"href":"https:\/\/kulturweit.blog\/kulturweit\/wp-json\/wp\/v2\/posts\/5014"}],"collection":[{"href":"https:\/\/kulturweit.blog\/kulturweit\/wp-json\/wp\/v2\/posts"}],"about":[{"href":"https:\/\/kulturweit.blog\/kulturweit\/wp-json\/wp\/v2\/types\/post"}],"author":[{"embeddable":true,"href":"https:\/\/kulturweit.blog\/kulturweit\/wp-json\/wp\/v2\/users\/13"}],"replies":[{"embeddable":true,"href":"https:\/\/kulturweit.blog\/kulturweit\/wp-json\/wp\/v2\/comments?post=5014"}],"version-history":[{"count":0,"href":"https:\/\/kulturweit.blog\/kulturweit\/wp-json\/wp\/v2\/posts\/5014\/revisions"}],"wp:featuredmedia":[{"embeddable":true,"href":"https:\/\/kulturweit.blog\/kulturweit\/wp-json\/"}],"wp:attachment":[{"href":"https:\/\/kulturweit.blog\/kulturweit\/wp-json\/wp\/v2\/media?parent=5014"}],"wp:term":[{"taxonomy":"category","embeddable":true,"href":"https:\/\/kulturweit.blog\/kulturweit\/wp-json\/wp\/v2\/categories?post=5014"},{"taxonomy":"post_tag","embeddable":true,"href":"https:\/\/kulturweit.blog\/kulturweit\/wp-json\/wp\/v2\/tags?post=5014"}],"curies":[{"name":"wp","href":"https:\/\/api.w.org\/{rel}","templated":true}]}}