{"id":5001,"date":"2013-10-17T15:36:04","date_gmt":"2013-10-17T15:36:04","guid":{"rendered":"http:\/\/mazunga.de\/?p=5001"},"modified":"2013-10-17T15:36:04","modified_gmt":"2013-10-17T15:36:04","slug":"bne-seminar-zu-politischer-partizipation","status":"publish","type":"post","link":"https:\/\/kulturweit.blog\/kulturweit\/2013\/10\/17\/bne-seminar-zu-politischer-partizipation\/","title":{"rendered":"BNE-Seminar zu politischer Partizipation"},"content":{"rendered":"<p>Liebe \u00bbkulturweit\u00ab-Alumni,<\/p>\n<p>wie ihr bereits auf dem Alumni-Jahrestreffen im September mitbekommen habt, gibt es eine kleine Gruppe unter euch, die sich verst\u00e4rkt mit den Themen nachhaltiger Entwicklung besch\u00e4ftigt. Ab kommenden Jahr soll es ein Multiplikationstraining f\u00fcr nachhaltige Entwicklung im Rahmen der \u00bbkulturweit\u00ab-Alumni-Arbeit geben. Dieses wird in sechs Module unterteilt sein, wovon sich zwei mit den Grundlagen des Konzepts \u201eBildung f\u00fcr nachhaltige Entwicklung\u201c befassen und vier weitere Module thematisch in die Tiefe gehen. Geplant ist zu den Themen Re-Upcycling, Konsum und Lebensstil, Ern\u00e4hrung, Mobilit\u00e4t und politische Partizipation Module anzubieten.<\/p>\n<p>Zum Thema \u201epolitische Partizipation\u201c k\u00f6nnen wir einen Workshop vom Gustav-Stresemann-Institut f\u00fcr \u00bbkulturweit\u00ab-Alumni anbieten. Dieses findet vom 29.11. bis 01.12.2013 in Bad Bevensen statt. Die Reisekosten werden bis zu 60\u20ac bezuschusst und ihr m\u00fcsst nur einen Unkostenbeitrag von 25\u20ac bezahlen.<\/p>\n<p>Wir haben noch drei freie Pl\u00e4tze f\u00fcr Alumni, die sich langfristig mit dem Thema \u201eBildung f\u00fcr nachhaltige Entwicklung\u201c besch\u00e4ftigen wollen. \u00a0Das Multiplikationstraining f\u00fcr BNE ist f\u00fcr anderthalb bis zwei Jahre ausgelegt und gibt euch die M\u00f6glichkeit, eine eigene Zielgruppe festzulegen und einzelne Inhalte an sie in Form von vorerst kleineren Workshops weiterzugeben. Wir geben euch die Kenntnisse in Workshopgestaltung und Umgang mit Gruppen und ihr bietet Motivation und Engagement. Eure Kenntnisse aus euren Freiwilligendiensten sind dabei von hoher Relevanz.<\/p>\n<p>Wenn ihr also Interesse an dem Multiplikationstraining f\u00fcr BNE habt und am Seminar in Bad Bevensen teilnehmen wollt, dann schreibt eine Mail bis zum 01. November an <a href=\"mailto:alumni@kulturweit.de\">alumni@kulturweit.de<\/a>. Fragen zum Training allgemein \u00a0k\u00f6nnt ihr nat\u00fcrlich auch stellen.<\/p>\n<p>Wir freuen uns von euch zu h\u00f6ren.<\/p>\n<p>Euer \u00bbkulturweit\u00ab-Team<\/p>\n","protected":false},"excerpt":{"rendered":"<p>Liebe \u00bbkulturweit\u00ab-Alumni, wie ihr bereits auf dem Alumni-Jahrestreffen im September mitbekommen habt, gibt es eine kleine Gruppe unter euch, die sich verst\u00e4rkt mit den Themen nachhaltiger Entwicklung besch\u00e4ftigt. Ab kommenden Jahr soll es ein Multiplikationstraining f\u00fcr nachhaltige Entwicklung im Rahmen der \u00bbkulturweit\u00ab-Alumni-Arbeit geben. Dieses wird in sechs Module unterteilt sein, wovon sich zwei mit den &hellip; <a href=\"https:\/\/kulturweit.blog\/kulturweit\/2013\/10\/17\/bne-seminar-zu-politischer-partizipation\/\" class=\"more-link\"><span class=\"screen-reader-text\">BNE-Seminar zu politischer Partizipation<\/span> weiterlesen<\/a><\/p>\n","protected":false},"author":13,"featured_media":3885,"comment_status":"open","ping_status":"open","sticky":false,"template":"","format":"standard","meta":{"footnotes":""},"categories":[21],"tags":[],"class_list":["post-5001","post","type-post","status-publish","format-standard","has-post-thumbnail","hentry","category-allgemein"],"amp_enabled":true,"_links":{"self":[{"href":"https:\/\/kulturweit.blog\/kulturweit\/wp-json\/wp\/v2\/posts\/5001"}],"collection":[{"href":"https:\/\/kulturweit.blog\/kulturweit\/wp-json\/wp\/v2\/posts"}],"about":[{"href":"https:\/\/kulturweit.blog\/kulturweit\/wp-json\/wp\/v2\/types\/post"}],"author":[{"embeddable":true,"href":"https:\/\/kulturweit.blog\/kulturweit\/wp-json\/wp\/v2\/users\/13"}],"replies":[{"embeddable":true,"href":"https:\/\/kulturweit.blog\/kulturweit\/wp-json\/wp\/v2\/comments?post=5001"}],"version-history":[{"count":0,"href":"https:\/\/kulturweit.blog\/kulturweit\/wp-json\/wp\/v2\/posts\/5001\/revisions"}],"wp:featuredmedia":[{"embeddable":true,"href":"https:\/\/kulturweit.blog\/kulturweit\/wp-json\/"}],"wp:attachment":[{"href":"https:\/\/kulturweit.blog\/kulturweit\/wp-json\/wp\/v2\/media?parent=5001"}],"wp:term":[{"taxonomy":"category","embeddable":true,"href":"https:\/\/kulturweit.blog\/kulturweit\/wp-json\/wp\/v2\/categories?post=5001"},{"taxonomy":"post_tag","embeddable":true,"href":"https:\/\/kulturweit.blog\/kulturweit\/wp-json\/wp\/v2\/tags?post=5001"}],"curies":[{"name":"wp","href":"https:\/\/api.w.org\/{rel}","templated":true}]}}