{"id":4998,"date":"2013-10-16T08:42:05","date_gmt":"2013-10-16T08:42:05","guid":{"rendered":"http:\/\/mazunga.de\/?p=4998"},"modified":"2013-10-16T08:42:05","modified_gmt":"2013-10-16T08:42:05","slug":"einladung-zum-internationalen-abend-in-berlin-13-november-2013","status":"publish","type":"post","link":"https:\/\/kulturweit.blog\/kulturweit\/2013\/10\/16\/einladung-zum-internationalen-abend-in-berlin-13-november-2013\/","title":{"rendered":"Einladung zum internationalen Abend in Berlin 13. November 2013"},"content":{"rendered":"<p>Liebe \u00bbkulturweit\u00ab-Alumni,<\/p>\n<p>heute m\u00f6chten wir euch zu einem besonderen Ereignis in unser sch\u00f6nes B\u00fcro in Berlin einladen.<\/p>\n<p>Am 13.11.2013 habt ihr von 18:00-20:00 die M\u00f6glichkeit, 19 junge Diplomatinnen und Diplomaten aus Lateinamerika bei uns im \u00bbkulturweit\u00ab-B\u00fcro zu treffen. Zu einer Tasse Gl\u00fchwein und einem Snack k\u00f6nnt ihr euch \u00fcber eure Erfahrungen in euren ehemaligen Gastl\u00e4ndern unterhalten und gleichzeitig lernen, welches Bild die Diplomatinnen und Diplomaten von Deutschland erlangen konnten. Diese nehmen f\u00fcr circa vier Wochen an einem Kurs f\u00fcr junge internationale Diplomat_innen im Ausw\u00e4rtigen Amt teil.<\/p>\n<p>Das Treffen soll au\u00dferdem der Grundstein f\u00fcr weitere Treffen zwischen euch und den Diplomat_innen in Berlin sein. Wir f\u00e4nden es spannend, wenn ihr im Verlauf der Woche den G\u00e4sten euer Berlin zeigt und ihnen pers\u00f6nliche Eindr\u00fccke von Deutschland mit auf den Weg in den S\u00fcden geben k\u00f6nnt.<\/p>\n<p>Es gibt noch zehn freie Pl\u00e4tze f\u00fcr das Treffen. Wenn du im Berliner Raum wohnst und spanisch sprichst und sogar schon Mal in einem lateinamerikanischen Land warst, dann schreib einfach bis zum <b>30.Oktober 2013<\/b> eine Mail an <a href=\"mailto:alumni@kulturweit.de\">alumni@kulturweit.de<\/a> und melde dich bei uns an. Leider k\u00f6nnen wir keine Reisekosten f\u00fcr deine Anfahrt \u00fcbernehmen, schenken dir jedoch einen spannenden Abend und viele nette Begegnungen.<\/p>\n<p>Wir freuen uns von euch zu h\u00f6ren.<\/p>\n<p>Euer \u00bbkulturweit\u00ab-Team<\/p>\n","protected":false},"excerpt":{"rendered":"<p>Liebe \u00bbkulturweit\u00ab-Alumni, heute m\u00f6chten wir euch zu einem besonderen Ereignis in unser sch\u00f6nes B\u00fcro in Berlin einladen. Am 13.11.2013 habt ihr von 18:00-20:00 die M\u00f6glichkeit, 19 junge Diplomatinnen und Diplomaten aus Lateinamerika bei uns im \u00bbkulturweit\u00ab-B\u00fcro zu treffen. Zu einer Tasse Gl\u00fchwein und einem Snack k\u00f6nnt ihr euch \u00fcber eure Erfahrungen in euren ehemaligen Gastl\u00e4ndern &hellip; <a href=\"https:\/\/kulturweit.blog\/kulturweit\/2013\/10\/16\/einladung-zum-internationalen-abend-in-berlin-13-november-2013\/\" class=\"more-link\"><span class=\"screen-reader-text\">Einladung zum internationalen Abend in Berlin 13. November 2013<\/span> weiterlesen<\/a><\/p>\n","protected":false},"author":13,"featured_media":4911,"comment_status":"open","ping_status":"open","sticky":false,"template":"","format":"standard","meta":{"footnotes":""},"categories":[21],"tags":[],"class_list":["post-4998","post","type-post","status-publish","format-standard","has-post-thumbnail","hentry","category-allgemein"],"amp_enabled":true,"_links":{"self":[{"href":"https:\/\/kulturweit.blog\/kulturweit\/wp-json\/wp\/v2\/posts\/4998"}],"collection":[{"href":"https:\/\/kulturweit.blog\/kulturweit\/wp-json\/wp\/v2\/posts"}],"about":[{"href":"https:\/\/kulturweit.blog\/kulturweit\/wp-json\/wp\/v2\/types\/post"}],"author":[{"embeddable":true,"href":"https:\/\/kulturweit.blog\/kulturweit\/wp-json\/wp\/v2\/users\/13"}],"replies":[{"embeddable":true,"href":"https:\/\/kulturweit.blog\/kulturweit\/wp-json\/wp\/v2\/comments?post=4998"}],"version-history":[{"count":0,"href":"https:\/\/kulturweit.blog\/kulturweit\/wp-json\/wp\/v2\/posts\/4998\/revisions"}],"wp:featuredmedia":[{"embeddable":true,"href":"https:\/\/kulturweit.blog\/kulturweit\/wp-json\/"}],"wp:attachment":[{"href":"https:\/\/kulturweit.blog\/kulturweit\/wp-json\/wp\/v2\/media?parent=4998"}],"wp:term":[{"taxonomy":"category","embeddable":true,"href":"https:\/\/kulturweit.blog\/kulturweit\/wp-json\/wp\/v2\/categories?post=4998"},{"taxonomy":"post_tag","embeddable":true,"href":"https:\/\/kulturweit.blog\/kulturweit\/wp-json\/wp\/v2\/tags?post=4998"}],"curies":[{"name":"wp","href":"https:\/\/api.w.org\/{rel}","templated":true}]}}