{"id":4993,"date":"2013-10-15T14:37:33","date_gmt":"2013-10-15T14:37:33","guid":{"rendered":"http:\/\/mazunga.de\/?p=4993"},"modified":"2013-10-15T14:37:33","modified_gmt":"2013-10-15T14:37:33","slug":"tagung-lernen-durch-entwicklungspolitische-freiwilligendienste","status":"publish","type":"post","link":"https:\/\/kulturweit.blog\/kulturweit\/2013\/10\/15\/tagung-lernen-durch-entwicklungspolitische-freiwilligendienste\/","title":{"rendered":"Tagung &#8222;Lernen durch entwicklungspolitische Freiwilligendienste&#8220;"},"content":{"rendered":"<p>Liebe Alumni,<\/p>\n<p>heute m\u00f6chten wir euch eine Tagung in Stuttgart am 22.November ans Herz legen. Hier geht es um die Frage, wie man R\u00fcckkehrerinnen in Deutschland f\u00f6rdern kann. Eingeladen sind Entsendeorganisationen, entwicklungspolitisch aktive Organisationen und R\u00fcckkehrerinnen. Bis zum 11. November k\u00f6nnt ihr euch noch anmelden. Mehr Informationen findet ihr im beigelegten Flyer.<\/p>\n<p>Wir freuen uns von euch zu h\u00f6ren, falls ihr daran teilnehmt und ihr Ideen f\u00fcr den Alumnibereich bei \u00bbkulturweit\u00ab habt.<\/p>\n<p>Euer \u00bbkulturweit\u00ab-Team<\/p>\n<p><a href=\"http:\/\/mazunga.de\/wp-content\/uploads\/2013\/10\/Flyer_Tagung-Freiwilligendienste-22-11-2013.pdf\">Flyer_Tagung Freiwilligendienste 22 11 2013<\/a><\/p>\n","protected":false},"excerpt":{"rendered":"<p>Liebe Alumni, heute m\u00f6chten wir euch eine Tagung in Stuttgart am 22.November ans Herz legen. Hier geht es um die Frage, wie man R\u00fcckkehrerinnen in Deutschland f\u00f6rdern kann. Eingeladen sind Entsendeorganisationen, entwicklungspolitisch aktive Organisationen und R\u00fcckkehrerinnen. Bis zum 11. November k\u00f6nnt ihr euch noch anmelden. Mehr Informationen findet ihr im beigelegten Flyer. Wir freuen uns &hellip; <a href=\"https:\/\/kulturweit.blog\/kulturweit\/2013\/10\/15\/tagung-lernen-durch-entwicklungspolitische-freiwilligendienste\/\" class=\"more-link\"><span class=\"screen-reader-text\">Tagung &#8222;Lernen durch entwicklungspolitische Freiwilligendienste&#8220;<\/span> weiterlesen<\/a><\/p>\n","protected":false},"author":13,"featured_media":4995,"comment_status":"open","ping_status":"open","sticky":false,"template":"","format":"standard","meta":{"footnotes":""},"categories":[21],"tags":[],"class_list":["post-4993","post","type-post","status-publish","format-standard","has-post-thumbnail","hentry","category-allgemein"],"amp_enabled":true,"_links":{"self":[{"href":"https:\/\/kulturweit.blog\/kulturweit\/wp-json\/wp\/v2\/posts\/4993"}],"collection":[{"href":"https:\/\/kulturweit.blog\/kulturweit\/wp-json\/wp\/v2\/posts"}],"about":[{"href":"https:\/\/kulturweit.blog\/kulturweit\/wp-json\/wp\/v2\/types\/post"}],"author":[{"embeddable":true,"href":"https:\/\/kulturweit.blog\/kulturweit\/wp-json\/wp\/v2\/users\/13"}],"replies":[{"embeddable":true,"href":"https:\/\/kulturweit.blog\/kulturweit\/wp-json\/wp\/v2\/comments?post=4993"}],"version-history":[{"count":0,"href":"https:\/\/kulturweit.blog\/kulturweit\/wp-json\/wp\/v2\/posts\/4993\/revisions"}],"wp:featuredmedia":[{"embeddable":true,"href":"https:\/\/kulturweit.blog\/kulturweit\/wp-json\/"}],"wp:attachment":[{"href":"https:\/\/kulturweit.blog\/kulturweit\/wp-json\/wp\/v2\/media?parent=4993"}],"wp:term":[{"taxonomy":"category","embeddable":true,"href":"https:\/\/kulturweit.blog\/kulturweit\/wp-json\/wp\/v2\/categories?post=4993"},{"taxonomy":"post_tag","embeddable":true,"href":"https:\/\/kulturweit.blog\/kulturweit\/wp-json\/wp\/v2\/tags?post=4993"}],"curies":[{"name":"wp","href":"https:\/\/api.w.org\/{rel}","templated":true}]}}