{"id":4984,"date":"2013-10-08T11:05:44","date_gmt":"2013-10-08T11:05:44","guid":{"rendered":"http:\/\/mazunga.de\/?p=4984"},"modified":"2013-10-08T11:05:44","modified_gmt":"2013-10-08T11:05:44","slug":"einladung-zum-forumwhu-2013-in-vallendar","status":"publish","type":"post","link":"https:\/\/kulturweit.blog\/kulturweit\/2013\/10\/08\/einladung-zum-forumwhu-2013-in-vallendar\/","title":{"rendered":"Einladung zum forumWHU 2013 in Vallendar"},"content":{"rendered":"<p>Liebe Alumni,<\/p>\n<p>heute senden wir euch eine Einladung von Raphael Meyke. F\u00fcr alle kulturweitler gibt es einen Sonderrabatt!<\/p>\n<p>Viel Spa\u00df beim Lesen, euer kulturweit-Team.<\/p>\n<p>Hiermit laden wir alle Alumni von kulturweit sehr herzlich zum Kongress<\/p>\n<p><b>forumWHU 2013<\/b> unter dem Thema <b>\u201eWho on Earth is Germany? Deutschlands Rolle in der Welt von Morgen\u201c <\/b>vom <b>21.-23. November 2013 an der WHU &#8211; Otto Beisheim School of Management in Vallendar <\/b>(bei Koblenz) ein.<b><br \/>\n<\/b><\/p>\n<p><b>Was wird Ihnen geboten?<\/b><\/p>\n<p>&#8211; <b>Hochkar\u00e4tige Redner, u.a.:<\/b><\/p>\n<ul>\n<li>Prof. Dr. Burkhard Schwenker, CEO Roland Berger Strategy Consultants<\/li>\n<li>Dr. Stefan Schulte, CEO Fraport AG<\/li>\n<li>Erich Sixt, CEO Sixt AG<\/li>\n<li>Prof. Dr. W\u00f6rner, Vorstandsvorsitzender, Dt. Zentrum f\u00fcr Luft- und Raumfahrt<\/li>\n<li>Dr. Rolf Strauch, Vorstandsmitglied ESM und EFSF<\/li>\n<li>Dr. Angela Titzrath, Personalvorstand Deutsche Post DHL<\/li>\n<li>Matthias Harsch, CEO Loewe AG<\/li>\n<\/ul>\n<p><b>&#8211; Spannende Panel &#8211; Discussions mit namhaften Teilnehmern, u.a.:<\/b><\/p>\n<ul>\n<li>Dr. Thilo Sarrazin, Vorstandsmitglied der Deutschen Bundesbank a.D. und Autor<\/li>\n<li>Klaus Ernst, deutscher Bundespolitiker (Die Linke) und ehemaliger Gewerkschaftsfunktion\u00e4r<\/li>\n<\/ul>\n<p>&#8211; <b>Speeddating<\/b> mit Recruitern von KPMG, Kienbaum Management Consultants u.v.m. sowie weitere <b>Networking-Events<\/b><\/p>\n<p>&#8211; <b>Interessante Workshops<\/b>, u.a. mit Kienbaum Management Consultants und der Konrad-Adenauer-Stiftung<\/p>\n<p>&#8211; abschlie\u00dfendes <b>Galadinner im Gew\u00f6lbekeller der Marienburg<\/b><\/p>\n<p>Das Ganze, incl. Unterbringung und Verpflegung in Vallendar, <b>f\u00fcr nur 39\u20ac<\/b> statt wie regul\u00e4r 59\u20ac !<\/p>\n<p>Alle Infos gibt es auch auf unserer<a href=\"http:\/\/forumwhu.com\/2013\/\"> Website<\/a>; Aktuelles wird auch bei<a href=\"http:\/\/www.facebook.com\/forumWHU\"> Facebook<\/a> gepostet.<\/p>\n<p><b>Wie k\u00f6nnen Sie teilnehmen?<\/b><\/p>\n<p>Bewerben Sie sich <a href=\"http:\/\/forumwhu.com\/2013\/apply-now\/\">HIER<\/a> und laden Sie Ihren CV hoch. Anhand eines CV-Screening entscheiden wir und unsere Sponsoren dann \u00fcber Ihre Bewerbung und geben den Teilnehmern zeitnah Bescheid.<\/p>\n<p><b>\u00dcber forumWHU<\/b><\/p>\n<p>forumWHU ist eine Initiative von Studenten der WHU \u2013 Otto Beisheim School of Management in Vallendar, deren Ziel es ist, einmal pro Jahr auf einem dreit\u00e4gigen Kongress eine Vielzahl von Studenten renommierter internationaler Hochschulen mit Entscheidungstr\u00e4gern aus Wirtschaft und Politik zusammenzubringen.<\/p>\n<p>Im Rahmen der diesj\u00e4hrigen Konferenz sollen unter dem Leitgedanken \u201c<b>Who on Earth is Germany? Deutschlands Rolle in der Welt von Morgen\u201d<\/b> haupts\u00e4chlich zuk\u00fcnftige Entwicklungen diskutiert werden. Es soll insbesondere darum gehen, politische und wirtschaftliche Perspektiven f\u00fcr Deutschland und Europa aufzuzeigen.<\/p>\n<p>Wir w\u00fcrden uns sehr freuen, Sie als Teilnehmer von <b>forumWHU 2013 <\/b>im November in Vallendar begr\u00fc\u00dfen zu d\u00fcrfen<\/p>\n<p>Raphael Meyke<\/p>\n","protected":false},"excerpt":{"rendered":"<p>Liebe Alumni, heute senden wir euch eine Einladung von Raphael Meyke. F\u00fcr alle kulturweitler gibt es einen Sonderrabatt! Viel Spa\u00df beim Lesen, euer kulturweit-Team. Hiermit laden wir alle Alumni von kulturweit sehr herzlich zum Kongress forumWHU 2013 unter dem Thema \u201eWho on Earth is Germany? Deutschlands Rolle in der Welt von Morgen\u201c vom 21.-23. November &hellip; <a href=\"https:\/\/kulturweit.blog\/kulturweit\/2013\/10\/08\/einladung-zum-forumwhu-2013-in-vallendar\/\" class=\"more-link\"><span class=\"screen-reader-text\">Einladung zum forumWHU 2013 in Vallendar<\/span> weiterlesen<\/a><\/p>\n","protected":false},"author":13,"featured_media":4985,"comment_status":"open","ping_status":"open","sticky":false,"template":"","format":"standard","meta":{"footnotes":""},"categories":[21],"tags":[],"class_list":["post-4984","post","type-post","status-publish","format-standard","has-post-thumbnail","hentry","category-allgemein"],"amp_enabled":true,"_links":{"self":[{"href":"https:\/\/kulturweit.blog\/kulturweit\/wp-json\/wp\/v2\/posts\/4984"}],"collection":[{"href":"https:\/\/kulturweit.blog\/kulturweit\/wp-json\/wp\/v2\/posts"}],"about":[{"href":"https:\/\/kulturweit.blog\/kulturweit\/wp-json\/wp\/v2\/types\/post"}],"author":[{"embeddable":true,"href":"https:\/\/kulturweit.blog\/kulturweit\/wp-json\/wp\/v2\/users\/13"}],"replies":[{"embeddable":true,"href":"https:\/\/kulturweit.blog\/kulturweit\/wp-json\/wp\/v2\/comments?post=4984"}],"version-history":[{"count":0,"href":"https:\/\/kulturweit.blog\/kulturweit\/wp-json\/wp\/v2\/posts\/4984\/revisions"}],"wp:featuredmedia":[{"embeddable":true,"href":"https:\/\/kulturweit.blog\/kulturweit\/wp-json\/"}],"wp:attachment":[{"href":"https:\/\/kulturweit.blog\/kulturweit\/wp-json\/wp\/v2\/media?parent=4984"}],"wp:term":[{"taxonomy":"category","embeddable":true,"href":"https:\/\/kulturweit.blog\/kulturweit\/wp-json\/wp\/v2\/categories?post=4984"},{"taxonomy":"post_tag","embeddable":true,"href":"https:\/\/kulturweit.blog\/kulturweit\/wp-json\/wp\/v2\/tags?post=4984"}],"curies":[{"name":"wp","href":"https:\/\/api.w.org\/{rel}","templated":true}]}}