{"id":4920,"date":"2013-07-01T10:12:49","date_gmt":"2013-07-01T10:12:49","guid":{"rendered":"http:\/\/mazunga.de\/?p=4920"},"modified":"2013-07-01T10:12:49","modified_gmt":"2013-07-01T10:12:49","slug":"4920","status":"publish","type":"post","link":"https:\/\/kulturweit.blog\/kulturweit\/2013\/07\/01\/4920\/","title":{"rendered":"Stellenausschreibung der Akademie f\u00fcr Nachhaltige Entwicklung Mecklenburg-Vorpommern"},"content":{"rendered":"<p><strong><a href=\"http:\/\/mazunga.de\/wp-content\/uploads\/2013\/07\/BNE-Zertifizierung_Stellenausschreibung_web.pdf\">STELLENAUSSCHREIBUNG \u201eBildung f\u00fcr Nachhaltige Entwicklung\u201c &amp; BNE-Zertifizierung<\/a> der Akademie f\u00fcr Nachhaltige Entwicklung Mecklenburg-Vorpommern<\/strong><\/p>\n<p><em>Wir suchen<\/em><br \/>\n<em>Eine\/n engagierte\/n Mitarbeiter\/in, die\/der den Bereich \u201eBildung f\u00fcr Nachhaltige Entwicklung\u201c<\/em><br \/>\n<em>bei der Akademie f\u00fcr Nachhaltige Entwicklung Mecklenburg-Vorpommern (ANE) verst\u00e4rkt<\/em><br \/>\n<em>und hier v.a. die Arbeiten rund um die BNE-Zertifizierung koordiniert und \u00fcbernimmt.<\/em><\/p>\n<p><em>Bei Interesse richten Sie Ihre schriftliche Bewerbung bitte an:<\/em><br \/>\n<em> Akademie f\u00fcr Nachhaltige Entwicklung Mecklenburg-Vorpommern<\/em><br \/>\n<em> Neue Wallstr. 12, 18273 G\u00fcstrow<\/em><br \/>\n<em> F\u00fcr Fragen steht Ihnen gern zur Verf\u00fcgung:<\/em><br \/>\n<em> Henrik Manthey \/\/ Tel. 03843-776905 :: 0173-2666469 \/\/ E-Mail: h.manthey@fane-mv-ev.de<\/em><br \/>\n<em> Die Bewerbungsgespr\u00e4che werden Anfang August 2013 stattfinden.<\/em><br \/>\n<em> Bewerbungsschluss ist der 25.07.2013.<\/em><\/p>\n","protected":false},"excerpt":{"rendered":"<p>STELLENAUSSCHREIBUNG \u201eBildung f\u00fcr Nachhaltige Entwicklung\u201c &amp; BNE-Zertifizierung der Akademie f\u00fcr Nachhaltige Entwicklung Mecklenburg-Vorpommern Wir suchen Eine\/n engagierte\/n Mitarbeiter\/in, die\/der den Bereich \u201eBildung f\u00fcr Nachhaltige Entwicklung\u201c bei der Akademie f\u00fcr Nachhaltige Entwicklung Mecklenburg-Vorpommern (ANE) verst\u00e4rkt und hier v.a. die Arbeiten rund um die BNE-Zertifizierung koordiniert und \u00fcbernimmt. Bei Interesse richten Sie Ihre schriftliche Bewerbung bitte an: &hellip; <a href=\"https:\/\/kulturweit.blog\/kulturweit\/2013\/07\/01\/4920\/\" class=\"more-link\"><span class=\"screen-reader-text\">Stellenausschreibung der Akademie f\u00fcr Nachhaltige Entwicklung Mecklenburg-Vorpommern<\/span> weiterlesen<\/a><\/p>\n","protected":false},"author":13,"featured_media":0,"comment_status":"open","ping_status":"open","sticky":false,"template":"","format":"standard","meta":{"footnotes":""},"categories":[21],"tags":[],"class_list":["post-4920","post","type-post","status-publish","format-standard","hentry","category-allgemein"],"amp_enabled":true,"_links":{"self":[{"href":"https:\/\/kulturweit.blog\/kulturweit\/wp-json\/wp\/v2\/posts\/4920"}],"collection":[{"href":"https:\/\/kulturweit.blog\/kulturweit\/wp-json\/wp\/v2\/posts"}],"about":[{"href":"https:\/\/kulturweit.blog\/kulturweit\/wp-json\/wp\/v2\/types\/post"}],"author":[{"embeddable":true,"href":"https:\/\/kulturweit.blog\/kulturweit\/wp-json\/wp\/v2\/users\/13"}],"replies":[{"embeddable":true,"href":"https:\/\/kulturweit.blog\/kulturweit\/wp-json\/wp\/v2\/comments?post=4920"}],"version-history":[{"count":0,"href":"https:\/\/kulturweit.blog\/kulturweit\/wp-json\/wp\/v2\/posts\/4920\/revisions"}],"wp:attachment":[{"href":"https:\/\/kulturweit.blog\/kulturweit\/wp-json\/wp\/v2\/media?parent=4920"}],"wp:term":[{"taxonomy":"category","embeddable":true,"href":"https:\/\/kulturweit.blog\/kulturweit\/wp-json\/wp\/v2\/categories?post=4920"},{"taxonomy":"post_tag","embeddable":true,"href":"https:\/\/kulturweit.blog\/kulturweit\/wp-json\/wp\/v2\/tags?post=4920"}],"curies":[{"name":"wp","href":"https:\/\/api.w.org\/{rel}","templated":true}]}}