{"id":4668,"date":"2012-11-16T12:49:43","date_gmt":"2012-11-16T12:49:43","guid":{"rendered":"http:\/\/mazunga.de\/?p=4668"},"modified":"2012-11-16T12:49:43","modified_gmt":"2012-11-16T12:49:43","slug":"stellenausschreibung-fur-einen-beschaftigten-im-burodienst-des-padagogischen-austauschdienstes","status":"publish","type":"post","link":"https:\/\/kulturweit.blog\/kulturweit\/2012\/11\/16\/stellenausschreibung-fur-einen-beschaftigten-im-burodienst-des-padagogischen-austauschdienstes\/","title":{"rendered":"Stellenausschreibung f\u00fcr eine\/n Besch\u00e4ftigte\/n im B\u00fcrodienst des P\u00e4dagogischen Austauschdienstes"},"content":{"rendered":"<p>&nbsp;<\/p>\n<p>Beim <strong><span style=\"text-decoration: underline\">Sekretariat der St\u00e4ndigen Konferenz der Kultusminister der L\u00e4nder in der Bundesrepublik Deutschland<\/span><\/strong> ist beim P\u00e4dagogischen Austauschdienst zum 07.01.2013 am <strong>Dienstort Bonn<\/strong> die Stelle einer\/eines<\/p>\n<p>&nbsp;<\/p>\n<p><strong>Besch\u00e4ftigten im B\u00fcrodienst<\/strong><\/p>\n<p><strong>f\u00fcr das Referat VC<\/strong><\/p>\n<p><strong>\u201eFort- und Weiterbildung f\u00fcr Lehrkr\u00e4fte, Freiwilligenprogramm kulturweit\u201c<\/strong><\/p>\n<p><strong>mit 50% der Wochenarbeitszeit (derzeit 19,5 Stunden)<\/strong><\/p>\n<p>Bezahlung nach Entg.Gr. 5 TV\u00f6D<\/p>\n<p>&nbsp;<\/p>\n<p>zun\u00e4chst befristet f\u00fcr 6 Monate zu besetzen.<\/p>\n<p>&nbsp;<\/p>\n<p>Der P\u00e4dagogische Austauschdienst (PAD) der Kultusministerkonferenz ist im Auftrag der L\u00e4nder f\u00fcr die Umsetzung europ\u00e4ischer und internationaler Austauschma\u00dfnahmen f\u00fcr den Schulbereich t\u00e4tig. Ausf\u00fchrliche Informationen zum PAD finden Sie unter <a href=\"http:\/\/www.kmk-pad.org\/\" target=\"_blank\">http:\/\/www.kmk-pad.org\/<\/a>.<\/p>\n<p>&nbsp;<\/p>\n<p>Schwerpunkt der Aufgabenwahrnehmung ist:<\/p>\n<ul>\n<li>die Mitarbeit bei der Administration des Freiwilligenprogramms \u201ekulturweit\u201c und der \u00a0\u00a0\u00a0\u00a0Fort- und Weiterbildungsprogramme f\u00fcr Lehrkr\u00e4fte beim PAD, insbesondere:<\/li>\n<li>Zusammenstellung der Unterlagen f\u00fcr die Auswahlgespr\u00e4che<\/li>\n<li>Bearbeiten telefonischer und schriftlicher Anfragen<\/li>\n<li>Betreuung der Bewerberinnen und Bewerber bei den Auswahlgespr\u00e4chen<\/li>\n<li>Mithilfe bei der Nachbereitung der Auswahlgespr\u00e4che<\/li>\n<li>Mithilfe beim Bewerbungsverfahren der Einsatzstellen<\/li>\n<li>Mithilfe bei der Vorbereitung von Tagungen<\/li>\n<li>Eingabe der Daten von Bewerberinnen und Bewerbern sowie Schulen<\/li>\n<li>Mitarbeit bei der Auswertung der Evaluationsergebnisse<\/li>\n<\/ul>\n<p>&nbsp;<\/p>\n<p>Wir erwarten<\/p>\n<ul>\n<li>Interesse an der Arbeit des P\u00e4dagogischen Austauschdienstes, insbesondere am<br \/>\nFreiwilligenprogramm \u201ekulturweit\u201c<\/li>\n<li>Sehr gute kommunikative F\u00e4higkeiten<\/li>\n<li>Gute Kenntnisse im Umgang mit MS Office<\/li>\n<\/ul>\n<p>&nbsp;<\/p>\n<p>Bei Interesse senden Sie bitte bis zum <strong>30.11.2012<\/strong> eine Kurzbewerbung (Anschreiben, Lebenslauf) mit Angaben zu Ihren relevanten Erfahrungen und Qualifikationen an <a href=\"mailto:Lisa.Hansen@kmk.org\">Lisa.Hansen@kmk.org<\/a>.<\/p>\n","protected":false},"excerpt":{"rendered":"<p>&nbsp; Beim Sekretariat der St\u00e4ndigen Konferenz der Kultusminister der L\u00e4nder in der Bundesrepublik Deutschland ist beim P\u00e4dagogischen Austauschdienst zum 07.01.2013 am Dienstort Bonn die Stelle einer\/eines &nbsp; Besch\u00e4ftigten im B\u00fcrodienst f\u00fcr das Referat VC \u201eFort- und Weiterbildung f\u00fcr Lehrkr\u00e4fte, Freiwilligenprogramm kulturweit\u201c mit 50% der Wochenarbeitszeit (derzeit 19,5 Stunden) Bezahlung nach Entg.Gr. 5 TV\u00f6D &nbsp; zun\u00e4chst &hellip; <a href=\"https:\/\/kulturweit.blog\/kulturweit\/2012\/11\/16\/stellenausschreibung-fur-einen-beschaftigten-im-burodienst-des-padagogischen-austauschdienstes\/\" class=\"more-link\"><span class=\"screen-reader-text\">Stellenausschreibung f\u00fcr eine\/n Besch\u00e4ftigte\/n im B\u00fcrodienst des P\u00e4dagogischen Austauschdienstes<\/span> weiterlesen<\/a><\/p>\n","protected":false},"author":13,"featured_media":4684,"comment_status":"open","ping_status":"open","sticky":false,"template":"","format":"standard","meta":{"footnotes":""},"categories":[21],"tags":[],"class_list":["post-4668","post","type-post","status-publish","format-standard","has-post-thumbnail","hentry","category-allgemein"],"amp_enabled":true,"_links":{"self":[{"href":"https:\/\/kulturweit.blog\/kulturweit\/wp-json\/wp\/v2\/posts\/4668"}],"collection":[{"href":"https:\/\/kulturweit.blog\/kulturweit\/wp-json\/wp\/v2\/posts"}],"about":[{"href":"https:\/\/kulturweit.blog\/kulturweit\/wp-json\/wp\/v2\/types\/post"}],"author":[{"embeddable":true,"href":"https:\/\/kulturweit.blog\/kulturweit\/wp-json\/wp\/v2\/users\/13"}],"replies":[{"embeddable":true,"href":"https:\/\/kulturweit.blog\/kulturweit\/wp-json\/wp\/v2\/comments?post=4668"}],"version-history":[{"count":0,"href":"https:\/\/kulturweit.blog\/kulturweit\/wp-json\/wp\/v2\/posts\/4668\/revisions"}],"wp:featuredmedia":[{"embeddable":true,"href":"https:\/\/kulturweit.blog\/kulturweit\/wp-json\/"}],"wp:attachment":[{"href":"https:\/\/kulturweit.blog\/kulturweit\/wp-json\/wp\/v2\/media?parent=4668"}],"wp:term":[{"taxonomy":"category","embeddable":true,"href":"https:\/\/kulturweit.blog\/kulturweit\/wp-json\/wp\/v2\/categories?post=4668"},{"taxonomy":"post_tag","embeddable":true,"href":"https:\/\/kulturweit.blog\/kulturweit\/wp-json\/wp\/v2\/tags?post=4668"}],"curies":[{"name":"wp","href":"https:\/\/api.w.org\/{rel}","templated":true}]}}