{"id":4453,"date":"2012-07-06T09:50:47","date_gmt":"2012-07-06T09:50:47","guid":{"rendered":"http:\/\/mazunga.de\/?p=4453"},"modified":"2012-07-06T09:50:47","modified_gmt":"2012-07-06T09:50:47","slug":"umfrage-zum-thema-auslandsaufenthalte-was-seitdem-geschah","status":"publish","type":"post","link":"https:\/\/kulturweit.blog\/kulturweit\/2012\/07\/06\/umfrage-zum-thema-auslandsaufenthalte-was-seitdem-geschah\/","title":{"rendered":"Umfrage zum Thema: &#8222;Auslandsaufenthalte&#8230; was seitdem geschah&#8220;"},"content":{"rendered":"<p><em>Anbei eine Bitte zur Teilnahme an einer Umfrage zum Thema &#8222;Auslandsaufenthalte&#8230;. was seitdem geschah&#8220; &#8211; im Rahmen einer Masterarbeit an der Leibniz Universit\u00e4t Hannover:<\/em><\/p>\n<p style=\"text-align: left\"><strong>Liebe Ehemaligen des Freiwilligendienstes &#8222;Kulturweit&#8220;<\/strong><\/p>\n<p style=\"text-align: left\" align=\"center\">im Rahmen meiner Masterarbeit f\u00fchre ich eine Umfrage zum Thema: &#8222;Auslandsaufenthalte&#8230;. was seitdem geschah&#8220; durch. Hierf\u00fcr bitte ich dich, nachfolgendem Link zu folgen und<strong><span style=\"text-decoration: underline\"> bis zum 23. Juli 2012 <\/span><\/strong>den Fragebogen zu beantworten. Es dauert ca.<strong><span style=\"text-decoration: underline\"> 10 &#8211; 15 Minuten<\/span><\/strong>.\u00a0 Deine Teilnahme ist nat\u00fcrlich freiwillig und die Daten werden anonym behandelt. Du w\u00fcrdest mir sehr helfen.<\/p>\n<p style=\"text-align: center\" align=\"center\"><a href=\"http:\/\/www.q-set.de\/q-set.php?sCode=YWYTPZCWKYTJ\">http:\/\/www.q-set.de\/q-set.php?sCode=YWYTPZCWKYTJ<\/a><\/p>\n<p style=\"text-align: left\"><strong><span style=\"text-decoration: underline\">Vielen Dank<\/span><\/strong> schonmal im Voraus.<\/p>\n<p style=\"text-align: left\">Liebe Gr\u00fc\u00dfe<\/p>\n<p style=\"text-align: left\">Christina K\u00f6rber<\/p>\n","protected":false},"excerpt":{"rendered":"<p>Anbei eine Bitte zur Teilnahme an einer Umfrage zum Thema &#8222;Auslandsaufenthalte&#8230;. was seitdem geschah&#8220; &#8211; im Rahmen einer Masterarbeit an der Leibniz Universit\u00e4t Hannover: Liebe Ehemaligen des Freiwilligendienstes &#8222;Kulturweit&#8220; im Rahmen meiner Masterarbeit f\u00fchre ich eine Umfrage zum Thema: &#8222;Auslandsaufenthalte&#8230;. was seitdem geschah&#8220; durch. Hierf\u00fcr bitte ich dich, nachfolgendem Link zu folgen und bis zum &hellip; <a href=\"https:\/\/kulturweit.blog\/kulturweit\/2012\/07\/06\/umfrage-zum-thema-auslandsaufenthalte-was-seitdem-geschah\/\" class=\"more-link\"><span class=\"screen-reader-text\">Umfrage zum Thema: &#8222;Auslandsaufenthalte&#8230; was seitdem geschah&#8220;<\/span> weiterlesen<\/a><\/p>\n","protected":false},"author":13,"featured_media":0,"comment_status":"open","ping_status":"open","sticky":false,"template":"","format":"standard","meta":{"footnotes":""},"categories":[21],"tags":[],"class_list":["post-4453","post","type-post","status-publish","format-standard","hentry","category-allgemein"],"amp_enabled":true,"_links":{"self":[{"href":"https:\/\/kulturweit.blog\/kulturweit\/wp-json\/wp\/v2\/posts\/4453"}],"collection":[{"href":"https:\/\/kulturweit.blog\/kulturweit\/wp-json\/wp\/v2\/posts"}],"about":[{"href":"https:\/\/kulturweit.blog\/kulturweit\/wp-json\/wp\/v2\/types\/post"}],"author":[{"embeddable":true,"href":"https:\/\/kulturweit.blog\/kulturweit\/wp-json\/wp\/v2\/users\/13"}],"replies":[{"embeddable":true,"href":"https:\/\/kulturweit.blog\/kulturweit\/wp-json\/wp\/v2\/comments?post=4453"}],"version-history":[{"count":0,"href":"https:\/\/kulturweit.blog\/kulturweit\/wp-json\/wp\/v2\/posts\/4453\/revisions"}],"wp:attachment":[{"href":"https:\/\/kulturweit.blog\/kulturweit\/wp-json\/wp\/v2\/media?parent=4453"}],"wp:term":[{"taxonomy":"category","embeddable":true,"href":"https:\/\/kulturweit.blog\/kulturweit\/wp-json\/wp\/v2\/categories?post=4453"},{"taxonomy":"post_tag","embeddable":true,"href":"https:\/\/kulturweit.blog\/kulturweit\/wp-json\/wp\/v2\/tags?post=4453"}],"curies":[{"name":"wp","href":"https:\/\/api.w.org\/{rel}","templated":true}]}}