{"id":820,"date":"2012-01-09T22:11:53","date_gmt":"2012-01-09T14:11:53","guid":{"rendered":"https:\/\/kulturweit.blog\/johannasmongolei\/?p=820"},"modified":"2012-06-05T13:06:56","modified_gmt":"2012-06-05T05:06:56","slug":"terelj-nationalpark","status":"publish","type":"post","link":"https:\/\/kulturweit.blog\/johannasmongolei\/2012\/01\/09\/terelj-nationalpark\/","title":{"rendered":"Terelj-Nationalpark"},"content":{"rendered":"<p style=\"text-align: justify\">Mein erster Ausflug aufs Land &#8211; endlich! Am Sonntag machten Sebastian und ich uns mit seiner Mentorin Zezegmaa auf\u00a0 zum Gorkhi-Terelj-Nationalpark. Dieser liegt ca. 1,5h Autofahrt von Ulaanbaatar entfernt. In dieser Region soll Chinggis Khaan geboren worden sein. Nur kleine Teile sind bewohnt oder touristisch erschlossen, der Gro\u00dfteil ist einfach unber\u00fchrte Natur. Eine Attraktion ist ein Fels, der wie eine Schildkr\u00f6te aussieht. Ich kann es nicht richtig beschreiben, es hat mir dort aber sehr gut gefallen.<\/p>\n<p style=\"text-align: justify\">Wir besuchten auch\u00a0 eine Nomadenfamilie in ihrer Jurte. Die Nomaden haben zur Zeit ihre Winterlager aufgebaut, diese haben unter anderem einen Stall f\u00fcr die Tiere und eine Au\u00dfentoilette. In der mit Holz beheizten Jurte war es recht warm und sehr sch\u00f6n und bunt eingerichtet.<\/p>\n<p style=\"text-align: justify\">Au\u00dferdem fuhren wir noch zum Reiterstandbild des Chinggis Khaan. Es ist an dem Ort errichtet, wo Chinggis Khaan angeblich seine goldene Reitgerte gefunden hat. Mit 40 Metern ist es das h\u00f6chste Reiterstandbild der Welt! Sehr beeindruckend.<\/p>\n<p style=\"text-align: justify\">Danach waren wir in der Kleinstadt Nalaikh bei Zezegmaas Bruder zum Abendessen eingeladen &#8211; lecker, lecker! =)<\/p>\n\n\t\t<style type=\"text\/css\">\n\t\t\t#gallery-1 {\n\t\t\t\tmargin: auto;\n\t\t\t}\n\t\t\t#gallery-1 .gallery-item {\n\t\t\t\tfloat: left;\n\t\t\t\tmargin-top: 10px;\n\t\t\t\ttext-align: center;\n\t\t\t\twidth: 25%;\n\t\t\t}\n\t\t\t#gallery-1 img {\n\t\t\t\tborder: 2px solid #cfcfcf;\n\t\t\t}\n\t\t\t#gallery-1 .gallery-caption {\n\t\t\t\tmargin-left: 0;\n\t\t\t}\n\t\t\t\/* see gallery_shortcode() in wp-includes\/media.php *\/\n\t\t<\/style>\n\t\t<div id='gallery-1' class='gallery galleryid-820 gallery-columns-4 gallery-size-thumbnail'><dl class='gallery-item'>\n\t\t\t<dt class='gallery-icon landscape'>\n\t\t\t\t<a href='https:\/\/kulturweit.blog\/johannasmongolei\/2012\/01\/09\/terelj-nationalpark\/dsc_0362\/'><img loading=\"lazy\" decoding=\"async\" width=\"150\" height=\"150\" src=\"https:\/\/kulturweit.blog\/johannasmongolei\/files\/2012\/01\/DSC_0362-150x150.jpg\" class=\"attachment-thumbnail size-thumbnail\" alt=\"\" \/><\/a>\n\t\t\t<\/dt><\/dl><dl class='gallery-item'>\n\t\t\t<dt class='gallery-icon landscape'>\n\t\t\t\t<a href='https:\/\/kulturweit.blog\/johannasmongolei\/2012\/01\/09\/terelj-nationalpark\/dsc_0368\/'><img loading=\"lazy\" decoding=\"async\" width=\"150\" height=\"150\" src=\"https:\/\/kulturweit.blog\/johannasmongolei\/files\/2012\/01\/DSC_0368-150x150.jpg\" class=\"attachment-thumbnail size-thumbnail\" alt=\"\" \/><\/a>\n\t\t\t<\/dt><\/dl><dl class='gallery-item'>\n\t\t\t<dt class='gallery-icon landscape'>\n\t\t\t\t<a href='https:\/\/kulturweit.blog\/johannasmongolei\/2012\/01\/09\/terelj-nationalpark\/dsc_0387-2\/'><img loading=\"lazy\" decoding=\"async\" width=\"150\" height=\"150\" src=\"https:\/\/kulturweit.blog\/johannasmongolei\/files\/2012\/01\/DSC_03871-150x150.jpg\" class=\"attachment-thumbnail size-thumbnail\" alt=\"\" \/><\/a>\n\t\t\t<\/dt><\/dl><dl class='gallery-item'>\n\t\t\t<dt class='gallery-icon landscape'>\n\t\t\t\t<a href='https:\/\/kulturweit.blog\/johannasmongolei\/2012\/01\/09\/terelj-nationalpark\/dsc_0391\/'><img loading=\"lazy\" decoding=\"async\" width=\"150\" height=\"150\" src=\"https:\/\/kulturweit.blog\/johannasmongolei\/files\/2012\/01\/DSC_0391-150x150.jpg\" class=\"attachment-thumbnail size-thumbnail\" alt=\"\" \/><\/a>\n\t\t\t<\/dt><\/dl><br style=\"clear: both\" \/><dl class='gallery-item'>\n\t\t\t<dt class='gallery-icon landscape'>\n\t\t\t\t<a href='https:\/\/kulturweit.blog\/johannasmongolei\/2012\/01\/09\/terelj-nationalpark\/dsc_0423-2\/'><img loading=\"lazy\" decoding=\"async\" width=\"150\" height=\"150\" src=\"https:\/\/kulturweit.blog\/johannasmongolei\/files\/2012\/01\/DSC_0423-150x150.jpg\" class=\"attachment-thumbnail size-thumbnail\" alt=\"\" \/><\/a>\n\t\t\t<\/dt><\/dl><dl class='gallery-item'>\n\t\t\t<dt class='gallery-icon portrait'>\n\t\t\t\t<a href='https:\/\/kulturweit.blog\/johannasmongolei\/2012\/01\/09\/terelj-nationalpark\/p1060622\/'><img loading=\"lazy\" decoding=\"async\" width=\"150\" height=\"150\" src=\"https:\/\/kulturweit.blog\/johannasmongolei\/files\/2012\/01\/P1060622-150x150.jpg\" class=\"attachment-thumbnail size-thumbnail\" alt=\"\" \/><\/a>\n\t\t\t<\/dt><\/dl><dl class='gallery-item'>\n\t\t\t<dt class='gallery-icon landscape'>\n\t\t\t\t<a href='https:\/\/kulturweit.blog\/johannasmongolei\/2012\/01\/09\/terelj-nationalpark\/p1060623\/'><img loading=\"lazy\" decoding=\"async\" width=\"150\" height=\"150\" src=\"https:\/\/kulturweit.blog\/johannasmongolei\/files\/2012\/01\/P1060623-150x150.jpg\" class=\"attachment-thumbnail size-thumbnail\" alt=\"\" \/><\/a>\n\t\t\t<\/dt><\/dl><dl class='gallery-item'>\n\t\t\t<dt class='gallery-icon landscape'>\n\t\t\t\t<a href='https:\/\/kulturweit.blog\/johannasmongolei\/2012\/01\/09\/terelj-nationalpark\/p1060626\/'><img loading=\"lazy\" decoding=\"async\" width=\"150\" height=\"150\" src=\"https:\/\/kulturweit.blog\/johannasmongolei\/files\/2012\/01\/P1060626-150x150.jpg\" class=\"attachment-thumbnail size-thumbnail\" alt=\"\" \/><\/a>\n\t\t\t<\/dt><\/dl><br style=\"clear: both\" \/><dl class='gallery-item'>\n\t\t\t<dt class='gallery-icon landscape'>\n\t\t\t\t<a href='https:\/\/kulturweit.blog\/johannasmongolei\/2012\/01\/09\/terelj-nationalpark\/p1060632\/'><img loading=\"lazy\" decoding=\"async\" width=\"150\" height=\"150\" src=\"https:\/\/kulturweit.blog\/johannasmongolei\/files\/2012\/01\/P1060632-150x150.jpg\" class=\"attachment-thumbnail size-thumbnail\" alt=\"\" \/><\/a>\n\t\t\t<\/dt><\/dl><dl class='gallery-item'>\n\t\t\t<dt class='gallery-icon landscape'>\n\t\t\t\t<a href='https:\/\/kulturweit.blog\/johannasmongolei\/2012\/01\/09\/terelj-nationalpark\/p1060635\/'><img loading=\"lazy\" decoding=\"async\" width=\"150\" height=\"150\" src=\"https:\/\/kulturweit.blog\/johannasmongolei\/files\/2012\/01\/P1060635-150x150.jpg\" class=\"attachment-thumbnail size-thumbnail\" alt=\"\" \/><\/a>\n\t\t\t<\/dt><\/dl><dl class='gallery-item'>\n\t\t\t<dt class='gallery-icon landscape'>\n\t\t\t\t<a href='https:\/\/kulturweit.blog\/johannasmongolei\/2012\/01\/09\/terelj-nationalpark\/p1060637\/'><img loading=\"lazy\" decoding=\"async\" width=\"150\" height=\"150\" src=\"https:\/\/kulturweit.blog\/johannasmongolei\/files\/2012\/01\/P1060637-150x150.jpg\" class=\"attachment-thumbnail size-thumbnail\" alt=\"\" \/><\/a>\n\t\t\t<\/dt><\/dl><dl class='gallery-item'>\n\t\t\t<dt class='gallery-icon landscape'>\n\t\t\t\t<a href='https:\/\/kulturweit.blog\/johannasmongolei\/2012\/01\/09\/terelj-nationalpark\/p1060641\/'><img loading=\"lazy\" decoding=\"async\" width=\"150\" height=\"150\" src=\"https:\/\/kulturweit.blog\/johannasmongolei\/files\/2012\/01\/P1060641-150x150.jpg\" class=\"attachment-thumbnail size-thumbnail\" alt=\"\" \/><\/a>\n\t\t\t<\/dt><\/dl><br style=\"clear: both\" \/><dl class='gallery-item'>\n\t\t\t<dt class='gallery-icon landscape'>\n\t\t\t\t<a href='https:\/\/kulturweit.blog\/johannasmongolei\/2012\/01\/09\/terelj-nationalpark\/p1060644\/'><img loading=\"lazy\" decoding=\"async\" width=\"150\" height=\"150\" src=\"https:\/\/kulturweit.blog\/johannasmongolei\/files\/2012\/01\/P1060644-150x150.jpg\" class=\"attachment-thumbnail size-thumbnail\" alt=\"\" \/><\/a>\n\t\t\t<\/dt><\/dl><dl class='gallery-item'>\n\t\t\t<dt class='gallery-icon landscape'>\n\t\t\t\t<a href='https:\/\/kulturweit.blog\/johannasmongolei\/2012\/01\/09\/terelj-nationalpark\/p1060651\/'><img loading=\"lazy\" decoding=\"async\" width=\"150\" height=\"150\" src=\"https:\/\/kulturweit.blog\/johannasmongolei\/files\/2012\/01\/P1060651-150x150.jpg\" class=\"attachment-thumbnail size-thumbnail\" alt=\"\" \/><\/a>\n\t\t\t<\/dt><\/dl><dl class='gallery-item'>\n\t\t\t<dt class='gallery-icon landscape'>\n\t\t\t\t<a href='https:\/\/kulturweit.blog\/johannasmongolei\/2012\/01\/09\/terelj-nationalpark\/p1060653\/'><img loading=\"lazy\" decoding=\"async\" width=\"150\" height=\"150\" src=\"https:\/\/kulturweit.blog\/johannasmongolei\/files\/2012\/01\/P1060653-150x150.jpg\" class=\"attachment-thumbnail size-thumbnail\" alt=\"\" \/><\/a>\n\t\t\t<\/dt><\/dl><dl class='gallery-item'>\n\t\t\t<dt class='gallery-icon landscape'>\n\t\t\t\t<a href='https:\/\/kulturweit.blog\/johannasmongolei\/2012\/01\/09\/terelj-nationalpark\/p1060657\/'><img loading=\"lazy\" decoding=\"async\" width=\"150\" height=\"150\" src=\"https:\/\/kulturweit.blog\/johannasmongolei\/files\/2012\/01\/P1060657-150x150.jpg\" class=\"attachment-thumbnail size-thumbnail\" alt=\"\" \/><\/a>\n\t\t\t<\/dt><\/dl><br style=\"clear: both\" \/><dl class='gallery-item'>\n\t\t\t<dt class='gallery-icon landscape'>\n\t\t\t\t<a href='https:\/\/kulturweit.blog\/johannasmongolei\/2012\/01\/09\/terelj-nationalpark\/p1060658\/'><img loading=\"lazy\" decoding=\"async\" width=\"150\" height=\"150\" src=\"https:\/\/kulturweit.blog\/johannasmongolei\/files\/2012\/01\/P1060658-150x150.jpg\" class=\"attachment-thumbnail size-thumbnail\" alt=\"\" \/><\/a>\n\t\t\t<\/dt><\/dl><dl class='gallery-item'>\n\t\t\t<dt class='gallery-icon landscape'>\n\t\t\t\t<a href='https:\/\/kulturweit.blog\/johannasmongolei\/2012\/01\/09\/terelj-nationalpark\/p1060660\/'><img loading=\"lazy\" decoding=\"async\" width=\"150\" height=\"150\" src=\"https:\/\/kulturweit.blog\/johannasmongolei\/files\/2012\/01\/P1060660-150x150.jpg\" class=\"attachment-thumbnail size-thumbnail\" alt=\"\" \/><\/a>\n\t\t\t<\/dt><\/dl><dl class='gallery-item'>\n\t\t\t<dt class='gallery-icon landscape'>\n\t\t\t\t<a href='https:\/\/kulturweit.blog\/johannasmongolei\/2012\/01\/09\/terelj-nationalpark\/p1060669\/'><img loading=\"lazy\" decoding=\"async\" width=\"150\" height=\"150\" src=\"https:\/\/kulturweit.blog\/johannasmongolei\/files\/2012\/01\/P1060669-150x150.jpg\" class=\"attachment-thumbnail size-thumbnail\" alt=\"\" \/><\/a>\n\t\t\t<\/dt><\/dl><dl class='gallery-item'>\n\t\t\t<dt class='gallery-icon landscape'>\n\t\t\t\t<a href='https:\/\/kulturweit.blog\/johannasmongolei\/2012\/01\/09\/terelj-nationalpark\/p1060670\/'><img loading=\"lazy\" decoding=\"async\" width=\"150\" height=\"150\" src=\"https:\/\/kulturweit.blog\/johannasmongolei\/files\/2012\/01\/P1060670-150x150.jpg\" class=\"attachment-thumbnail size-thumbnail\" alt=\"\" \/><\/a>\n\t\t\t<\/dt><\/dl><br style=\"clear: both\" \/><dl class='gallery-item'>\n\t\t\t<dt class='gallery-icon landscape'>\n\t\t\t\t<a href='https:\/\/kulturweit.blog\/johannasmongolei\/2012\/01\/09\/terelj-nationalpark\/p1060673\/'><img loading=\"lazy\" decoding=\"async\" width=\"150\" height=\"150\" src=\"https:\/\/kulturweit.blog\/johannasmongolei\/files\/2012\/01\/P1060673-150x150.jpg\" class=\"attachment-thumbnail size-thumbnail\" alt=\"\" \/><\/a>\n\t\t\t<\/dt><\/dl><dl class='gallery-item'>\n\t\t\t<dt class='gallery-icon landscape'>\n\t\t\t\t<a href='https:\/\/kulturweit.blog\/johannasmongolei\/2012\/01\/09\/terelj-nationalpark\/p1060676\/'><img loading=\"lazy\" decoding=\"async\" width=\"150\" height=\"150\" src=\"https:\/\/kulturweit.blog\/johannasmongolei\/files\/2012\/01\/P1060676-150x150.jpg\" class=\"attachment-thumbnail size-thumbnail\" alt=\"\" \/><\/a>\n\t\t\t<\/dt><\/dl><dl class='gallery-item'>\n\t\t\t<dt class='gallery-icon landscape'>\n\t\t\t\t<a href='https:\/\/kulturweit.blog\/johannasmongolei\/2012\/01\/09\/terelj-nationalpark\/p1060677\/'><img loading=\"lazy\" decoding=\"async\" width=\"150\" height=\"150\" src=\"https:\/\/kulturweit.blog\/johannasmongolei\/files\/2012\/01\/P1060677-150x150.jpg\" class=\"attachment-thumbnail size-thumbnail\" alt=\"\" \/><\/a>\n\t\t\t<\/dt><\/dl><dl class='gallery-item'>\n\t\t\t<dt class='gallery-icon landscape'>\n\t\t\t\t<a href='https:\/\/kulturweit.blog\/johannasmongolei\/2012\/01\/09\/terelj-nationalpark\/p1060680\/'><img loading=\"lazy\" decoding=\"async\" width=\"150\" height=\"150\" src=\"https:\/\/kulturweit.blog\/johannasmongolei\/files\/2012\/01\/P1060680-150x150.jpg\" class=\"attachment-thumbnail size-thumbnail\" alt=\"\" \/><\/a>\n\t\t\t<\/dt><\/dl><br style=\"clear: both\" \/><dl class='gallery-item'>\n\t\t\t<dt class='gallery-icon portrait'>\n\t\t\t\t<a href='https:\/\/kulturweit.blog\/johannasmongolei\/2012\/01\/09\/terelj-nationalpark\/p1060684\/'><img loading=\"lazy\" decoding=\"async\" width=\"150\" height=\"150\" src=\"https:\/\/kulturweit.blog\/johannasmongolei\/files\/2012\/01\/P1060684-150x150.jpg\" class=\"attachment-thumbnail size-thumbnail\" alt=\"\" \/><\/a>\n\t\t\t<\/dt><\/dl><dl class='gallery-item'>\n\t\t\t<dt class='gallery-icon landscape'>\n\t\t\t\t<a href='https:\/\/kulturweit.blog\/johannasmongolei\/2012\/01\/09\/terelj-nationalpark\/p1060690\/'><img loading=\"lazy\" decoding=\"async\" width=\"150\" height=\"150\" src=\"https:\/\/kulturweit.blog\/johannasmongolei\/files\/2012\/01\/P1060690-150x150.jpg\" class=\"attachment-thumbnail size-thumbnail\" alt=\"\" \/><\/a>\n\t\t\t<\/dt><\/dl><dl class='gallery-item'>\n\t\t\t<dt class='gallery-icon landscape'>\n\t\t\t\t<a href='https:\/\/kulturweit.blog\/johannasmongolei\/2012\/01\/09\/terelj-nationalpark\/p1060691\/'><img loading=\"lazy\" decoding=\"async\" width=\"150\" height=\"150\" src=\"https:\/\/kulturweit.blog\/johannasmongolei\/files\/2012\/01\/P1060691-150x150.jpg\" class=\"attachment-thumbnail size-thumbnail\" alt=\"\" \/><\/a>\n\t\t\t<\/dt><\/dl><dl class='gallery-item'>\n\t\t\t<dt class='gallery-icon landscape'>\n\t\t\t\t<a href='https:\/\/kulturweit.blog\/johannasmongolei\/2012\/01\/09\/terelj-nationalpark\/p1060693\/'><img loading=\"lazy\" decoding=\"async\" width=\"150\" height=\"150\" src=\"https:\/\/kulturweit.blog\/johannasmongolei\/files\/2012\/01\/P1060693-150x150.jpg\" class=\"attachment-thumbnail size-thumbnail\" alt=\"\" \/><\/a>\n\t\t\t<\/dt><\/dl><br style=\"clear: both\" \/>\n\t\t<\/div>\n\n","protected":false},"excerpt":{"rendered":"<p>Mein erster Ausflug aufs Land &#8211; endlich! Am Sonntag machten Sebastian und ich uns mit&hellip;<\/p>\n","protected":false},"author":631,"featured_media":865,"comment_status":"open","ping_status":"open","sticky":false,"template":"","format":"standard","meta":{"footnotes":""},"categories":[341,563],"tags":[],"class_list":["post-820","post","type-post","status-publish","format-standard","has-post-thumbnail","hentry","category-ausflug","category-erlebnis"],"amp_enabled":true,"_links":{"self":[{"href":"https:\/\/kulturweit.blog\/johannasmongolei\/wp-json\/wp\/v2\/posts\/820"}],"collection":[{"href":"https:\/\/kulturweit.blog\/johannasmongolei\/wp-json\/wp\/v2\/posts"}],"about":[{"href":"https:\/\/kulturweit.blog\/johannasmongolei\/wp-json\/wp\/v2\/types\/post"}],"author":[{"embeddable":true,"href":"https:\/\/kulturweit.blog\/johannasmongolei\/wp-json\/wp\/v2\/users\/631"}],"replies":[{"embeddable":true,"href":"https:\/\/kulturweit.blog\/johannasmongolei\/wp-json\/wp\/v2\/comments?post=820"}],"version-history":[{"count":1,"href":"https:\/\/kulturweit.blog\/johannasmongolei\/wp-json\/wp\/v2\/posts\/820\/revisions"}],"predecessor-version":[{"id":849,"href":"https:\/\/kulturweit.blog\/johannasmongolei\/wp-json\/wp\/v2\/posts\/820\/revisions\/849"}],"wp:featuredmedia":[{"embeddable":true,"href":"https:\/\/kulturweit.blog\/johannasmongolei\/wp-json\/wp\/v2\/media\/865"}],"wp:attachment":[{"href":"https:\/\/kulturweit.blog\/johannasmongolei\/wp-json\/wp\/v2\/media?parent=820"}],"wp:term":[{"taxonomy":"category","embeddable":true,"href":"https:\/\/kulturweit.blog\/johannasmongolei\/wp-json\/wp\/v2\/categories?post=820"},{"taxonomy":"post_tag","embeddable":true,"href":"https:\/\/kulturweit.blog\/johannasmongolei\/wp-json\/wp\/v2\/tags?post=820"}],"curies":[{"name":"wp","href":"https:\/\/api.w.org\/{rel}","templated":true}]}}