{"id":523,"date":"2011-12-26T22:19:00","date_gmt":"2011-12-26T14:19:00","guid":{"rendered":"https:\/\/kulturweit.blog\/johannasmongolei\/?p=523"},"modified":"2012-04-07T22:43:10","modified_gmt":"2012-04-07T14:43:10","slug":"weihnachten","status":"publish","type":"post","link":"https:\/\/kulturweit.blog\/johannasmongolei\/2011\/12\/26\/weihnachten\/","title":{"rendered":"Weihnachten"},"content":{"rendered":"<p style=\"text-align: justify\">Ich behaupte jetzt einfach mal, dass ich in diesem Jahr den gr\u00f6\u00dften Weihnachtsbaum hatte \u2013 zumindest in der Stadt. Zuhause besteht mein Tannenbaum aus Lametta, ist ca. 50 cm hoch und h\u00e4ngt an der Wand\u2026 Immerhin liegt Schnee und es ist kalt \u2013 wie soll es in UB auch anders sein zu dieser Jahreszeit?!<\/p>\n<p style=\"text-align: justify\">Obwohl Weihnachten in der Mongolei eigentlich nicht gefeiert wird, habe ich sehr sch\u00f6ne Weihnachtstage erlebt. Diese fingen mit einer Weihnachtsfeier der Deutschlehrer der Mongolei an &#8211; es wurde gesungen und gewichtelt.<\/p>\n<p style=\"text-align: justify\">Weiter ging es mit dem 2. Coverkonzert &#8222;Dreaming of a White Christmas&#8220; von Kush&amp;Oyuka, f\u00fcr das mir eine Weihnachtsfrau zu Nikolaus ein Konzertticket schenkte &#8211; noch einmal vielen Dank daf\u00fcr! Dieses besuchte ich mit Grit, Sebastian, Miga und Bogi und genoss die Darbietungen der Musiker und der anderen Showacts. Eine H\u00f6rprobe: <a href=\"http:\/\/www.youtube.com\/watch?v=TEMc_RtAtq0\" target=\"_blank\">Shine Jilin Waltz<\/a><\/p>\n<p style=\"text-align: center\"><a href=\"https:\/\/kulturweit.blog\/johannasmongolei\/files\/2011\/12\/403246_302953519749243_257612440950018_909446_2100875567_n.jpg\"><img loading=\"lazy\" decoding=\"async\" src=\"https:\/\/kulturweit.blog\/johannasmongolei\/files\/2011\/12\/403246_302953519749243_257612440950018_909446_2100875567_n-150x150.jpg\" alt=\"\" width=\"150\" height=\"150\" \/> <\/a><a href=\"https:\/\/kulturweit.blog\/johannasmongolei\/files\/2011\/12\/P1060358.jpg\"><img loading=\"lazy\" decoding=\"async\" src=\"https:\/\/kulturweit.blog\/johannasmongolei\/files\/2011\/12\/P1060358-150x150.jpg\" alt=\"\" width=\"150\" height=\"150\" \/> <\/a><a href=\"https:\/\/kulturweit.blog\/johannasmongolei\/files\/2011\/12\/P1060365.jpg\"><img loading=\"lazy\" decoding=\"async\" src=\"https:\/\/kulturweit.blog\/johannasmongolei\/files\/2011\/12\/P1060365-150x150.jpg\" alt=\"\" width=\"150\" height=\"150\" \/><\/a><\/p>\n<p style=\"text-align: justify\">In der Woche vor Weihnachten habe ich mit vielen der j\u00fcngeren Deutschlerner &#8222;<em>Schneefl\u00f6ckchen, Wei\u00dfr\u00f6ckchen<\/em>&#8220; durchgenommen. Ein sehr sch\u00f6nes Winterlied, das uns dazu inspirierte, das Deutsch-Klassenzimmer mit selbstgebastelten Schneeflocken, Schneem\u00e4nnern und Tannenb\u00e4umen zu verzieren. Au\u00dferdem gestalteten die Kinder eine Galerie mit selbstgemalten Winterbildern.<\/p>\n<p style=\"text-align: center\"><a href=\"https:\/\/kulturweit.blog\/johannasmongolei\/files\/2011\/12\/P1060434.jpg\"><img loading=\"lazy\" decoding=\"async\" class=\"alignnone size-thumbnail wp-image-741\" src=\"https:\/\/kulturweit.blog\/johannasmongolei\/files\/2011\/12\/P1060434-150x150.jpg\" alt=\"\" width=\"150\" height=\"150\" \/><\/a> <a href=\"https:\/\/kulturweit.blog\/johannasmongolei\/files\/2011\/12\/P1060441-e1325153219514.jpg\"><img loading=\"lazy\" decoding=\"async\" class=\"alignnone size-thumbnail wp-image-745\" src=\"https:\/\/kulturweit.blog\/johannasmongolei\/files\/2011\/12\/P1060441-e1325153219514-150x150.jpg\" alt=\"\" width=\"150\" height=\"150\" \/><\/a> <a href=\"https:\/\/kulturweit.blog\/johannasmongolei\/files\/2011\/12\/P1060437-e1325153900768.jpg\"><img loading=\"lazy\" decoding=\"async\" class=\"alignnone size-thumbnail wp-image-743\" src=\"https:\/\/kulturweit.blog\/johannasmongolei\/files\/2011\/12\/P1060437-e1325153900768-150x150.jpg\" alt=\"\" width=\"150\" height=\"150\" \/><\/a><\/p>\n<p style=\"text-align: justify\">\u00a0Am 23. Dezember besuchte ich mit Grit und Sebastian das Ballet &#8222;Der Nussknacker&#8220; &#8211; es war eine sehr sch\u00f6ne Auff\u00fchrung, auch wenn ab und zu ein Ton daneben ging.<\/p>\n<p style=\"text-align: center\"><a href=\"https:\/\/kulturweit.blog\/johannasmongolei\/files\/2011\/12\/P1060412.jpg\"><img loading=\"lazy\" decoding=\"async\" class=\"alignnone size-medium wp-image-746\" src=\"https:\/\/kulturweit.blog\/johannasmongolei\/files\/2011\/12\/P1060412-300x225.jpg\" alt=\"\" width=\"272\" height=\"205\" srcset=\"https:\/\/kulturweit.blog\/johannasmongolei\/files\/2011\/12\/P1060412-300x225.jpg 300w, https:\/\/kulturweit.blog\/johannasmongolei\/files\/2011\/12\/P1060412-640x480.jpg 640w, https:\/\/kulturweit.blog\/johannasmongolei\/files\/2011\/12\/P1060412.jpg 1632w\" sizes=\"(max-width: 272px) 100vw, 272px\" \/><\/a> <a href=\"https:\/\/kulturweit.blog\/johannasmongolei\/files\/2011\/12\/P1060402.jpg\"><img loading=\"lazy\" decoding=\"async\" class=\"alignnone size-medium wp-image-744\" src=\"https:\/\/kulturweit.blog\/johannasmongolei\/files\/2011\/12\/P1060402-300x225.jpg\" alt=\"\" width=\"273\" height=\"205\" srcset=\"https:\/\/kulturweit.blog\/johannasmongolei\/files\/2011\/12\/P1060402-300x225.jpg 300w, https:\/\/kulturweit.blog\/johannasmongolei\/files\/2011\/12\/P1060402-640x480.jpg 640w, https:\/\/kulturweit.blog\/johannasmongolei\/files\/2011\/12\/P1060402.jpg 1632w\" sizes=\"(max-width: 273px) 100vw, 273px\" \/><\/a><\/p>\n<p style=\"text-align: justify\">Danach liefen Grit und ich noch zur Weihnachts-\/Neujahrsfeier der Schule 18. Zun\u00e4chst zogen sich alle Frauen um: raus aus den Winterklamotten und rein in den schicken Fummel! Dann ging es in den Saal, wo alle Lehrer abteilungsweise zusammensa\u00dfen. F\u00fcr ein buntes Programm war gesorgt: Die Musiklehrerin moderierte im Weihnachtsfraukost\u00fcm und k\u00fcndigte zun\u00e4chst einige Tanzvorf\u00fchrungen von Sch\u00fclern und Lehrern an. Nach der Tombola ging es dann aber los, so erg\u00e4nzten z.B. ein Erotikwettbewerb und ein Spiel mit Klopapierrolle und Stock das allgemeine, ausgelassene Tanzen. Wirklich lustig! \ud83d\ude00<\/p>\n<p style=\"text-align: center\">\u00a0<a href=\"https:\/\/kulturweit.blog\/johannasmongolei\/files\/2011\/12\/IMGP3499.jpg\"><img loading=\"lazy\" decoding=\"async\" class=\"alignnone size-thumbnail wp-image-733\" src=\"https:\/\/kulturweit.blog\/johannasmongolei\/files\/2011\/12\/IMGP3499-150x150.jpg\" alt=\"\" width=\"150\" height=\"150\" \/><\/a> <a href=\"https:\/\/kulturweit.blog\/johannasmongolei\/files\/2011\/12\/P1060421.jpg\"><img loading=\"lazy\" decoding=\"async\" class=\"alignnone size-thumbnail wp-image-740\" src=\"https:\/\/kulturweit.blog\/johannasmongolei\/files\/2011\/12\/P1060421-e1325158212357-150x150.jpg\" alt=\"\" width=\"150\" height=\"150\" \/><\/a> <a href=\"https:\/\/kulturweit.blog\/johannasmongolei\/files\/2011\/12\/IMGP3522.jpg\"><img loading=\"lazy\" decoding=\"async\" class=\"alignnone size-thumbnail wp-image-773\" src=\"https:\/\/kulturweit.blog\/johannasmongolei\/files\/2011\/12\/IMGP3522-150x150.jpg\" alt=\"\" width=\"150\" height=\"150\" \/><\/a><\/p>\n<p style=\"text-align: justify\">Weihnachten schlief ich dann erst einmal aus und erhielt mittags mein Weihnachtsgeschenk von meiner Gastfamilie &#8211; erst abends war ich bei Shinee und Paco zu einer Kost\u00fcm-Weihnachtsparty eingeladen. Sebastian und ich gingen als Schneemann und -frau, mein Motto der Woche. \ud83d\ude42 Es gab leckeres Essen, nette G\u00e4ste, sch\u00f6ne Wichtelgeschenke und sp\u00e4ter am Abend auch lustige Spiele, wie Stuhltanz und Limbo. Ein toller Weihnachtsabend!<\/p>\n<p style=\"text-align: justify\">Am 25. Dezember kam dann Sebastian vorbei und wir drehten einen <a href=\"http:\/\/www.youtube.com\/watch?v=EFY-R4qX4l4&amp;feature=mfu_channel&amp;list=UL\" target=\"_blank\">Film f\u00fcr die n\u00e4chsten kulturweit-Freiwilligen<\/a>, die in die Mongolei kommen.<\/p>\n<p style=\"text-align: justify\">Und Montag fing wieder die Arbeitswoche an &#8211; nichts da mit Weihnachtsferien!<\/p>\n","protected":false},"excerpt":{"rendered":"<p>Ich behaupte jetzt einfach mal, dass ich in diesem Jahr den gr\u00f6\u00dften Weihnachtsbaum hatte \u2013&hellip;<\/p>\n","protected":false},"author":631,"featured_media":524,"comment_status":"open","ping_status":"open","sticky":false,"template":"","format":"standard","meta":{"footnotes":""},"categories":[21,563],"tags":[],"class_list":["post-523","post","type-post","status-publish","format-standard","has-post-thumbnail","hentry","category-allgemein","category-erlebnis"],"amp_enabled":true,"_links":{"self":[{"href":"https:\/\/kulturweit.blog\/johannasmongolei\/wp-json\/wp\/v2\/posts\/523"}],"collection":[{"href":"https:\/\/kulturweit.blog\/johannasmongolei\/wp-json\/wp\/v2\/posts"}],"about":[{"href":"https:\/\/kulturweit.blog\/johannasmongolei\/wp-json\/wp\/v2\/types\/post"}],"author":[{"embeddable":true,"href":"https:\/\/kulturweit.blog\/johannasmongolei\/wp-json\/wp\/v2\/users\/631"}],"replies":[{"embeddable":true,"href":"https:\/\/kulturweit.blog\/johannasmongolei\/wp-json\/wp\/v2\/comments?post=523"}],"version-history":[{"count":0,"href":"https:\/\/kulturweit.blog\/johannasmongolei\/wp-json\/wp\/v2\/posts\/523\/revisions"}],"wp:featuredmedia":[{"embeddable":true,"href":"https:\/\/kulturweit.blog\/johannasmongolei\/wp-json\/wp\/v2\/media\/524"}],"wp:attachment":[{"href":"https:\/\/kulturweit.blog\/johannasmongolei\/wp-json\/wp\/v2\/media?parent=523"}],"wp:term":[{"taxonomy":"category","embeddable":true,"href":"https:\/\/kulturweit.blog\/johannasmongolei\/wp-json\/wp\/v2\/categories?post=523"},{"taxonomy":"post_tag","embeddable":true,"href":"https:\/\/kulturweit.blog\/johannasmongolei\/wp-json\/wp\/v2\/tags?post=523"}],"curies":[{"name":"wp","href":"https:\/\/api.w.org\/{rel}","templated":true}]}}