{"id":199,"date":"2011-11-04T19:58:51","date_gmt":"2011-11-04T11:58:51","guid":{"rendered":"https:\/\/kulturweit.blog\/johannasmongolei\/?p=199"},"modified":"2012-04-07T23:41:14","modified_gmt":"2012-04-07T15:41:14","slug":"laternenfest","status":"publish","type":"post","link":"https:\/\/kulturweit.blog\/johannasmongolei\/2011\/11\/04\/laternenfest\/","title":{"rendered":"Laternenfest"},"content":{"rendered":"<p style=\"text-align: justify\">&#8222;Laterne, Laterne, Sonne, Mond und Sterne&#8230;&#8220; Wer kennt dieses Lied nicht?! Wochenlang haben wir mit den j\u00fcngeren Deutschlernern\u00a0 verschiedene Martinslieder einge\u00fcbt. So oft musste ich singen, dass ich die Lieder wirklich nicht mehr h\u00f6ren wollte! Und doch, all die Arbeit der letzten Wochen hat sich gelohnt: Der Projekttag zum Laternenfest ist sehr gut verlaufen und auch das Laternenfest und der anschlie\u00dfende Umzug waren sehr sch\u00f6n.<\/p>\n<p style=\"text-align: justify\">Doch alles der Reihe nach: Zun\u00e4chst haben wir Deutschkollegen Materialien zusammengesucht, vorbereitet und uns Gedanken gemacht, wie wir diese in den verschiedenen Klassen verwenden k\u00f6nnen. Dann ging die Arbeit mit den Klassen los: In den Wochen vor dem Laternenfest wurden also flei\u00dfig Martinslieder einge\u00fcbt und Laternen sowie Fensterbilder gebastelt. Die Klassen 2a und 7g lernten das Lied &#8222;Laterne, Laterne&#8220; und die Klassen 3w sowie 7w das Lied &#8222;Ich geh mit meiner Laterne&#8220;. In der vierten Klasse veranstalteten wir sogar einen kleinen Wettbewerb: Die beiden Kinder, die am sch\u00f6nsten das Gedicht &#8222;Leuchte, leuchte kleine Laterne&#8220; auf deutsch sowie auf mongolisch aufsagen konnten, haben als Preis je eine von mir gebastelte Laterne erhalten. Zu dem Gedicht hat Grit mit den Viertkl\u00e4sslern noch eine kleine Pr\u00e4sentation einstudiert, au\u00dferdem lernten sie das Lied &#8222;Sankt Martin&#8220;.<\/p>\n<p style=\"text-align: justify\">Den Abschluss unserer Themenwochen &#8222;Laternenfest&#8220; bildete dann der Projekttag rund um Sankt Martin. Morgens kamen die Grundsch\u00fcler, die weitere Fensterbilder bastelten, die Martinsgeschichte kennenlernten sowie Bilder dazu ausmalten, Puzzle mit Martinsmotiven legten und sogar Kartoffeldruck zum Lied &#8222;Ich geh mit meiner Laterne&#8220; machten. Mittags kamen dann die Siebtkl\u00e4ssler, die sich auch auf verschiedenste Arten mit Sankt Martin besch\u00e4ftigten. Au\u00dferdem malten sie zu jeder der drei Strophen von &#8222;Leuchte, leuchte kleine Laterne&#8220; ein Bild. Diese wurden dann auch zur Wandgestaltung genutzt.<\/p>\n<p style=\"text-align: justify\">Zum guten Schluss sahen dann die Eltern, Lehrer und Mitsch\u00fcler unserer jungen Deutschlerner die Ergebnisse ihrer Arbeit beim Laternenfest: Nach der Begr\u00fc\u00dfung der G\u00e4ste durch Grit und Tuul \u00fcbernahmen zwei Sch\u00fclerinnen die Moderation und f\u00fchrten auf deutsch (Anuka, 4w) sowie mongolisch (Myagmardulam, 7g) durch das Programm. (Die Moderation hatten Grit und unsere Praktikantinnen im Voraus geschrieben.)<\/p>\n<p style=\"text-align: justify\">Zun\u00e4chst erz\u00e4hlten die beiden etwas \u00fcber die Hintergr\u00fcnde vom Laternenfest und fasten die Martinsgeschichte zusammen. Dann sagte Ninjbadam (7g) &#8222;Laterne, Laterne&#8220; auf mongolisch und die Kinder sangen auf deutsch. Dabei waren die Siebtkl\u00e4ssler die tragenden S\u00e4nger, doch die Zweitkl\u00e4sslerinnen sahen in ihren Kleidchen, mit den Schleifen im Haar und den selbst gebastelten Sonnen, Monden und Sternen einfach niedlich aus und trugen so dazu bei, dass es ein gelungener Auftritt wurde! Als n\u00e4chstes trat die vierte Klasse auf: Tsogoo und Khulan pr\u00e4sentierten das Gedicht &#8222;Leuchte, leuchte kleine Laterne&#8220;\u00a0 und ihre Mitsch\u00fcler stellten es spielerisch dar.\u00a0 Danach sangen die Viertkl\u00e4ssler &#8222;Sankt Martin&#8220; und Anand und Jesukhei (3w) spielten dazu Sankt Martin und den Bettler. Da die meisten ihre deutschen Trachten anhatten, boten sie einen sehr sch\u00f6nen Anblick. Zum Abschluss sangen die Dritt- und Siebtkl\u00e4ssler noch &#8222;Ich geh mit meiner Laterne&#8220;, was trotz manchmal fehlendem Text sehr sch\u00f6n klang. Vor allem da ich den Drittkl\u00e4ssler beigebracht hatte, die Strophen zu summen anstatt zu singen. So f\u00fchlte ihr Summen die L\u00fccken und das &#8222;Rabimmel, rabammel, rabumm&#8220; klang noch kraftvoller durch den Saal! Beim Hinausgehen bekam jedes Kind noch eine Kleinigkeit.<\/p>\n<p style=\"text-align: justify\">Im Anschluss machten sich alle auf zum Laternenumzug, w\u00e4hrend dessen noch einige Laternenkreationen in Flammen aufgingen, was einiges hektisches Daraufherumgeh\u00fcpfe hervorrief. Au\u00dferdem beschloss ein Siebtkl\u00e4ssler (vielleicht 11 oder 12 Jahre alt), dass ich nun sein &#8222;girlfriend&#8220; sei und wollte daraufhin meine Hand nicht mehr loslassen, der kleiner Bengel! ;D Der Umzug f\u00fchrte uns entlang der Stra\u00dfe bis zum Bogd Khan Palast, vor dem eine kleine Pause eingelegt wurde. Es wurde ein gro\u00dfer Kreis gebildet, die Laternen auf den Boden gestellt und die Kinder sangen noch einmal Teile der einstudierten Martinslieder. Schlie\u00dflich machten wir uns auf den R\u00fcckweg und ein sehr sch\u00f6ner, aber auch anstrengender Tag ging zu Ende.<\/p>\n\n\t\t<style type=\"text\/css\">\n\t\t\t#gallery-1 {\n\t\t\t\tmargin: auto;\n\t\t\t}\n\t\t\t#gallery-1 .gallery-item {\n\t\t\t\tfloat: left;\n\t\t\t\tmargin-top: 10px;\n\t\t\t\ttext-align: center;\n\t\t\t\twidth: 33%;\n\t\t\t}\n\t\t\t#gallery-1 img {\n\t\t\t\tborder: 2px solid #cfcfcf;\n\t\t\t}\n\t\t\t#gallery-1 .gallery-caption {\n\t\t\t\tmargin-left: 0;\n\t\t\t}\n\t\t\t\/* see gallery_shortcode() in wp-includes\/media.php *\/\n\t\t<\/style>\n\t\t<div id='gallery-1' class='gallery galleryid-199 gallery-columns-3 gallery-size-thumbnail'><dl class='gallery-item'>\n\t\t\t<dt class='gallery-icon portrait'>\n\t\t\t\t<a href='https:\/\/kulturweit.blog\/johannasmongolei\/2011\/11\/04\/laternenfest\/p1040651\/'><img loading=\"lazy\" decoding=\"async\" width=\"150\" height=\"150\" src=\"https:\/\/kulturweit.blog\/johannasmongolei\/files\/2011\/11\/P1040651-e1320773510744-150x150.jpg\" class=\"attachment-thumbnail size-thumbnail\" alt=\"\" \/><\/a>\n\t\t\t<\/dt><\/dl><dl class='gallery-item'>\n\t\t\t<dt class='gallery-icon landscape'>\n\t\t\t\t<a href='https:\/\/kulturweit.blog\/johannasmongolei\/2011\/11\/04\/laternenfest\/imgp3437-kopie\/'><img loading=\"lazy\" decoding=\"async\" width=\"150\" height=\"150\" src=\"https:\/\/kulturweit.blog\/johannasmongolei\/files\/2011\/11\/IMGP3437-Kopie-150x150.jpg\" class=\"attachment-thumbnail size-thumbnail\" alt=\"\" \/><\/a>\n\t\t\t<\/dt><\/dl><dl class='gallery-item'>\n\t\t\t<dt class='gallery-icon landscape'>\n\t\t\t\t<a href='https:\/\/kulturweit.blog\/johannasmongolei\/2011\/11\/04\/laternenfest\/p1040660-kopie\/'><img loading=\"lazy\" decoding=\"async\" width=\"150\" height=\"150\" src=\"https:\/\/kulturweit.blog\/johannasmongolei\/files\/2011\/11\/P1040660-Kopie-150x150.jpg\" class=\"attachment-thumbnail size-thumbnail\" alt=\"\" \/><\/a>\n\t\t\t<\/dt><\/dl><br style=\"clear: both\" \/><dl class='gallery-item'>\n\t\t\t<dt class='gallery-icon landscape'>\n\t\t\t\t<a href='https:\/\/kulturweit.blog\/johannasmongolei\/2011\/11\/04\/laternenfest\/p1040712-kopie\/'><img loading=\"lazy\" decoding=\"async\" width=\"150\" height=\"150\" src=\"https:\/\/kulturweit.blog\/johannasmongolei\/files\/2011\/11\/P1040712-Kopie-150x150.jpg\" class=\"attachment-thumbnail size-thumbnail\" alt=\"\" \/><\/a>\n\t\t\t<\/dt><\/dl><dl class='gallery-item'>\n\t\t\t<dt class='gallery-icon landscape'>\n\t\t\t\t<a href='https:\/\/kulturweit.blog\/johannasmongolei\/2011\/11\/04\/laternenfest\/p1040719-kopie\/'><img loading=\"lazy\" decoding=\"async\" width=\"150\" height=\"150\" src=\"https:\/\/kulturweit.blog\/johannasmongolei\/files\/2011\/11\/P1040719-Kopie-150x150.jpg\" class=\"attachment-thumbnail size-thumbnail\" alt=\"\" \/><\/a>\n\t\t\t<\/dt><\/dl><dl class='gallery-item'>\n\t\t\t<dt class='gallery-icon landscape'>\n\t\t\t\t<a href='https:\/\/kulturweit.blog\/johannasmongolei\/2011\/11\/04\/laternenfest\/p1040690-kopie\/'><img loading=\"lazy\" decoding=\"async\" width=\"150\" height=\"150\" src=\"https:\/\/kulturweit.blog\/johannasmongolei\/files\/2011\/11\/P1040690-Kopie-150x150.jpg\" class=\"attachment-thumbnail size-thumbnail\" alt=\"\" \/><\/a>\n\t\t\t<\/dt><\/dl><br style=\"clear: both\" \/><dl class='gallery-item'>\n\t\t\t<dt class='gallery-icon landscape'>\n\t\t\t\t<a href='https:\/\/kulturweit.blog\/johannasmongolei\/2011\/11\/04\/laternenfest\/imgp3451-kopie\/'><img loading=\"lazy\" decoding=\"async\" width=\"150\" height=\"150\" src=\"https:\/\/kulturweit.blog\/johannasmongolei\/files\/2011\/11\/IMGP3451-Kopie-150x150.jpg\" class=\"attachment-thumbnail size-thumbnail\" alt=\"\" \/><\/a>\n\t\t\t<\/dt><\/dl><dl class='gallery-item'>\n\t\t\t<dt class='gallery-icon landscape'>\n\t\t\t\t<a href='https:\/\/kulturweit.blog\/johannasmongolei\/2011\/11\/04\/laternenfest\/p1040666-kopie\/'><img loading=\"lazy\" decoding=\"async\" width=\"150\" height=\"150\" src=\"https:\/\/kulturweit.blog\/johannasmongolei\/files\/2011\/11\/P1040666-Kopie-150x150.jpg\" class=\"attachment-thumbnail size-thumbnail\" alt=\"\" \/><\/a>\n\t\t\t<\/dt><\/dl><dl class='gallery-item'>\n\t\t\t<dt class='gallery-icon landscape'>\n\t\t\t\t<a href='https:\/\/kulturweit.blog\/johannasmongolei\/2011\/11\/04\/laternenfest\/p1040662-kopie\/'><img loading=\"lazy\" decoding=\"async\" width=\"150\" height=\"150\" src=\"https:\/\/kulturweit.blog\/johannasmongolei\/files\/2011\/11\/P1040662-Kopie-150x150.jpg\" class=\"attachment-thumbnail size-thumbnail\" alt=\"\" \/><\/a>\n\t\t\t<\/dt><\/dl><br style=\"clear: both\" \/><dl class='gallery-item'>\n\t\t\t<dt class='gallery-icon landscape'>\n\t\t\t\t<a href='https:\/\/kulturweit.blog\/johannasmongolei\/2011\/11\/04\/laternenfest\/p1040670\/'><img loading=\"lazy\" decoding=\"async\" width=\"150\" height=\"150\" src=\"https:\/\/kulturweit.blog\/johannasmongolei\/files\/2011\/11\/P1040670-150x150.jpg\" class=\"attachment-thumbnail size-thumbnail\" alt=\"\" \/><\/a>\n\t\t\t<\/dt><\/dl><dl class='gallery-item'>\n\t\t\t<dt class='gallery-icon landscape'>\n\t\t\t\t<a href='https:\/\/kulturweit.blog\/johannasmongolei\/2011\/11\/04\/laternenfest\/p1040697-kopie\/'><img loading=\"lazy\" decoding=\"async\" width=\"150\" height=\"150\" src=\"https:\/\/kulturweit.blog\/johannasmongolei\/files\/2011\/11\/P1040697-Kopie-150x150.jpg\" class=\"attachment-thumbnail size-thumbnail\" alt=\"\" \/><\/a>\n\t\t\t<\/dt><\/dl><dl class='gallery-item'>\n\t\t\t<dt class='gallery-icon portrait'>\n\t\t\t\t<a href='https:\/\/kulturweit.blog\/johannasmongolei\/2011\/11\/04\/laternenfest\/imgp3455-kopie\/'><img loading=\"lazy\" decoding=\"async\" width=\"150\" height=\"150\" src=\"https:\/\/kulturweit.blog\/johannasmongolei\/files\/2011\/11\/IMGP3455-Kopie-150x150.jpg\" class=\"attachment-thumbnail size-thumbnail\" alt=\"\" \/><\/a>\n\t\t\t<\/dt><\/dl><br style=\"clear: both\" \/><dl class='gallery-item'>\n\t\t\t<dt class='gallery-icon landscape'>\n\t\t\t\t<a href='https:\/\/kulturweit.blog\/johannasmongolei\/2011\/11\/04\/laternenfest\/imgp3444-kopie\/'><img loading=\"lazy\" decoding=\"async\" width=\"150\" height=\"150\" src=\"https:\/\/kulturweit.blog\/johannasmongolei\/files\/2011\/11\/IMGP3444-Kopie-150x150.jpg\" class=\"attachment-thumbnail size-thumbnail\" alt=\"\" \/><\/a>\n\t\t\t<\/dt><\/dl><dl class='gallery-item'>\n\t\t\t<dt class='gallery-icon landscape'>\n\t\t\t\t<a href='https:\/\/kulturweit.blog\/johannasmongolei\/2011\/11\/04\/laternenfest\/p1040724-kopie\/'><img loading=\"lazy\" decoding=\"async\" width=\"150\" height=\"150\" src=\"https:\/\/kulturweit.blog\/johannasmongolei\/files\/2011\/11\/P1040724-Kopie-150x150.jpg\" class=\"attachment-thumbnail size-thumbnail\" alt=\"\" \/><\/a>\n\t\t\t<\/dt><\/dl><dl class='gallery-item'>\n\t\t\t<dt class='gallery-icon landscape'>\n\t\t\t\t<a href='https:\/\/kulturweit.blog\/johannasmongolei\/2011\/11\/04\/laternenfest\/p1040728-kopie\/'><img loading=\"lazy\" decoding=\"async\" width=\"150\" height=\"150\" src=\"https:\/\/kulturweit.blog\/johannasmongolei\/files\/2011\/11\/P1040728-Kopie-150x150.jpg\" class=\"attachment-thumbnail size-thumbnail\" alt=\"\" \/><\/a>\n\t\t\t<\/dt><\/dl><br style=\"clear: both\" \/><dl class='gallery-item'>\n\t\t\t<dt class='gallery-icon landscape'>\n\t\t\t\t<a href='https:\/\/kulturweit.blog\/johannasmongolei\/2011\/11\/04\/laternenfest\/imgp3458-kopie\/'><img loading=\"lazy\" decoding=\"async\" width=\"150\" height=\"150\" src=\"https:\/\/kulturweit.blog\/johannasmongolei\/files\/2011\/11\/IMGP3458-Kopie-150x150.jpg\" class=\"attachment-thumbnail size-thumbnail\" alt=\"\" \/><\/a>\n\t\t\t<\/dt><\/dl><dl class='gallery-item'>\n\t\t\t<dt class='gallery-icon landscape'>\n\t\t\t\t<a href='https:\/\/kulturweit.blog\/johannasmongolei\/2011\/11\/04\/laternenfest\/p1040734-kopie\/'><img loading=\"lazy\" decoding=\"async\" width=\"150\" height=\"150\" src=\"https:\/\/kulturweit.blog\/johannasmongolei\/files\/2011\/11\/P1040734-Kopie-150x150.jpg\" class=\"attachment-thumbnail size-thumbnail\" alt=\"\" \/><\/a>\n\t\t\t<\/dt><\/dl><dl class='gallery-item'>\n\t\t\t<dt class='gallery-icon landscape'>\n\t\t\t\t<a href='https:\/\/kulturweit.blog\/johannasmongolei\/2011\/11\/04\/laternenfest\/p1040742-kopie\/'><img loading=\"lazy\" decoding=\"async\" width=\"150\" height=\"150\" src=\"https:\/\/kulturweit.blog\/johannasmongolei\/files\/2011\/11\/P1040742-Kopie-e1320773177384-150x150.jpg\" class=\"attachment-thumbnail size-thumbnail\" alt=\"\" \/><\/a>\n\t\t\t<\/dt><\/dl><br style=\"clear: both\" \/><dl class='gallery-item'>\n\t\t\t<dt class='gallery-icon landscape'>\n\t\t\t\t<a href='https:\/\/kulturweit.blog\/johannasmongolei\/2011\/11\/04\/laternenfest\/p1040746-kopie\/'><img loading=\"lazy\" decoding=\"async\" width=\"150\" height=\"150\" src=\"https:\/\/kulturweit.blog\/johannasmongolei\/files\/2011\/11\/P1040746-Kopie-150x150.jpg\" class=\"attachment-thumbnail size-thumbnail\" alt=\"\" \/><\/a>\n\t\t\t<\/dt><\/dl><dl class='gallery-item'>\n\t\t\t<dt class='gallery-icon landscape'>\n\t\t\t\t<a href='https:\/\/kulturweit.blog\/johannasmongolei\/2011\/11\/04\/laternenfest\/p1040752-kopie\/'><img loading=\"lazy\" decoding=\"async\" width=\"150\" height=\"150\" src=\"https:\/\/kulturweit.blog\/johannasmongolei\/files\/2011\/11\/P1040752-Kopie-150x150.jpg\" class=\"attachment-thumbnail size-thumbnail\" alt=\"\" \/><\/a>\n\t\t\t<\/dt><\/dl><dl class='gallery-item'>\n\t\t\t<dt class='gallery-icon landscape'>\n\t\t\t\t<a href='https:\/\/kulturweit.blog\/johannasmongolei\/2011\/11\/04\/laternenfest\/p1040749-kopie\/'><img loading=\"lazy\" decoding=\"async\" width=\"150\" height=\"150\" src=\"https:\/\/kulturweit.blog\/johannasmongolei\/files\/2011\/11\/P1040749-Kopie-150x150.jpg\" class=\"attachment-thumbnail size-thumbnail\" alt=\"\" \/><\/a>\n\t\t\t<\/dt><\/dl><br style=\"clear: both\" \/><dl class='gallery-item'>\n\t\t\t<dt class='gallery-icon landscape'>\n\t\t\t\t<a href='https:\/\/kulturweit.blog\/johannasmongolei\/2011\/11\/04\/laternenfest\/p1040756-kopie\/'><img loading=\"lazy\" decoding=\"async\" width=\"150\" height=\"150\" src=\"https:\/\/kulturweit.blog\/johannasmongolei\/files\/2011\/11\/P1040756-Kopie-e1320773136390-150x150.jpg\" class=\"attachment-thumbnail size-thumbnail\" alt=\"\" \/><\/a>\n\t\t\t<\/dt><\/dl><dl class='gallery-item'>\n\t\t\t<dt class='gallery-icon landscape'>\n\t\t\t\t<a href='https:\/\/kulturweit.blog\/johannasmongolei\/2011\/11\/04\/laternenfest\/p1040758-kopie\/'><img loading=\"lazy\" decoding=\"async\" width=\"150\" height=\"150\" src=\"https:\/\/kulturweit.blog\/johannasmongolei\/files\/2011\/11\/P1040758-Kopie-150x150.jpg\" class=\"attachment-thumbnail size-thumbnail\" alt=\"\" \/><\/a>\n\t\t\t<\/dt><\/dl><dl class='gallery-item'>\n\t\t\t<dt class='gallery-icon landscape'>\n\t\t\t\t<a href='https:\/\/kulturweit.blog\/johannasmongolei\/2011\/11\/04\/laternenfest\/p1040765-kopie\/'><img loading=\"lazy\" decoding=\"async\" width=\"150\" height=\"150\" src=\"https:\/\/kulturweit.blog\/johannasmongolei\/files\/2011\/11\/P1040765-Kopie-150x150.jpg\" class=\"attachment-thumbnail size-thumbnail\" alt=\"\" \/><\/a>\n\t\t\t<\/dt><\/dl><br style=\"clear: both\" \/><dl class='gallery-item'>\n\t\t\t<dt class='gallery-icon landscape'>\n\t\t\t\t<a href='https:\/\/kulturweit.blog\/johannasmongolei\/2011\/11\/04\/laternenfest\/p1040766-kopie\/'><img loading=\"lazy\" decoding=\"async\" width=\"150\" height=\"150\" src=\"https:\/\/kulturweit.blog\/johannasmongolei\/files\/2011\/11\/P1040766-Kopie-150x150.jpg\" class=\"attachment-thumbnail size-thumbnail\" alt=\"\" \/><\/a>\n\t\t\t<\/dt><\/dl><dl class='gallery-item'>\n\t\t\t<dt class='gallery-icon portrait'>\n\t\t\t\t<a href='https:\/\/kulturweit.blog\/johannasmongolei\/2011\/11\/04\/laternenfest\/p1040656\/'><img loading=\"lazy\" decoding=\"async\" width=\"150\" height=\"150\" src=\"https:\/\/kulturweit.blog\/johannasmongolei\/files\/2011\/11\/P1040656-e1320773547993-150x150.jpg\" class=\"attachment-thumbnail size-thumbnail\" alt=\"\" \/><\/a>\n\t\t\t<\/dt><\/dl><dl class='gallery-item'>\n\t\t\t<dt class='gallery-icon landscape'>\n\t\t\t\t<a href='https:\/\/kulturweit.blog\/johannasmongolei\/2011\/11\/04\/laternenfest\/p1040767-kopie\/'><img loading=\"lazy\" decoding=\"async\" width=\"150\" height=\"150\" src=\"https:\/\/kulturweit.blog\/johannasmongolei\/files\/2011\/11\/P1040767-Kopie-150x150.jpg\" class=\"attachment-thumbnail size-thumbnail\" alt=\"\" \/><\/a>\n\t\t\t<\/dt><\/dl><br style=\"clear: both\" \/><dl class='gallery-item'>\n\t\t\t<dt class='gallery-icon landscape'>\n\t\t\t\t<a href='https:\/\/kulturweit.blog\/johannasmongolei\/2011\/11\/04\/laternenfest\/p1040772\/'><img loading=\"lazy\" decoding=\"async\" width=\"150\" height=\"150\" src=\"https:\/\/kulturweit.blog\/johannasmongolei\/files\/2011\/11\/P1040772-150x150.jpg\" class=\"attachment-thumbnail size-thumbnail\" alt=\"\" \/><\/a>\n\t\t\t<\/dt><\/dl><dl class='gallery-item'>\n\t\t\t<dt class='gallery-icon landscape'>\n\t\t\t\t<a href='https:\/\/kulturweit.blog\/johannasmongolei\/2011\/11\/04\/laternenfest\/p1040768\/'><img loading=\"lazy\" decoding=\"async\" width=\"150\" height=\"150\" src=\"https:\/\/kulturweit.blog\/johannasmongolei\/files\/2011\/11\/P1040768-150x150.jpg\" class=\"attachment-thumbnail size-thumbnail\" alt=\"\" \/><\/a>\n\t\t\t<\/dt><\/dl><dl class='gallery-item'>\n\t\t\t<dt class='gallery-icon landscape'>\n\t\t\t\t<a href='https:\/\/kulturweit.blog\/johannasmongolei\/2011\/11\/04\/laternenfest\/p1040776\/'><img loading=\"lazy\" decoding=\"async\" width=\"150\" height=\"150\" src=\"https:\/\/kulturweit.blog\/johannasmongolei\/files\/2011\/11\/P1040776-150x150.jpg\" class=\"attachment-thumbnail size-thumbnail\" alt=\"\" \/><\/a>\n\t\t\t<\/dt><\/dl><br style=\"clear: both\" \/><dl class='gallery-item'>\n\t\t\t<dt class='gallery-icon landscape'>\n\t\t\t\t<a href='https:\/\/kulturweit.blog\/johannasmongolei\/2011\/11\/04\/laternenfest\/p1040793\/'><img loading=\"lazy\" decoding=\"async\" width=\"150\" height=\"150\" src=\"https:\/\/kulturweit.blog\/johannasmongolei\/files\/2011\/11\/P1040793-150x150.jpg\" class=\"attachment-thumbnail size-thumbnail\" alt=\"\" \/><\/a>\n\t\t\t<\/dt><\/dl><dl class='gallery-item'>\n\t\t\t<dt class='gallery-icon landscape'>\n\t\t\t\t<a href='https:\/\/kulturweit.blog\/johannasmongolei\/2011\/11\/04\/laternenfest\/p1040777\/'><img loading=\"lazy\" decoding=\"async\" width=\"150\" height=\"150\" src=\"https:\/\/kulturweit.blog\/johannasmongolei\/files\/2011\/11\/P1040777-150x150.jpg\" class=\"attachment-thumbnail size-thumbnail\" alt=\"\" \/><\/a>\n\t\t\t<\/dt><\/dl><dl class='gallery-item'>\n\t\t\t<dt class='gallery-icon landscape'>\n\t\t\t\t<a href='https:\/\/kulturweit.blog\/johannasmongolei\/2011\/11\/04\/laternenfest\/p1040784\/'><img loading=\"lazy\" decoding=\"async\" width=\"150\" height=\"150\" src=\"https:\/\/kulturweit.blog\/johannasmongolei\/files\/2011\/11\/P1040784-150x150.jpg\" class=\"attachment-thumbnail size-thumbnail\" alt=\"\" \/><\/a>\n\t\t\t<\/dt><\/dl><br style=\"clear: both\" \/><dl class='gallery-item'>\n\t\t\t<dt class='gallery-icon portrait'>\n\t\t\t\t<a href='https:\/\/kulturweit.blog\/johannasmongolei\/2011\/11\/04\/laternenfest\/p1040806\/'><img loading=\"lazy\" decoding=\"async\" width=\"150\" height=\"150\" src=\"https:\/\/kulturweit.blog\/johannasmongolei\/files\/2011\/11\/P1040806-150x150.jpg\" class=\"attachment-thumbnail size-thumbnail\" alt=\"\" \/><\/a>\n\t\t\t<\/dt><\/dl><dl class='gallery-item'>\n\t\t\t<dt class='gallery-icon portrait'>\n\t\t\t\t<a href='https:\/\/kulturweit.blog\/johannasmongolei\/2011\/11\/04\/laternenfest\/p1040800\/'><img loading=\"lazy\" decoding=\"async\" width=\"150\" height=\"150\" src=\"https:\/\/kulturweit.blog\/johannasmongolei\/files\/2011\/11\/P1040800-150x150.jpg\" class=\"attachment-thumbnail size-thumbnail\" alt=\"\" \/><\/a>\n\t\t\t<\/dt><\/dl><dl class='gallery-item'>\n\t\t\t<dt class='gallery-icon landscape'>\n\t\t\t\t<a href='https:\/\/kulturweit.blog\/johannasmongolei\/2011\/11\/04\/laternenfest\/p1040798\/'><img loading=\"lazy\" decoding=\"async\" width=\"150\" height=\"150\" src=\"https:\/\/kulturweit.blog\/johannasmongolei\/files\/2011\/11\/P1040798-e1325080516699-150x150.jpg\" class=\"attachment-thumbnail size-thumbnail\" alt=\"\" \/><\/a>\n\t\t\t<\/dt><\/dl><br style=\"clear: both\" \/><dl class='gallery-item'>\n\t\t\t<dt class='gallery-icon landscape'>\n\t\t\t\t<a href='https:\/\/kulturweit.blog\/johannasmongolei\/2011\/11\/04\/laternenfest\/p1040795\/'><img loading=\"lazy\" decoding=\"async\" width=\"150\" height=\"150\" src=\"https:\/\/kulturweit.blog\/johannasmongolei\/files\/2011\/11\/P1040795-150x150.jpg\" class=\"attachment-thumbnail size-thumbnail\" alt=\"\" \/><\/a>\n\t\t\t<\/dt><\/dl><dl class='gallery-item'>\n\t\t\t<dt class='gallery-icon landscape'>\n\t\t\t\t<a href='https:\/\/kulturweit.blog\/johannasmongolei\/2011\/11\/04\/laternenfest\/p1040792\/'><img loading=\"lazy\" decoding=\"async\" width=\"150\" height=\"150\" src=\"https:\/\/kulturweit.blog\/johannasmongolei\/files\/2011\/11\/P1040792-150x150.jpg\" class=\"attachment-thumbnail size-thumbnail\" alt=\"\" \/><\/a>\n\t\t\t<\/dt><\/dl><dl class='gallery-item'>\n\t\t\t<dt class='gallery-icon landscape'>\n\t\t\t\t<a href='https:\/\/kulturweit.blog\/johannasmongolei\/2011\/11\/04\/laternenfest\/p1040816\/'><img loading=\"lazy\" decoding=\"async\" width=\"150\" height=\"150\" src=\"https:\/\/kulturweit.blog\/johannasmongolei\/files\/2011\/11\/P1040816-150x150.jpg\" class=\"attachment-thumbnail size-thumbnail\" alt=\"\" \/><\/a>\n\t\t\t<\/dt><\/dl><br style=\"clear: both\" \/><dl class='gallery-item'>\n\t\t\t<dt class='gallery-icon landscape'>\n\t\t\t\t<a href='https:\/\/kulturweit.blog\/johannasmongolei\/2011\/11\/04\/laternenfest\/lichterpracht\/'><img loading=\"lazy\" decoding=\"async\" width=\"150\" height=\"150\" src=\"https:\/\/kulturweit.blog\/johannasmongolei\/files\/2011\/11\/Lichterpracht-150x150.jpg\" class=\"attachment-thumbnail size-thumbnail\" alt=\"\" \/><\/a>\n\t\t\t<\/dt><\/dl>\n\t\t\t<br style='clear: both' \/>\n\t\t<\/div>\n\n","protected":false},"excerpt":{"rendered":"<p>&#8222;Laterne, Laterne, Sonne, Mond und Sterne&#8230;&#8220; Wer kennt dieses Lied nicht?! Wochenlang haben wir mit&hellip;<\/p>\n","protected":false},"author":631,"featured_media":250,"comment_status":"open","ping_status":"open","sticky":false,"template":"","format":"standard","meta":{"footnotes":""},"categories":[563],"tags":[],"class_list":["post-199","post","type-post","status-publish","format-standard","has-post-thumbnail","hentry","category-erlebnis"],"amp_enabled":true,"_links":{"self":[{"href":"https:\/\/kulturweit.blog\/johannasmongolei\/wp-json\/wp\/v2\/posts\/199"}],"collection":[{"href":"https:\/\/kulturweit.blog\/johannasmongolei\/wp-json\/wp\/v2\/posts"}],"about":[{"href":"https:\/\/kulturweit.blog\/johannasmongolei\/wp-json\/wp\/v2\/types\/post"}],"author":[{"embeddable":true,"href":"https:\/\/kulturweit.blog\/johannasmongolei\/wp-json\/wp\/v2\/users\/631"}],"replies":[{"embeddable":true,"href":"https:\/\/kulturweit.blog\/johannasmongolei\/wp-json\/wp\/v2\/comments?post=199"}],"version-history":[{"count":1,"href":"https:\/\/kulturweit.blog\/johannasmongolei\/wp-json\/wp\/v2\/posts\/199\/revisions"}],"predecessor-version":[{"id":202,"href":"https:\/\/kulturweit.blog\/johannasmongolei\/wp-json\/wp\/v2\/posts\/199\/revisions\/202"}],"wp:featuredmedia":[{"embeddable":true,"href":"https:\/\/kulturweit.blog\/johannasmongolei\/wp-json\/wp\/v2\/media\/250"}],"wp:attachment":[{"href":"https:\/\/kulturweit.blog\/johannasmongolei\/wp-json\/wp\/v2\/media?parent=199"}],"wp:term":[{"taxonomy":"category","embeddable":true,"href":"https:\/\/kulturweit.blog\/johannasmongolei\/wp-json\/wp\/v2\/categories?post=199"},{"taxonomy":"post_tag","embeddable":true,"href":"https:\/\/kulturweit.blog\/johannasmongolei\/wp-json\/wp\/v2\/tags?post=199"}],"curies":[{"name":"wp","href":"https:\/\/api.w.org\/{rel}","templated":true}]}}