{"id":27,"date":"2013-03-16T20:22:58","date_gmt":"2013-03-16T19:22:58","guid":{"rendered":"https:\/\/kulturweit.blog\/jannainningbo\/?p=27"},"modified":"2013-03-16T20:27:35","modified_gmt":"2013-03-16T19:27:35","slug":"guten-flug-und-lass-dich-nicht-blitzen-oder-von-einem-mann-der-meine-tasche-wirklich-nicht-klauen-wollte","status":"publish","type":"post","link":"https:\/\/kulturweit.blog\/jannainningbo\/2013\/03\/16\/guten-flug-und-lass-dich-nicht-blitzen-oder-von-einem-mann-der-meine-tasche-wirklich-nicht-klauen-wollte\/","title":{"rendered":"Guten Flug und lass dich nicht blitzen- oder von einem Mann der meine Tasche wirklich nicht klauen wollte."},"content":{"rendered":"<p>Zuhause ist nun schon echt weit weg.<\/p>\n<blockquote><p>Abschiedsgrillen in Hamburg (9.03.12)<\/p><\/blockquote>\n<p>Es gab viele gute W\u00fcnsche aber auch viele, viele Tr\u00e4nen. Die W\u00fcnsche habe ich leider in der\u00a0 Aufregung vergessen, aber Tr\u00e4nen haften noch an meiner Brille. Peinlich denke ich, und erinnere mich doch noch an einen guten Rat. Er kam von meinem kleinen Bruder, 6 Jahre alt:<\/p>\n<p>\u201eGuten Flug, und lass dich nicht blitzen\u201c.<\/p>\n<p>Alle schmunzelten. Ich habe an dieser Stelle meinen Eltern dann doch besser verschwiegen, dass sie bald Post bekommen werden, weil ich am Werbellinsee zu schnell war.<\/p>\n<p>Am Flughafen in Hamburg gab es noch gro\u00dfe Aufregung. Mein Handgep\u00e4ck wurde gewogen. Und es stellte sich heraus, dass ich 7 kg loswerden musste, wenn ich nicht 750 Euro drauf bezahlen wollte. Daf\u00fcr h\u00e4tte der Koffer dann aber einen eigenen Sitzplatz verdient fand ich.<\/p>\n<p>Doch die dramatische Geschichte mit dem Koffer nahm hier erst ihren Anfang.<\/p>\n<p>Nach langer Reise in Ningbo am Bahnhof angekommen, muss ich feststellen, dass es weder eine Rolltreppe noch einen Fahrstuhl gibt, der mich und meine rund 40 kg die Treppen vom Bahngleis hinaufbringen k\u00f6nnten. Ich versuche also m\u00fchsam meine beiden Koffer hinauf zuhiefen.<\/p>\n<p>Ziemlich m\u00fchsam, ziemlich erfolglos.<\/p>\n<p>Gott sei Dank kommt ein Mann, nimmt mir, leider den leichteren Koffer, ab und flitzt geschwind die Treppe hinauf. Ganz sch\u00f6n flott, aber auch echt nett denke ich noch als ich ihm hinterherschaue. Doch pl\u00f6tzlich ist er weg. Verschwunden! Mit meinem Koffer! Alle meine Fotos von Freunden drin, meine ganze Schokolade, meine Schuhe!<\/p>\n<p>Und ich, ich stehe unten, mit meinem 32 kg schweren Koffer, den ich niemals die Treppe allein hochbekommen werde, und &#8230;bin schon wieder den Tr\u00e4nen nahe.<\/p>\n<p>Gl\u00fcck im Ungl\u00fcck gehabt. Ein anderer Mann hilft mir den Koffer hoch zutragen. Mit dem schweren Gep\u00e4ckst\u00fcck kommt er ja schlie\u00dflich nicht so schnell davon,denke ich und lasse mir helfen.<\/p>\n<p>Oben angekommen wei\u00df ich eigentlich wirklich nicht so genau wohin ich eigentlich will. Die Lehrerin der Schule hatte gesagt, sie w\u00fcrde mich abholen, doch hier ist weit und breit keiner zu sehen, der mich abholen wollen w\u00fcrde. Und weit und breit kein Mann der mit meinem kleinen deutschen Ikeakoffer auf mich wartet.<\/p>\n<p>Mist denke ich, und schlie\u00dfe mich der Masse an, die auf der anderen Seite des Bahnhofes eine Rolltreppe (Puhhh!) hinunterf\u00e4hrt. Da ich vor Verzweiflung langsam tr\u00e4nen\u00fcberstr\u00f6mt bin, sprechen mich sehr nette Menschen an und begleiten mich zum Ausgang des Bahnhofes.<\/p>\n<p>Endlich sehe ich auch ein Schild mit meinem Namen drauf. Es winkt hinter der Absperrung durch die man gehen muss, um noch einmal seine Fahrkarte vorzuzeigen. Es erkl\u00e4rt sich nun, dass keiner am Bahnsteig stand, da man nur mit Fahrschein durch die Absperrung kommt.<\/p>\n<p>Ich falle den beiden Lehrerinnen in die Arme, vor Gl\u00fcck und vor Erleichterung. Bei einem Blick \u00fcber die Schulter der Lehrerin entdecke ich, wie der Mann mit meinem Koffer auf mich zukommt und ihn mir mit einem L\u00e4cheln entgegenstreckt. Er hatte bestimmt 10 min hinter der Absperrung auf mich gewartet und sich einfach neben die beiden mit dem Schild, auf dem ein ausl\u00e4ndischer Name stand, gestellt. Er hatte wohl kombiniert, dass ich dazugeh\u00f6ren muss.<\/p>\n<p>Dankend nahm ich den Koffer an mich und schon war auch der Mann wieder flink in einer Menschentraube verschwunden. Und so nahm die Geschichte mit dem Gep\u00e4ck doch noch ein gutes Ende.<\/p>\n","protected":false},"excerpt":{"rendered":"<p>Zuhause ist nun schon echt weit weg. Abschiedsgrillen in Hamburg (9.03.12) Es gab viele gute W\u00fcnsche aber auch viele, viele Tr\u00e4nen. Die W\u00fcnsche habe ich leider in der\u00a0 Aufregung vergessen, aber Tr\u00e4nen haften noch an meiner Brille. Peinlich denke ich, &hellip; <a href=\"https:\/\/kulturweit.blog\/jannainningbo\/2013\/03\/16\/guten-flug-und-lass-dich-nicht-blitzen-oder-von-einem-mann-der-meine-tasche-wirklich-nicht-klauen-wollte\/\">Weiterlesen &rarr;<\/a><\/p>\n","protected":false},"author":1020,"featured_media":28,"comment_status":"open","ping_status":"open","sticky":false,"template":"","format":"standard","meta":{"footnotes":""},"categories":[21],"tags":[],"class_list":["post-27","post","type-post","status-publish","format-standard","has-post-thumbnail","hentry","category-allgemein"],"amp_enabled":true,"_links":{"self":[{"href":"https:\/\/kulturweit.blog\/jannainningbo\/wp-json\/wp\/v2\/posts\/27"}],"collection":[{"href":"https:\/\/kulturweit.blog\/jannainningbo\/wp-json\/wp\/v2\/posts"}],"about":[{"href":"https:\/\/kulturweit.blog\/jannainningbo\/wp-json\/wp\/v2\/types\/post"}],"author":[{"embeddable":true,"href":"https:\/\/kulturweit.blog\/jannainningbo\/wp-json\/wp\/v2\/users\/1020"}],"replies":[{"embeddable":true,"href":"https:\/\/kulturweit.blog\/jannainningbo\/wp-json\/wp\/v2\/comments?post=27"}],"version-history":[{"count":1,"href":"https:\/\/kulturweit.blog\/jannainningbo\/wp-json\/wp\/v2\/posts\/27\/revisions"}],"predecessor-version":[{"id":35,"href":"https:\/\/kulturweit.blog\/jannainningbo\/wp-json\/wp\/v2\/posts\/27\/revisions\/35"}],"wp:featuredmedia":[{"embeddable":true,"href":"https:\/\/kulturweit.blog\/jannainningbo\/wp-json\/wp\/v2\/media\/28"}],"wp:attachment":[{"href":"https:\/\/kulturweit.blog\/jannainningbo\/wp-json\/wp\/v2\/media?parent=27"}],"wp:term":[{"taxonomy":"category","embeddable":true,"href":"https:\/\/kulturweit.blog\/jannainningbo\/wp-json\/wp\/v2\/categories?post=27"},{"taxonomy":"post_tag","embeddable":true,"href":"https:\/\/kulturweit.blog\/jannainningbo\/wp-json\/wp\/v2\/tags?post=27"}],"curies":[{"name":"wp","href":"https:\/\/api.w.org\/{rel}","templated":true}]}}