{"id":198,"date":"2013-05-06T18:42:55","date_gmt":"2013-05-06T16:42:55","guid":{"rendered":"https:\/\/kulturweit.blog\/jannainningbo\/?p=198"},"modified":"2013-05-06T20:53:33","modified_gmt":"2013-05-06T18:53:33","slug":"198","status":"publish","type":"post","link":"https:\/\/kulturweit.blog\/jannainningbo\/2013\/05\/06\/198\/","title":{"rendered":"L\u01ceow\u00e0i ! L\u01ceow\u00e0i ! &#8211; bei der Verkehrspolizei"},"content":{"rendered":"<p><span style=\"font-family: Calibri,sans-serif\">Die Stra\u00dfen sind voll, der Verkehr scheint f\u00fcr mich unberechenbar, die Regeln f\u00fcr mich undurchschaubar. Trotzdem stehe ich heute morgen um 7:15 auf der Stra\u00dfenkreuzung und regle, in meiner roten Weste und einem kleinen gelben F\u00e4hnchen in der Hand, den Verkehr. Tats\u00e4chlich habe ich eigentlich keine Ahnung was ich da tue. Wenn die Ampel rot ist soll ich das F\u00e4hnchen heraushalten und die Leute stoppen, die trotzdem fahren wollen. Wenn die Ampel gr\u00fcn ist, alle fahren lassen. So weit so gut, ganz einfach.<\/span><\/p>\n<p>&nbsp;<\/p>\n<p><!--more--><\/p>\n<p><a href=\"https:\/\/kulturweit.blog\/jannainningbo\/files\/2013\/05\/polizei_ningbo.jpg\"><img loading=\"lazy\" decoding=\"async\" class=\"alignleft size-full wp-image-210\" alt=\"\" src=\"https:\/\/kulturweit.blog\/jannainningbo\/files\/2013\/05\/polizei_ningbo.jpg\" width=\"492\" height=\"342\" srcset=\"https:\/\/kulturweit.blog\/jannainningbo\/files\/2013\/05\/polizei_ningbo.jpg 492w, https:\/\/kulturweit.blog\/jannainningbo\/files\/2013\/05\/polizei_ningbo-300x208.jpg 300w\" sizes=\"(max-width: 492px) 100vw, 492px\" \/><\/a><\/p>\n<p><span style=\"font-family: Calibri,sans-serif\">Dr\u00fcben auf der anderen Stra\u00dfenseite sind zwei Ampeln: eine f\u00fcr Autos und eine f\u00fcr Fu\u00dfg\u00e4nger, aber ich stehe ja hier an der Motorradspur. Ich frage Wei, die chinesische Deutschlehrerin: \u201eAuf welche Ampel m\u00fcssen denn jetzt die Motorr\u00e4der achten?\u201c Sie schaut sich kurz um und bemerkt dann wohl auch, dass manche fahren, wenn die Fu\u00dfg\u00e4ngerampel und andere, wenn die Autoampel gr\u00fcn ist. Sie schaut sich hilfesuchend zu dem Polizisten um, der uns gegen\u00fcbersteht und bemerkt wohl genau wie ich, dass dieser gerade Fu\u00dfg\u00e4nger daran hindert \u00fcber die Stra\u00dfe zu gehen, obwohl die Fu\u00dfg\u00e4ngerampel gr\u00fcn anzeigt. Etwas verwirrt sagt sie: \u201e Ich wei\u00df es auch nicht, aber <strong>der Mann hat gesagt wir sollen etwas mehr l\u00e4cheln<\/strong>\u201c<\/span><\/p>\n<p><span style=\"font-family: Calibri,sans-serif\">Seltsam, denke ich, und Wei und ich einigen uns darauf, immer das anzuzeigen, was der Polizist auch gerade anzeigt. Und wenn wir uns nicht sicher sind, dann halten wir eben die Fahne auf halbe H\u00f6he. <\/span><\/p>\n<p><span style=\"font-family: Calibri,sans-serif\">Mehr l\u00e4cheln denke ich angestrengt und versuche mein m\u00fcdes Gesicht zu verbergen. Ein paar Minuten sp\u00e4ter wei\u00df ich auch warum. Ein erster Polizist l\u00e4uft n\u00e4mlich aufgeregt um uns herum und sagt etwas von wegen &#8222;<\/span><span style=\"font-family: Calibri,sans-serif\">L<\/span>\u01ceow\u00e0i L<span style=\"font-family: Calibri,sans-serif\">\u01ceow\u00e0i \u201c (Ausl\u00e4nder Ausl\u00e4nder) und macht vergn\u00fcgt Fotos. Auch die Motorradfahrer halten an und fragen Wei neugierig, wo ich denn eigentlich herk\u00e4me. Vielleicht aus der N\u00e4he von Tibet, denn dort scheint es Menschen zu geben, denen man nachsagt, eine \u00e4hnliche Augenform wie ich zu haben. Oder nat\u00fcrlich aus Amerika. Mit Verkehr regeln ist jedenfalls nicht viel, eher mit Stau verursachen.<\/span><\/p>\n<p><span style=\"font-family: Calibri,sans-serif\">Das Fernsehen will es genau wissen. Ein Mann mit Kamera und eine Frau in Jogginghose, die mich f\u00fcr das <strong>lokale Fernsehen<\/strong> interviewen m\u00f6chten, fragen mich genau, woher ich komme und was ich von dem Verkehrsprojekt halte. \u201eDu kannst ja auch auf chinesisch antworten\u201c, schl\u00e4gt Wei vor. Aber mehr als dass ich aus Deutschland komme kann ich ihnen nun wirklich noch nicht erkl\u00e4ren. Ich k\u00f6nnte sie nat\u00fcrlich fragen, ob sie mit mir schwimmen gehen wollen oder von meinem kleinen Bruder erz\u00e4hlen oder bei ihnen Scampis bestellen. Aber ein richtiges Interview auf Chinesisch das klappt nun wirklich nicht. Also beginnt Wei zu \u00fcbersetzten. <\/span><\/p>\n<p><span style=\"font-family: Calibri,sans-serif\">Nach dem Interview sagt sie dann in ihrer freundlichen Art, wegen der man ihr wirklich nichts \u00fcbel nehmen kann: \u201e Ich habe gesagt, dass du noch ein paar Komplimente zu dem Projekt gemacht hast. Ich hoffe das war in Ordnung.\u201c Ich sage darauf nichts, ich will nicht unh\u00f6flich sein. Aber es beunruhigt mich, dass das chinesische Fernsehen jetzt sonstwas denkt, was ich wohl gesagt haben k\u00f6nnte. <\/span><\/p>\n<p><span style=\"font-family: Calibri,sans-serif\">Weitere<strong> f\u00fcnf Interviews<\/strong> mit Zeitungen folgen. Knifflige Fragen werden mir gestellt : \u201eWas h\u00e4ltst du vom chinesischen Verkehrssystem und was sind die Unterschiede zu Deutschland?\u201c oder \u201e<strong>Kannst du die Verkehrsregeln durchschauen?<\/strong>\u201c Mehr oder weniger charmant kann ich auf diese Fragen nur solche Dinge antworten wie zum Beispiel: \u201e Ich \u00fcberquere Stra\u00dfen nur dann, wenn ich eine Menschenansammlung sehe, die auch gerade hin\u00fcbergeht.\u201c Die Journalisten lachen. Ich nehme also an, dass diese Antwort sinngem\u00e4\u00df \u00fcbersetzt worden ist. Aber was soll ich sagen, ich pers\u00f6nlich habe die Regeln nicht verstanden, ich bin hier schon zweimal in einem Monat angefahren worden, zwar in \u201eslow motion\u201c aber trotzdem angefahren worden. In Bussen habe ich manchmal Angst, in Taxen sowieso. Das klingt nach fiesen Stereotypen. Wenn ich das jetzt sage, wer wei\u00df wie es \u00fcbersetzt wird. Ich m\u00f6chte nicht, dass es so dargestellt wird, dass alle Deutschen es so sehen wie ich. Vielleicht w\u00fcrde es richtig dargestellt werden, vielleicht aber auch nicht. Deswegen lasse ich es lieber. Und was halte ich nun von dem Projekt? Keine Ahnung, ich bin nicht ganz sicher, ob ich den Sinn erfasst habe. Seit ein paar Wochen stehen auf jeden Fall immer je vier Lehrer an einer Kreuzung f\u00fcnfzehn Minuten von der Schule entfernt. Es gibt dort Ampeln, aber die Lehrer sagen trotzdem noch einmal an, was die Ampeln sowieso schon anzeigen. Klar, auf die Ampeln h\u00f6rt hier nicht jeder, das habe ich schon bemerkt. Aber bringt das jetzt etwas, dass da Lehrer stehen? Ich meine, die Sch\u00fcler m\u00fcssen um halb acht in der Schule sein, die Lehrer stehen hier aber bis um neun, also bis die \u201eRush hour\u201c vorbei ist. Aber die anderen Menschen wissen ja gar nicht, dass da Lehrer stehen. Und es hat ja auch gar nicht den gleichen Effekt, wenn es nicht die eigenen Sch\u00fcler sind. <\/span><\/p>\n<p><span style=\"font-family: Calibri,sans-serif\">Also sage ich nur, dass ich glaube, dass es f\u00fcr die Sch\u00fcler gut ist, wenn sie jetzt in den Medien sehen und lesen k\u00f6nnen, dass sich ihre Lehrer f\u00fcr mehr Richtlinien im Verkehr einsetzen. Das kann ja auch sein. Mehr kann ich dazu eben wirklich nicht sagen. Aber es sind bestimmt Komplimente hinzugef\u00fcgt worden.<\/span><\/p>\n<p><span style=\"font-family: Calibri,sans-serif\">Tats\u00e4chlich kam ich gestern in die Mensa und die nette Dame von der Essensausgabe schrie ganz vergn\u00fcgt als sie mich sah: \u201e<\/span><span style=\"font-family: Calibri,sans-serif\">L<\/span>\u01ceow\u00e0i <span style=\"font-family: Calibri,sans-serif\">! <\/span><span style=\"font-family: Calibri,sans-serif\">L<\/span><span style=\"font-family: Calibri,sans-serif\">\u01ceow\u00e0i !\u201c und erz\u00e4hlte, dass sie mich im Fernsehen gesehen habe. Aus den hinteren Reihen der Schlange h\u00f6rte ich nur: \u201e<strong>Janna Superstar<\/strong>\u201c. Die Sch\u00fcler hatten es also auch im Fernsehen gesehen und ich hoffe, dass der Effekt nicht ausbleibt.<\/span><\/p>\n<p><strong><span style=\"font-family: Calibri,sans-serif\">Anmerkungen:<\/span><\/strong><\/p>\n<p><span style=\"font-family: Calibri,sans-serif\">Dass die Fotos auf der Stra\u00dfe entstanden als ich \u201eStopp\u201c zeigte obwohl die Ampel gr\u00fcn war, kann man den leicht s\u00e4uerlichen Gesichtern der Motorradfahrern entnehmen.<\/span><\/p>\n<p>\u201e<strong><span style=\"font-family: Calibri,sans-serif\">L<\/span>\u01ceow\u00e0i<\/strong> <span style=\"font-family: Calibri,sans-serif\">\u201c bedeutet Ausl\u00e4nder. Fr\u00fcher war es eher negativ konnotiert. Eine chinesische Englischlehrerin erkl\u00e4rte mir, dass es heute nicht mehr so negativ belegt ist und auch den Reaktionen der Menschen hier, die l\u01ceow\u00e0i zu mir sagen, w\u00fcrde ich entnehmen, dass es eher \u201ewertfrei\u201c ist und aus Neugierde und Wahrnehmung der Besonderheit gesagt wird. <\/span><\/p>\n\n<div class='gallery'><dl class='gallery-item'>\n\t\t\t<dt class='gallery-icon landscape'>\n\t\t\t\t<a href='https:\/\/kulturweit.blog\/jannainningbo\/2013\/05\/06\/198\/dscn0686\/'><img loading=\"lazy\" decoding=\"async\" width=\"150\" height=\"150\" src=\"https:\/\/kulturweit.blog\/jannainningbo\/files\/2013\/05\/DSCN0686-150x150.jpg\" class=\"attachment-thumbnail size-thumbnail\" alt=\"\" \/><\/a>\n\t\t\t<\/dt><\/dl><dl class='gallery-item'>\n\t\t\t<dt class='gallery-icon landscape'>\n\t\t\t\t<a href='https:\/\/kulturweit.blog\/jannainningbo\/2013\/05\/06\/198\/dscn0286\/'><img loading=\"lazy\" decoding=\"async\" width=\"150\" height=\"150\" src=\"https:\/\/kulturweit.blog\/jannainningbo\/files\/2013\/05\/DSCN0286-150x150.jpg\" class=\"attachment-thumbnail size-thumbnail\" alt=\"\" \/><\/a>\n\t\t\t<\/dt><\/dl><br style=\"clear: both\" \/><dl class='gallery-item'>\n\t\t\t<dt class='gallery-icon landscape'>\n\t\t\t\t<a href='https:\/\/kulturweit.blog\/jannainningbo\/2013\/05\/06\/198\/dscn0267\/'><img loading=\"lazy\" decoding=\"async\" width=\"150\" height=\"150\" src=\"https:\/\/kulturweit.blog\/jannainningbo\/files\/2013\/05\/DSCN0267-150x150.jpg\" class=\"attachment-thumbnail size-thumbnail\" alt=\"\" \/><\/a>\n\t\t\t<\/dt><\/dl><dl class='gallery-item'>\n\t\t\t<dt class='gallery-icon portrait'>\n\t\t\t\t<a href='https:\/\/kulturweit.blog\/jannainningbo\/2013\/05\/06\/198\/dscn0551\/'><img loading=\"lazy\" decoding=\"async\" width=\"150\" height=\"150\" src=\"https:\/\/kulturweit.blog\/jannainningbo\/files\/2013\/05\/DSCN0551-150x150.jpg\" class=\"attachment-thumbnail size-thumbnail\" alt=\"\" \/><\/a>\n\t\t\t<\/dt><\/dl><br style=\"clear: both\" \/>\n\t\t<\/div>\n\n<p><strong><span style=\"font-family: Calibri,sans-serif\">Motorr\u00e4der<\/span><\/strong><\/p>\n<p><span style=\"font-family: Calibri,sans-serif\">Richtige Motorr\u00e4der gibt es in Ningbo nicht, sie sind wegen der Abgase verboten. Es gibt nur Mopeds, die elektrisch betrieben sind und keinen Auspuff haben. Davon gibt es unglaublich viele, h\u00e4ufig sind sie sehr besonders beladen und haben sehr risikofreudige Fahrer. <\/span><\/p>\n<p><strong><span style=\"font-family: Calibri,sans-serif\">Polizei<\/span><\/strong><\/p>\n<p><span style=\"font-family: Calibri,sans-serif\">In jedem Reisef\u00fchrer, den ich gelesen habe, stand irgendwo zu lesen, ich solle besser nicht einfach so Fotos von der Polizei machen, schon gar nicht ohne zu fragen. Hallo? Bin ich gefragt worden, ob die Fotos von mir machen d\u00fcrfen? Aber hier will ja keiner kleinlich sein, schon gar nicht im letzten Satz des diesmal ziemlich langen Artikels.<\/span><\/p>\n","protected":false},"excerpt":{"rendered":"<p>Die Stra\u00dfen sind voll, der Verkehr scheint f\u00fcr mich unberechenbar, die Regeln f\u00fcr mich undurchschaubar. Trotzdem stehe ich heute morgen um 7:15 auf der Stra\u00dfenkreuzung und regle, in meiner roten Weste und einem kleinen gelben F\u00e4hnchen in der Hand, den &hellip; <a href=\"https:\/\/kulturweit.blog\/jannainningbo\/2013\/05\/06\/198\/\">Weiterlesen &rarr;<\/a><\/p>\n","protected":false},"author":1020,"featured_media":204,"comment_status":"open","ping_status":"open","sticky":false,"template":"","format":"standard","meta":{"footnotes":""},"categories":[21],"tags":[67,67605,256,682],"class_list":["post-198","post","type-post","status-publish","format-standard","has-post-thumbnail","hentry","category-allgemein","tag-china","tag-ningbo","tag-polizei","tag-verkehr"],"amp_enabled":true,"_links":{"self":[{"href":"https:\/\/kulturweit.blog\/jannainningbo\/wp-json\/wp\/v2\/posts\/198"}],"collection":[{"href":"https:\/\/kulturweit.blog\/jannainningbo\/wp-json\/wp\/v2\/posts"}],"about":[{"href":"https:\/\/kulturweit.blog\/jannainningbo\/wp-json\/wp\/v2\/types\/post"}],"author":[{"embeddable":true,"href":"https:\/\/kulturweit.blog\/jannainningbo\/wp-json\/wp\/v2\/users\/1020"}],"replies":[{"embeddable":true,"href":"https:\/\/kulturweit.blog\/jannainningbo\/wp-json\/wp\/v2\/comments?post=198"}],"version-history":[{"count":1,"href":"https:\/\/kulturweit.blog\/jannainningbo\/wp-json\/wp\/v2\/posts\/198\/revisions"}],"predecessor-version":[{"id":208,"href":"https:\/\/kulturweit.blog\/jannainningbo\/wp-json\/wp\/v2\/posts\/198\/revisions\/208"}],"wp:featuredmedia":[{"embeddable":true,"href":"https:\/\/kulturweit.blog\/jannainningbo\/wp-json\/wp\/v2\/media\/204"}],"wp:attachment":[{"href":"https:\/\/kulturweit.blog\/jannainningbo\/wp-json\/wp\/v2\/media?parent=198"}],"wp:term":[{"taxonomy":"category","embeddable":true,"href":"https:\/\/kulturweit.blog\/jannainningbo\/wp-json\/wp\/v2\/categories?post=198"},{"taxonomy":"post_tag","embeddable":true,"href":"https:\/\/kulturweit.blog\/jannainningbo\/wp-json\/wp\/v2\/tags?post=198"}],"curies":[{"name":"wp","href":"https:\/\/api.w.org\/{rel}","templated":true}]}}