{"id":534,"date":"2024-12-22T16:13:12","date_gmt":"2024-12-22T15:13:12","guid":{"rendered":"https:\/\/kulturweit.blog\/gyumri2425ilka\/?p=534"},"modified":"2024-12-22T16:28:48","modified_gmt":"2024-12-22T15:28:48","slug":"wandern-im-winter-ausflug-nach-marmashen","status":"publish","type":"post","link":"https:\/\/kulturweit.blog\/gyumri2425ilka\/2024\/12\/22\/wandern-im-winter-ausflug-nach-marmashen\/","title":{"rendered":"Wandern im Winter &#8211; Ausflug nach Marmashen"},"content":{"rendered":"<p>Hallo zusammen! \ud83d\ude0a<\/p>\n<p>Ein letztes Mal melde ich mich bei euch, bevor es in die Winterpause geht. Mit dem Fr\u00fchlingsbeginn im M\u00e4rz gibt es dann wieder neue Beitr\u00e4ge, doch bis dahin soll dieser hier der vorerst letzte sein. Und dabei wird es noch einmal winterlich:<\/p>\n<p>Am zweiten Adventswochenende habe ich von Samuel Besuch bekommen und gemeinsam mit einem franz\u00f6sischen Freiwilligen, den ich aus dem Jugendzentrum kenne, haben wir eine kleine Wanderung unternommen. Erst ging es mit der Marschrutka von meiner Wohnung aus in einen der Randbezirke Gyumris. Dort sollte unsere Wanderung zur Kirche von Marmashen starten und dick eingemummelt ging es querfeldein. Anatole, der franz\u00f6sische Freiwillige, war den Weg schon ein paar Mal gewandert und f\u00fchrte uns mitten durchs Nichts. Aufgrund des Nebels, der an diesem Tag ziemlich stark war, konnten wir zwar nicht weit sehen, aber daf\u00fcr waren wir in vollkommene Stille geh\u00fcllt. Abgesehen von dem Vogelgezwitscher, was ich schon lange nicht mehr geh\u00f6rt hatte und was uns auf unserem Weg immer wieder begleitete.<\/p>\n<p><a href=\"https:\/\/kulturweit.blog\/gyumri2425ilka\/files\/2024\/12\/20241208_131339.jpg\"><img loading=\"lazy\" decoding=\"async\" class=\"alignnone size-medium wp-image-528\" src=\"https:\/\/kulturweit.blog\/gyumri2425ilka\/files\/2024\/12\/20241208_131339-300x400.jpg\" alt=\"\" width=\"300\" height=\"400\" srcset=\"https:\/\/kulturweit.blog\/gyumri2425ilka\/files\/2024\/12\/20241208_131339-300x400.jpg 300w, https:\/\/kulturweit.blog\/gyumri2425ilka\/files\/2024\/12\/20241208_131339-624x832.jpg 624w, https:\/\/kulturweit.blog\/gyumri2425ilka\/files\/2024\/12\/20241208_131339.jpg 768w\" sizes=\"(max-width: 300px) 100vw, 300px\" \/><\/a><\/p>\n<p><a href=\"https:\/\/kulturweit.blog\/gyumri2425ilka\/files\/2024\/12\/20241208_125626.jpg\"><img loading=\"lazy\" decoding=\"async\" class=\"alignnone size-medium wp-image-530\" src=\"https:\/\/kulturweit.blog\/gyumri2425ilka\/files\/2024\/12\/20241208_125626-300x225.jpg\" alt=\"\" width=\"300\" height=\"225\" srcset=\"https:\/\/kulturweit.blog\/gyumri2425ilka\/files\/2024\/12\/20241208_125626-300x225.jpg 300w, https:\/\/kulturweit.blog\/gyumri2425ilka\/files\/2024\/12\/20241208_125626-768x576.jpg 768w, https:\/\/kulturweit.blog\/gyumri2425ilka\/files\/2024\/12\/20241208_125626-624x468.jpg 624w, https:\/\/kulturweit.blog\/gyumri2425ilka\/files\/2024\/12\/20241208_125626.jpg 1024w\" sizes=\"(max-width: 300px) 100vw, 300px\" \/><\/a><\/p>\n<p>Es hatte gefroren und so war der Boden ziemlich hart. Auch Schneereste waren \u00fcberall zu sehen. Wir kamen an einem See vorbei, der vollst\u00e4ndig zugefroren war. Ich bin mir sicher, dass man darauf ein paar Wochen sp\u00e4ter, wenn die Eisschicht auch wirklich dick genug war, prima h\u00e4tte Schlittschuhlaufen k\u00f6nnen. Auch zeigte uns Anatole die \u00dcberreste einer Festung, in deren Ruinen man sogar noch mit Mustern verzierte Tonscherben finden konnte. Das war wirklich cool und ich h\u00e4tte gern mehr \u00fcber die Geschichte der Festung erfahren.<\/p>\n<p><a href=\"https:\/\/kulturweit.blog\/gyumri2425ilka\/files\/2024\/12\/20241208_120406.jpg\"><img loading=\"lazy\" decoding=\"async\" class=\"alignnone wp-image-533 size-medium\" src=\"https:\/\/kulturweit.blog\/gyumri2425ilka\/files\/2024\/12\/20241208_120406-300x400.jpg\" alt=\"\" width=\"300\" height=\"400\" srcset=\"https:\/\/kulturweit.blog\/gyumri2425ilka\/files\/2024\/12\/20241208_120406-300x400.jpg 300w, https:\/\/kulturweit.blog\/gyumri2425ilka\/files\/2024\/12\/20241208_120406-624x832.jpg 624w, https:\/\/kulturweit.blog\/gyumri2425ilka\/files\/2024\/12\/20241208_120406.jpg 768w\" sizes=\"(max-width: 300px) 100vw, 300px\" \/><\/a><a href=\"https:\/\/kulturweit.blog\/gyumri2425ilka\/files\/2024\/12\/20241208_120410.jpg\"><img loading=\"lazy\" decoding=\"async\" class=\"alignnone wp-image-532 size-medium\" src=\"https:\/\/kulturweit.blog\/gyumri2425ilka\/files\/2024\/12\/20241208_120410-300x400.jpg\" alt=\"\" width=\"300\" height=\"400\" srcset=\"https:\/\/kulturweit.blog\/gyumri2425ilka\/files\/2024\/12\/20241208_120410-300x400.jpg 300w, https:\/\/kulturweit.blog\/gyumri2425ilka\/files\/2024\/12\/20241208_120410-624x832.jpg 624w, https:\/\/kulturweit.blog\/gyumri2425ilka\/files\/2024\/12\/20241208_120410.jpg 768w\" sizes=\"(max-width: 300px) 100vw, 300px\" \/><\/a><a href=\"https:\/\/kulturweit.blog\/gyumri2425ilka\/files\/2024\/12\/20241208_135447.jpg\"><img loading=\"lazy\" decoding=\"async\" class=\"alignnone wp-image-523 size-medium\" src=\"https:\/\/kulturweit.blog\/gyumri2425ilka\/files\/2024\/12\/20241208_135447-300x400.jpg\" alt=\"\" width=\"300\" height=\"400\" srcset=\"https:\/\/kulturweit.blog\/gyumri2425ilka\/files\/2024\/12\/20241208_135447-300x400.jpg 300w, https:\/\/kulturweit.blog\/gyumri2425ilka\/files\/2024\/12\/20241208_135447-624x832.jpg 624w, https:\/\/kulturweit.blog\/gyumri2425ilka\/files\/2024\/12\/20241208_135447.jpg 768w\" sizes=\"(max-width: 300px) 100vw, 300px\" \/><\/a><\/p>\n<p>Nach einer kurzen Kletterpartie einen Steinhang hinunter ging es auch schon weiter durchs Nichts. Wir waren uns aber einig, dass uns das \u201eNichts\u201c sehr gut gefiel. Es war die typische armenische H\u00fcgellandschaft mit jeder Menge Steinen und Felsen. Ab und zu stie\u00dfen wir auf Kuhfladen, doch von den Tieren oder ihren Hirten war ansonsten keine Spur zu sehen (was bei dem Wetter mit der K\u00e4lte auch nur nachvollziehbar war). Ungef\u00e4hr auf der H\u00e4lfte der Strecke kamen wir an einem Bauernhof vorbei und begegneten prompt dem Landwirt selbst auf seinem Trecker, der es sich nicht nehmen lie\u00df, zu hupen und uns fr\u00f6hlich zuzuwinken. Das erwiderten wir nat\u00fcrlich ebenso begeistert. Wirklich be\u00e4ngstigen waren allerdings die Hofhunde:<\/p>\n<p>Ich habe noch nie so gro\u00dfe Hunde gesehen und der Fakt, dass sie mit Eisenketten festgemacht waren, war irgendwie nur teilweise beruhigend. Auch als wir das Dorf Marmashen erreichten, begegneten uns immer wieder solche Riesenviecher, die uns bedrohlich anbellten. Gl\u00fccklicherweise hielten alle Ketten stand. Das Dorf selbst war ziemlich klein und noch \u201eurspr\u00fcnglich armenisch\u201c. W\u00e4hrend wir so die Stra\u00dfe entlangwanderten gr\u00fc\u00dften wir alle, die uns begegneten, und bekamen immer eine Antwort zur\u00fcck. Das ein oder andere Mal war auch ein skeptischer Blick dabei, was ich bei unserem Anblick aber auch verstehen konnte: Drei Ausl\u00e4nder in voller Wandermontur mitten im Winter.<\/p>\n<p><a href=\"https:\/\/kulturweit.blog\/gyumri2425ilka\/files\/2024\/12\/20241208_124401.jpg\"><img loading=\"lazy\" decoding=\"async\" class=\"alignnone size-medium wp-image-531\" src=\"https:\/\/kulturweit.blog\/gyumri2425ilka\/files\/2024\/12\/20241208_124401-300x225.jpg\" alt=\"\" width=\"300\" height=\"225\" srcset=\"https:\/\/kulturweit.blog\/gyumri2425ilka\/files\/2024\/12\/20241208_124401-300x225.jpg 300w, https:\/\/kulturweit.blog\/gyumri2425ilka\/files\/2024\/12\/20241208_124401-768x576.jpg 768w, https:\/\/kulturweit.blog\/gyumri2425ilka\/files\/2024\/12\/20241208_124401-624x468.jpg 624w, https:\/\/kulturweit.blog\/gyumri2425ilka\/files\/2024\/12\/20241208_124401.jpg 1024w\" sizes=\"(max-width: 300px) 100vw, 300px\" \/><\/a><\/p>\n<p>Nach unserem Ausflug durchs Dorf f\u00fchrte uns Anatole schlie\u00dflich zu einer kleinen Anh\u00f6he und da sahen wir endlich die Kirche:<\/p>\n<p><a href=\"https:\/\/kulturweit.blog\/gyumri2425ilka\/files\/2024\/12\/20241208_132238.jpg\"><img loading=\"lazy\" decoding=\"async\" class=\"alignnone size-medium wp-image-527\" src=\"https:\/\/kulturweit.blog\/gyumri2425ilka\/files\/2024\/12\/20241208_132238-300x400.jpg\" alt=\"\" width=\"300\" height=\"400\" srcset=\"https:\/\/kulturweit.blog\/gyumri2425ilka\/files\/2024\/12\/20241208_132238-300x400.jpg 300w, https:\/\/kulturweit.blog\/gyumri2425ilka\/files\/2024\/12\/20241208_132238-624x832.jpg 624w, https:\/\/kulturweit.blog\/gyumri2425ilka\/files\/2024\/12\/20241208_132238.jpg 768w\" sizes=\"(max-width: 300px) 100vw, 300px\" \/><\/a><a href=\"https:\/\/kulturweit.blog\/gyumri2425ilka\/files\/2024\/12\/20241208_130858.jpg\"><img loading=\"lazy\" decoding=\"async\" class=\"alignnone size-medium wp-image-529\" src=\"https:\/\/kulturweit.blog\/gyumri2425ilka\/files\/2024\/12\/20241208_130858-300x400.jpg\" alt=\"\" width=\"300\" height=\"400\" srcset=\"https:\/\/kulturweit.blog\/gyumri2425ilka\/files\/2024\/12\/20241208_130858-300x400.jpg 300w, https:\/\/kulturweit.blog\/gyumri2425ilka\/files\/2024\/12\/20241208_130858-624x832.jpg 624w, https:\/\/kulturweit.blog\/gyumri2425ilka\/files\/2024\/12\/20241208_130858.jpg 768w\" sizes=\"(max-width: 300px) 100vw, 300px\" \/><\/a><\/p>\n<p>Wir konnten super weit gucken und es war wirklich ein traumhafter Anblick. Auch hier fanden sich wieder die \u00dcberreste einer alten Festung und schlie\u00dflich zeigte uns Anatole eine angrenzende Kirchenruine mit Friedhof. Von dort aus ging es weiter querfeldein und bevor wir die Kirche besichtigten, ging es zum nahegelegenen Staudamm. Auch hier war das Wasser teilweise zu Eis gefroren und ich konnte nur daran denken, wie sch\u00f6n es hier jetzt war und wie sch\u00f6n es im Fr\u00fchjahr und Sommer sein w\u00fcrde, wenn die Natur gr\u00fcn ist.<\/p>\n<p><a href=\"https:\/\/kulturweit.blog\/gyumri2425ilka\/files\/2024\/12\/20241208_133548.jpg\"><img loading=\"lazy\" decoding=\"async\" class=\"alignnone size-medium wp-image-525\" src=\"https:\/\/kulturweit.blog\/gyumri2425ilka\/files\/2024\/12\/20241208_133548-300x400.jpg\" alt=\"\" width=\"300\" height=\"400\" srcset=\"https:\/\/kulturweit.blog\/gyumri2425ilka\/files\/2024\/12\/20241208_133548-300x400.jpg 300w, https:\/\/kulturweit.blog\/gyumri2425ilka\/files\/2024\/12\/20241208_133548-624x832.jpg 624w, https:\/\/kulturweit.blog\/gyumri2425ilka\/files\/2024\/12\/20241208_133548.jpg 768w\" sizes=\"(max-width: 300px) 100vw, 300px\" \/><\/a><\/p>\n<p>Schlie\u00dflich ging es auch zur und in die Kirche. Eine Armenierin lud uns ein, etwas Weihrauch zu verbrennen, und sang f\u00fcr uns ein armenisches Glaubenslied. Sie hatte eine wundersch\u00f6ne Stimme und mit der Akustik der Kirche kamen wir aus dem Staunen gar nicht mehr raus.<\/p>\n<p><a href=\"https:\/\/kulturweit.blog\/gyumri2425ilka\/files\/2024\/12\/20241208_133738.jpg\"><img loading=\"lazy\" decoding=\"async\" class=\"alignnone size-medium wp-image-524\" src=\"https:\/\/kulturweit.blog\/gyumri2425ilka\/files\/2024\/12\/20241208_133738-300x400.jpg\" alt=\"\" width=\"300\" height=\"400\" srcset=\"https:\/\/kulturweit.blog\/gyumri2425ilka\/files\/2024\/12\/20241208_133738-300x400.jpg 300w, https:\/\/kulturweit.blog\/gyumri2425ilka\/files\/2024\/12\/20241208_133738-624x832.jpg 624w, https:\/\/kulturweit.blog\/gyumri2425ilka\/files\/2024\/12\/20241208_133738.jpg 768w\" sizes=\"(max-width: 300px) 100vw, 300px\" \/><\/a><\/p>\n<p>Leider verlie\u00dfen mich dann die Kr\u00e4fte und es ging f\u00fcr uns nur noch an die Stra\u00dfe und mit dem Taxi zur\u00fcck nach Gyumri. Ich hatte schon w\u00e4hrend der Wanderung ein wenig geschw\u00e4chelt und leider entpuppte sich das \u201eKrankheitsgef\u00fchl\u201c als eine ausgewachsene Grippe, die mich f\u00fcr anderthalb Wochen au\u00dfer Gefecht setzte. Aber naja, nichtsdestotrotz war die Wanderung wirklich sch\u00f6n und ein Besuch der Kirche bei Marmarschen eine Empfehlung von mir f\u00fcr euren n\u00e4chsten Armenienurlaub, wenn es euch in die N\u00e4he von Gyumri verschl\u00e4gt.<\/p>\n<p>Und damit verabschiede ich mich in die Winterpause. Ich w\u00fcnsche euch allen ein sch\u00f6nes Weihnachtsfest und kommt gut ins neue Jahr 2025! Ich freue mich darauf, wenn es hier in zwei Monaten weitergeht.<\/p>\n<p>Bis bald! \ud83d\ude0a<\/p>\n<div id=\"attachment_522\" style=\"width: 310px\" class=\"wp-caption alignnone\"><a href=\"https:\/\/kulturweit.blog\/gyumri2425ilka\/files\/2024\/12\/20241219_082755.jpg\"><img loading=\"lazy\" decoding=\"async\" aria-describedby=\"caption-attachment-522\" class=\"wp-image-522 size-medium\" src=\"https:\/\/kulturweit.blog\/gyumri2425ilka\/files\/2024\/12\/20241219_082755-300x400.jpg\" alt=\"\" width=\"300\" height=\"400\" srcset=\"https:\/\/kulturweit.blog\/gyumri2425ilka\/files\/2024\/12\/20241219_082755-300x400.jpg 300w, https:\/\/kulturweit.blog\/gyumri2425ilka\/files\/2024\/12\/20241219_082755-624x832.jpg 624w, https:\/\/kulturweit.blog\/gyumri2425ilka\/files\/2024\/12\/20241219_082755.jpg 768w\" sizes=\"(max-width: 300px) 100vw, 300px\" \/><\/a><p id=\"caption-attachment-522\" class=\"wp-caption-text\">P.S.: Auch in meiner Schule geht es weihnachtlich zu. \ud83d\ude42<\/p><\/div>\n","protected":false},"excerpt":{"rendered":"<p>Hallo zusammen! \ud83d\ude0a Ein letztes Mal melde ich mich bei euch, bevor es in die Winterpause geht. Mit dem Fr\u00fchlingsbeginn im M\u00e4rz gibt es dann wieder neue Beitr\u00e4ge, doch bis dahin soll dieser hier der vorerst letzte sein. Und dabei wird es noch einmal winterlich: Am zweiten Adventswochenende habe ich von Samuel Besuch bekommen und [&hellip;]<\/p>\n","protected":false},"author":3272,"featured_media":526,"comment_status":"open","ping_status":"open","sticky":false,"template":"","format":"standard","meta":{"footnotes":""},"categories":[12,1,69,15],"tags":[51,88,63],"class_list":["post-534","post","type-post","status-publish","format-standard","has-post-thumbnail","hentry","category-kulturweitblog","category-allgemein","category-armenien","category-ausflug","tag-gyumri","tag-marmashen","tag-wandern"],"amp_enabled":true,"_links":{"self":[{"href":"https:\/\/kulturweit.blog\/gyumri2425ilka\/wp-json\/wp\/v2\/posts\/534"}],"collection":[{"href":"https:\/\/kulturweit.blog\/gyumri2425ilka\/wp-json\/wp\/v2\/posts"}],"about":[{"href":"https:\/\/kulturweit.blog\/gyumri2425ilka\/wp-json\/wp\/v2\/types\/post"}],"author":[{"embeddable":true,"href":"https:\/\/kulturweit.blog\/gyumri2425ilka\/wp-json\/wp\/v2\/users\/3272"}],"replies":[{"embeddable":true,"href":"https:\/\/kulturweit.blog\/gyumri2425ilka\/wp-json\/wp\/v2\/comments?post=534"}],"version-history":[{"count":4,"href":"https:\/\/kulturweit.blog\/gyumri2425ilka\/wp-json\/wp\/v2\/posts\/534\/revisions"}],"predecessor-version":[{"id":543,"href":"https:\/\/kulturweit.blog\/gyumri2425ilka\/wp-json\/wp\/v2\/posts\/534\/revisions\/543"}],"wp:featuredmedia":[{"embeddable":true,"href":"https:\/\/kulturweit.blog\/gyumri2425ilka\/wp-json\/wp\/v2\/media\/526"}],"wp:attachment":[{"href":"https:\/\/kulturweit.blog\/gyumri2425ilka\/wp-json\/wp\/v2\/media?parent=534"}],"wp:term":[{"taxonomy":"category","embeddable":true,"href":"https:\/\/kulturweit.blog\/gyumri2425ilka\/wp-json\/wp\/v2\/categories?post=534"},{"taxonomy":"post_tag","embeddable":true,"href":"https:\/\/kulturweit.blog\/gyumri2425ilka\/wp-json\/wp\/v2\/tags?post=534"}],"curies":[{"name":"wp","href":"https:\/\/api.w.org\/{rel}","templated":true}]}}