{"id":470,"date":"2024-12-08T08:54:14","date_gmt":"2024-12-08T07:54:14","guid":{"rendered":"https:\/\/kulturweit.blog\/gyumri2425ilka\/?p=470"},"modified":"2024-12-08T16:05:31","modified_gmt":"2024-12-08T15:05:31","slug":"weihnachtsmomente-von-a-wie-adventskalender-bis-w-wie-weihnachtsbazar","status":"publish","type":"post","link":"https:\/\/kulturweit.blog\/gyumri2425ilka\/2024\/12\/08\/weihnachtsmomente-von-a-wie-adventskalender-bis-w-wie-weihnachtsbazar\/","title":{"rendered":"Weihnachtsmomente \u2013 Von \u201eA\u201c wie \u201eAdventskalender\u201c bis \u201eW\u201c wie \u201eWeihnachtsbazar\u201c"},"content":{"rendered":"<p>Hallo zusammen! \ud83d\ude0a<\/p>\n<p>Heute geht es wie gewohnt weiter. Und das weihnachtlich! Letzten Sonntag war n\u00e4mlich der erste Advent und passend dazu gibt es in diesem Beitrag jede Menge Weihnachtsvorfreude. Also macht euch bereit f\u00fcr \u201eAlltagsmomente\u201c in der Sonderedition \u201eWeihnachten\u201c:<\/p>\n<p>\u201eA\u201c wie \u201eAdventskalender\u201c<\/p>\n<p>Den Anfang macht ein ganz besonderes Paket, was mich aus Deutschland erreicht hat. Ich war gerade aus Georgien zur\u00fcck, als meine Lieblingseltern mich mit der Nachricht \u00fcberrascht haben, dass ich mal wieder bei meinem zust\u00e4ndigen Postamt vorbeischauen m\u00fcsse. In Armenien ist es n\u00e4mlich meistens so, dass die Post nicht zu einem nach Hause, sondern an die n\u00e4chstgelegene Poststation gesendet wird. Um genau zu sein, habe ich in meiner bisherigen Zeit hier ganze zwei Briefk\u00e4sten gesehen und besitze selbst auch keinen. Also ging es auf zum Postamt, wo mich die Mitarbeitenden mittlerweile kennen. Ich war bereits hier gewesen, um ein anderes Paket mit Wintersachen abzuholen. Im Postamt erfolgte dann die Ern\u00fcchterung: Auch wenn es eigentlich bereits vor gut einer Woche angekommen sein sollte, konnten die Mitarbeitenden kein Paket aus Deutschland an meine Adresse finden (ich bin mir ziemlich sicher, dass es in diesem Postamt das einzige deutsche Paket war, aber naja). Entt\u00e4uscht verlie\u00df ich zun\u00e4chst die Poststation, nur um dann zwei Stunden sp\u00e4ter wieder auf der Matte zu stehen. Ich bestand nochmal energischer darauf, dass das Paket angekommen sein m\u00fcsste. Wundersamerweise war es dann auch wirklich da und gl\u00fccklich marschierte ich mit meinem Schatz nach Hause. Ich war super gespannt, was drin war, und im Beisein meiner Eltern \u00fcber Face-Time \u00f6ffnete ich meine \u00dcberraschung: Darin war ganz viel Weihnachtsdeko und ein selbstgemachter Adventskalender.<\/p>\n<p><a href=\"https:\/\/kulturweit.blog\/gyumri2425ilka\/files\/2024\/12\/Snapchat-1891782928-e1733397916420.jpg\"><img loading=\"lazy\" decoding=\"async\" class=\"alignnone size-medium wp-image-486\" src=\"https:\/\/kulturweit.blog\/gyumri2425ilka\/files\/2024\/12\/Snapchat-1891782928-e1733397916420-300x433.jpg\" alt=\"\" width=\"300\" height=\"433\" srcset=\"https:\/\/kulturweit.blog\/gyumri2425ilka\/files\/2024\/12\/Snapchat-1891782928-e1733397916420-300x433.jpg 300w, https:\/\/kulturweit.blog\/gyumri2425ilka\/files\/2024\/12\/Snapchat-1891782928-e1733397916420.jpg 576w\" sizes=\"(max-width: 300px) 100vw, 300px\" \/><\/a><\/p>\n<p>Ich habe mich so super doll dar\u00fcber gefreut! Damit ist das Weihnachtsgef\u00fchl in meine Wohnung eingezogen und mit ihm ein St\u00fcck von Zuhause. Es ist das erste Jahr, in dem ich Weihnachten nicht Zuhause bin und nicht mit meiner Familie und meinen Freunden feiern kann. Das wird ein sehr seltsames Gef\u00fchl sein, aber ich bin schon mit meinen Eltern zum Telefonieren und gemeinsamem Geschenke-Auspacken verabredet (ich habe n\u00e4mlich auch schon ein kleines P\u00e4ckchen auf seinen Weg nach Deutschland geschickt \ud83e\udd70).<\/p>\n<p>\u201eP\u201c wie \u201ePl\u00e4tzchen-Backen\u201c<\/p>\n<p>Um f\u00fcr den internationalen Weihnachtsbazar (siehe \u201eW\u201c wie \u201eWeihnachtsbazar\u201c) Pl\u00e4tzchen zu backen, waren wir am Samstagnachmittag\u00a0 von einer deutschen Familie zu sich nach Hause eingeladen worden. Die Mutter singt zusammen mit Nila und Lilly in einem Chor und dort ist auch die Idee entstanden. Also ging es mit dem Taxi los Richtung Pl\u00e4tzchenwerkstatt. Die Familie wohnt in einer Gated Community, dessen Tor wir allerdings ohne Probleme passieren konnten. Das Wohnviertel war eine eigene Welt, ganz im amerikanischen Stil. Mit dem \u201earmenischen Leben\u201c, wie ich es in Gyumri kennengelernt habe, hat das nicht mehr viel zu tun. Hier wohnen viele Familien aus den USA, bzw. aus aller Welt. In der Community gibt es einen eigenen Kindergarten sowie eine eigene Schule und die meisten Eltern haben h\u00f6here Positionen inne, kommen aus dem Ausland und verdienen gut. Die Familie, bei der wir zu Besuch waren, lebt seit Januar hier in Armenien und der Vater arbeitet beim der GIZ (Gesellschaft f\u00fcr Internationale Zusammenarbeit).<\/p>\n<p>Wir wurden herzlich begr\u00fc\u00dft und lernten sofort die beiden kleinen T\u00f6chter der Familie kennen. Kurz nach unserer Ankunft kamen ein paar Freunde von ihnen vorbei, um uns sp\u00e4ter dann tatkr\u00e4ftig beim Backen zu unterst\u00fctzen. Es war sehr s\u00fc\u00df, mit den Kleinen die Pl\u00e4tzchen auszustechen und ihre Freude dabei zu teilen, auch wenn ich froh bin, dass ich nicht an einer Grundschule oder in einem Kindergarten arbeite. Auch die Dekoration und das Verpacken der Kekse in kleinen T\u00fcten durfte zum Abschluss nat\u00fcrlich auch nicht fehlen. Insgesamt sind es knapp 40 T\u00fctchen geworden und wir waren den ganzen Abend besch\u00e4ftigt. Zum Abschluss haben wir noch mit etwas Sekt auf unser Geburtstagskind Lilly angesto\u00dfen und uns nett unterhalten.<\/p>\n<p><a href=\"https:\/\/kulturweit.blog\/gyumri2425ilka\/files\/2024\/12\/20241207_160137.jpg\"><img loading=\"lazy\" decoding=\"async\" class=\"alignnone wp-image-514 size-medium\" src=\"https:\/\/kulturweit.blog\/gyumri2425ilka\/files\/2024\/12\/20241207_160137-300x400.jpg\" alt=\"\" width=\"300\" height=\"400\" srcset=\"https:\/\/kulturweit.blog\/gyumri2425ilka\/files\/2024\/12\/20241207_160137-300x400.jpg 300w, https:\/\/kulturweit.blog\/gyumri2425ilka\/files\/2024\/12\/20241207_160137-624x832.jpg 624w, https:\/\/kulturweit.blog\/gyumri2425ilka\/files\/2024\/12\/20241207_160137.jpg 768w\" sizes=\"(max-width: 300px) 100vw, 300px\" \/><\/a><\/p>\n<p><a href=\"https:\/\/kulturweit.blog\/gyumri2425ilka\/files\/2024\/12\/IMG-20241130-WA0020.jpg\"><img loading=\"lazy\" decoding=\"async\" class=\"alignnone size-medium wp-image-480\" src=\"https:\/\/kulturweit.blog\/gyumri2425ilka\/files\/2024\/12\/IMG-20241130-WA0020-300x400.jpg\" alt=\"\" width=\"300\" height=\"400\" srcset=\"https:\/\/kulturweit.blog\/gyumri2425ilka\/files\/2024\/12\/IMG-20241130-WA0020-300x400.jpg 300w, https:\/\/kulturweit.blog\/gyumri2425ilka\/files\/2024\/12\/IMG-20241130-WA0020-624x832.jpg 624w, https:\/\/kulturweit.blog\/gyumri2425ilka\/files\/2024\/12\/IMG-20241130-WA0020.jpg 768w\" sizes=\"(max-width: 300px) 100vw, 300px\" \/><\/a><\/p>\n<p>F\u00fcr mich war es ein super sch\u00f6ner Nachmittag und das Pl\u00e4tzchenbacken hat mich richtig in Weihnachtsstimmung gebracht. Ein Highlight war, als wir gemeinsam \u201eIn der Weihnachtsb\u00e4ckerei\u201c gesungen haben. In Gyumri m\u00f6chte ich auch unbedingt nochmal Pl\u00e4tzchen machen und dank meines ersten Adventskalendert\u00fcrchens habe ich jetzt neben dem Keksrezept von Zuhause auch Pl\u00e4tzchenformen. Also ist alles startklar und ich brauche nur loszulegen!<\/p>\n<p>\u201eS\u201c wie \u201eSchnee\u201c<\/p>\n<p>Es hat geschneit! Und wie: Die Tage zuvor war es bereits st\u00fcrmisch gewesen und die Temperaturen ordentlich abgefallen. Der Blick in die dunklen Wolken, die \u00fcber den schon schneebedeckten Gipfeln hingen, hat bereits verraten, dass es die n\u00e4chsten Tage Schnee geben w\u00fcrde. Umso sch\u00f6ner war es dann, als eines Abends endlich wei\u00dfe Flocken vom Himmel fielen. Und nicht mehr aufh\u00f6rten. Es hat die ganze Nacht geschneit und so lang am n\u00e4chsten Morgen ordentlich Schnee:<\/p>\n<p><a href=\"https:\/\/kulturweit.blog\/gyumri2425ilka\/files\/2024\/12\/20241127_080630.jpg\"><img loading=\"lazy\" decoding=\"async\" class=\"alignnone size-medium wp-image-485\" src=\"https:\/\/kulturweit.blog\/gyumri2425ilka\/files\/2024\/12\/20241127_080630-300x400.jpg\" alt=\"\" width=\"300\" height=\"400\" srcset=\"https:\/\/kulturweit.blog\/gyumri2425ilka\/files\/2024\/12\/20241127_080630-300x400.jpg 300w, https:\/\/kulturweit.blog\/gyumri2425ilka\/files\/2024\/12\/20241127_080630-624x832.jpg 624w, https:\/\/kulturweit.blog\/gyumri2425ilka\/files\/2024\/12\/20241127_080630.jpg 768w\" sizes=\"(max-width: 300px) 100vw, 300px\" \/><\/a><\/p>\n<p><a href=\"https:\/\/kulturweit.blog\/gyumri2425ilka\/files\/2024\/12\/20241127_080800.jpg\"><img loading=\"lazy\" decoding=\"async\" class=\"alignnone size-medium wp-image-484\" src=\"https:\/\/kulturweit.blog\/gyumri2425ilka\/files\/2024\/12\/20241127_080800-300x400.jpg\" alt=\"\" width=\"300\" height=\"400\" srcset=\"https:\/\/kulturweit.blog\/gyumri2425ilka\/files\/2024\/12\/20241127_080800-300x400.jpg 300w, https:\/\/kulturweit.blog\/gyumri2425ilka\/files\/2024\/12\/20241127_080800-624x832.jpg 624w, https:\/\/kulturweit.blog\/gyumri2425ilka\/files\/2024\/12\/20241127_080800.jpg 768w\" sizes=\"(max-width: 300px) 100vw, 300px\" \/><\/a><\/p>\n<p>Gyumri hatte sich \u00fcber Nacht in ein Winter Wonderland verwandelt und es war super sch\u00f6n, den Schnee unter meinen Schuhen knirschen zu h\u00f6ren. Dick eingemummelt ging es zur Arbeit und im Sonnenaufgang hat der Schnee nur so geglitzert. Leider sind die Temperaturen den Tag \u00fcber so sehr angestiegen, dass es auf dem Nachhauseweg nur noch durch Schneematsch ging. Der dann am n\u00e4chsten Morgen zu Eis gefroren war, sodass ich tags darauf wie ein Pinguin zur Schule gewatschelt bin. Aber naja, es ist nur eine Frage der Zeit, bis der n\u00e4chste Schnee kommt.<\/p>\n<p>Die Temperaturen sind n\u00e4mlich nach wie vor eisig und ich bin sowohl f\u00fcr meine M\u00fctze als auch f\u00fcr meine Fu\u00dfbodenheizung mehr als dankbar.<\/p>\n<p><a href=\"https:\/\/kulturweit.blog\/gyumri2425ilka\/files\/2024\/12\/Screenshot_20241127_091515_Weather.jpg\"><img loading=\"lazy\" decoding=\"async\" class=\"alignnone wp-image-482 size-medium\" src=\"https:\/\/kulturweit.blog\/gyumri2425ilka\/files\/2024\/12\/Screenshot_20241127_091515_Weather-e1733399046585-300x542.jpg\" alt=\"\" width=\"300\" height=\"542\" srcset=\"https:\/\/kulturweit.blog\/gyumri2425ilka\/files\/2024\/12\/Screenshot_20241127_091515_Weather-e1733399046585-300x542.jpg 300w, https:\/\/kulturweit.blog\/gyumri2425ilka\/files\/2024\/12\/Screenshot_20241127_091515_Weather-e1733399046585.jpg 472w\" sizes=\"(max-width: 300px) 100vw, 300px\" \/><\/a><\/p>\n<p>\u201eW\u201c wie \u201eWeihnachtsbazar\u201c<\/p>\n<p>Bei unserem Treffen mit den deutschen Botschaftsmitarbeitenden anl\u00e4sslich des Volkstrauertages hatte uns die Frau des Konsuls gefragt, ob wir kulturweit-Freiweilligen nicht Lust h\u00e4tten, beim IWAY Charity-Weihnachtsbazar am Stand der deutschen Botschaft mitzuhelfen. Selbstverst\u00e4ndlich haben wir sofort \u201eJa\u201c gesagt. Und so ging es am ersten Adventssonntag mit dem Bus zum Marriott-Hotel in Yerewan, wo wir dann auch gleich eingebunden wurde. Es gab einen \u201esteuerfreien\u201c Bereich, in dem insgesamt zw\u00f6lf Botschaften ihre St\u00e4nde nebeneinander aufgebaut hatten. Das an den Botschaftsst\u00e4nden erwirtschaftete Geld wurde den Veranstalterinnen der IWAY (International Women\u00b4s Association of Yerevan) gespendet. Am deutschen Stand wurden dabei 403,000 AMD eingenommen, was nach Abzug der Ausgaben eine Spende von ungef\u00e4hr 500 Euro ergab. \u00dcberall hat es geduftet und es gab eine beeindruckende Vielfalt an Essen und anderen traditionellen Produkten wie beispielsweise ukrainisch-bestickte Hemden, griechische T\u00fccher oder japanisches Origami.<\/p>\n<p>Am deutschen Stand gab es selbstverst\u00e4ndlich hei\u00dfen Gl\u00fchwein und Punsch sowie alles M\u00f6gliche an Deko und klassischen Weihnachtss\u00fc\u00dfigkeiten: Schokoweihnachtsm\u00e4nner, Pl\u00e4tzchen (dazu sp\u00e4ter mehr), Lebkuchen, Christstollen, Spekulatius und so weiter. Der zweite Teil des Bazars war der &#8222;kommerzielle Teil&#8220;,\u00a0 wo Gesch\u00e4fte und Unternehmen einen Stand mieten und gegen eine Steuer ihre Waren anbieten konnten. Auch das war sehr faszinierend und es gab viel zu sehen.<\/p>\n<p><a href=\"https:\/\/kulturweit.blog\/gyumri2425ilka\/files\/2024\/12\/20241201_101722.jpg\"><img loading=\"lazy\" decoding=\"async\" class=\"alignnone size-medium wp-image-477\" src=\"https:\/\/kulturweit.blog\/gyumri2425ilka\/files\/2024\/12\/20241201_101722-300x400.jpg\" alt=\"\" width=\"300\" height=\"400\" srcset=\"https:\/\/kulturweit.blog\/gyumri2425ilka\/files\/2024\/12\/20241201_101722-300x400.jpg 300w, https:\/\/kulturweit.blog\/gyumri2425ilka\/files\/2024\/12\/20241201_101722-624x832.jpg 624w, https:\/\/kulturweit.blog\/gyumri2425ilka\/files\/2024\/12\/20241201_101722.jpg 768w\" sizes=\"(max-width: 300px) 100vw, 300px\" \/><\/a><\/p>\n<p><a href=\"https:\/\/kulturweit.blog\/gyumri2425ilka\/files\/2024\/12\/20241201_112401.jpg\"><img loading=\"lazy\" decoding=\"async\" class=\"alignnone size-medium wp-image-476\" src=\"https:\/\/kulturweit.blog\/gyumri2425ilka\/files\/2024\/12\/20241201_112401-300x225.jpg\" alt=\"\" width=\"300\" height=\"225\" srcset=\"https:\/\/kulturweit.blog\/gyumri2425ilka\/files\/2024\/12\/20241201_112401-300x225.jpg 300w, https:\/\/kulturweit.blog\/gyumri2425ilka\/files\/2024\/12\/20241201_112401-768x576.jpg 768w, https:\/\/kulturweit.blog\/gyumri2425ilka\/files\/2024\/12\/20241201_112401-624x468.jpg 624w, https:\/\/kulturweit.blog\/gyumri2425ilka\/files\/2024\/12\/20241201_112401.jpg 1024w\" sizes=\"(max-width: 300px) 100vw, 300px\" \/><\/a><\/p>\n<p><a href=\"https:\/\/kulturweit.blog\/gyumri2425ilka\/files\/2024\/12\/20241201_113801.jpg\"><img loading=\"lazy\" decoding=\"async\" class=\"alignnone size-medium wp-image-474\" src=\"https:\/\/kulturweit.blog\/gyumri2425ilka\/files\/2024\/12\/20241201_113801-300x400.jpg\" alt=\"\" width=\"300\" height=\"400\" srcset=\"https:\/\/kulturweit.blog\/gyumri2425ilka\/files\/2024\/12\/20241201_113801-300x400.jpg 300w, https:\/\/kulturweit.blog\/gyumri2425ilka\/files\/2024\/12\/20241201_113801-624x832.jpg 624w, https:\/\/kulturweit.blog\/gyumri2425ilka\/files\/2024\/12\/20241201_113801.jpg 768w\" sizes=\"(max-width: 300px) 100vw, 300px\" \/><\/a><\/p>\n<p><a href=\"https:\/\/kulturweit.blog\/gyumri2425ilka\/files\/2024\/12\/20241201_112643.jpg\"><img loading=\"lazy\" decoding=\"async\" class=\"alignnone size-medium wp-image-475\" src=\"https:\/\/kulturweit.blog\/gyumri2425ilka\/files\/2024\/12\/20241201_112643-300x225.jpg\" alt=\"\" width=\"300\" height=\"225\" srcset=\"https:\/\/kulturweit.blog\/gyumri2425ilka\/files\/2024\/12\/20241201_112643-300x225.jpg 300w, https:\/\/kulturweit.blog\/gyumri2425ilka\/files\/2024\/12\/20241201_112643-768x576.jpg 768w, https:\/\/kulturweit.blog\/gyumri2425ilka\/files\/2024\/12\/20241201_112643-624x468.jpg 624w, https:\/\/kulturweit.blog\/gyumri2425ilka\/files\/2024\/12\/20241201_112643.jpg 1024w\" sizes=\"(max-width: 300px) 100vw, 300px\" \/><\/a><\/p>\n<p>Wir Armenien-Freiwillige haben im Schichtbetrieb gearbeitet, sodass ich in meiner freien Zeit zusammen mit Samuel umher geschlendert bin. Es gab viele St\u00e4nde, die (armenischen) Schmuck angeboten haben und es gab viel von der bekannten \u201earmenischen Handwerkskunst\u201c zu sehen. Auch einige Essensst\u00e4nde waren vertreten und zwischendurch gab es auf einer kleinen B\u00fchne Auftritte von Musikgruppen. F\u00fcr mich war aber fast die interessanteste Erfahrung, als ich Samuel bei einer seiner \u201eRaucherpausen\u201c nach drau\u00dfen begleitet habe:<\/p>\n<p>Wir haben uns dabei n\u00e4mlich unterhalten und pl\u00f6tzlich sprach uns eine Armenierin auf Deutsch an, ob wir aus Deutschland k\u00e4men. Sie habe drei Jahre in \u00d6sterreich gelebt und wollte wissen, was wir hier in Armenien machen w\u00fcrden. Kurz darauf gesellte sich noch ein Mann zu uns, der ebenfalls f\u00fcr ein paar Monate in \u00d6sterreich studiert habe. Es war wirklich witzig, wie viele Menschen auf diesem Bazar Deutsch sprechen konnten oder zumindest ein bisschen was verstanden haben. Gleich zu Beginn meiner ersten Schicht bin ich einem Armenier, der ukrainischer Honorarkonsul ??? ist, begegnet und wir haben uns auf einem wilden Mix aus Deutsch und Armenisch unterhalten. Sein Deutsch und mein Armenisch waren dabei auf einem ungef\u00e4hr gleich schlechten Niveau, aber irgendwie hat es dann doch funktioniert.<\/p>\n<p>Die Internationalit\u00e4t des Bazars hat ihn f\u00fcr mich so besonders gemacht und es war nett, die Botschaftsmitarbeitenden und auch die Botschafterin (zumindest kurz) wiederzusehen. Wirklich beeindruckend war auch die Vielfalt und die Unterschiede zu sehen, wie Weihnachten in anderen L\u00e4ndern gefeiert wird und was in ihnen zu Weihnachten dazugeh\u00f6rt. Eine weitere wertvolle Erfahrung, die die Weihnachtszeit mit dem ersten Advent gut eingeleitet hat.<\/p>\n<p><a href=\"https:\/\/kulturweit.blog\/gyumri2425ilka\/files\/2024\/12\/IMG-20241201-WA0042.jpg\"><img loading=\"lazy\" decoding=\"async\" class=\"alignnone size-medium wp-image-472\" src=\"https:\/\/kulturweit.blog\/gyumri2425ilka\/files\/2024\/12\/IMG-20241201-WA0042-300x225.jpg\" alt=\"\" width=\"300\" height=\"225\" srcset=\"https:\/\/kulturweit.blog\/gyumri2425ilka\/files\/2024\/12\/IMG-20241201-WA0042-300x225.jpg 300w, https:\/\/kulturweit.blog\/gyumri2425ilka\/files\/2024\/12\/IMG-20241201-WA0042-768x576.jpg 768w, https:\/\/kulturweit.blog\/gyumri2425ilka\/files\/2024\/12\/IMG-20241201-WA0042-624x468.jpg 624w, https:\/\/kulturweit.blog\/gyumri2425ilka\/files\/2024\/12\/IMG-20241201-WA0042.jpg 1024w\" sizes=\"(max-width: 300px) 100vw, 300px\" \/><\/a><\/p>\n<p>Ich hoffe, dass ihr beim Lesen meines Blogs vielleicht auch ein paar Weihnachtsgef\u00fchle bekommen habt, und w\u00fcnsche euch allen von Herzen eine sch\u00f6ne Adventszeit.<\/p>\n<p>Bis bald! \ud83d\ude42<\/p>\n","protected":false},"excerpt":{"rendered":"<p>Hallo zusammen! \ud83d\ude0a Heute geht es wie gewohnt weiter. Und das weihnachtlich! Letzten Sonntag war n\u00e4mlich der erste Advent und passend dazu gibt es in diesem Beitrag jede Menge Weihnachtsvorfreude. Also macht euch bereit f\u00fcr \u201eAlltagsmomente\u201c in der Sonderedition \u201eWeihnachten\u201c: \u201eA\u201c wie \u201eAdventskalender\u201c Den Anfang macht ein ganz besonderes Paket, was mich aus Deutschland erreicht [&hellip;]<\/p>\n","protected":false},"author":3272,"featured_media":478,"comment_status":"open","ping_status":"open","sticky":false,"template":"","format":"standard","meta":{"footnotes":""},"categories":[12,1,69],"tags":[85,84,83],"class_list":["post-470","post","type-post","status-publish","format-standard","has-post-thumbnail","hentry","category-kulturweitblog","category-allgemein","category-armenien","tag-advent","tag-schnee","tag-weihnachten"],"amp_enabled":true,"_links":{"self":[{"href":"https:\/\/kulturweit.blog\/gyumri2425ilka\/wp-json\/wp\/v2\/posts\/470"}],"collection":[{"href":"https:\/\/kulturweit.blog\/gyumri2425ilka\/wp-json\/wp\/v2\/posts"}],"about":[{"href":"https:\/\/kulturweit.blog\/gyumri2425ilka\/wp-json\/wp\/v2\/types\/post"}],"author":[{"embeddable":true,"href":"https:\/\/kulturweit.blog\/gyumri2425ilka\/wp-json\/wp\/v2\/users\/3272"}],"replies":[{"embeddable":true,"href":"https:\/\/kulturweit.blog\/gyumri2425ilka\/wp-json\/wp\/v2\/comments?post=470"}],"version-history":[{"count":4,"href":"https:\/\/kulturweit.blog\/gyumri2425ilka\/wp-json\/wp\/v2\/posts\/470\/revisions"}],"predecessor-version":[{"id":519,"href":"https:\/\/kulturweit.blog\/gyumri2425ilka\/wp-json\/wp\/v2\/posts\/470\/revisions\/519"}],"wp:featuredmedia":[{"embeddable":true,"href":"https:\/\/kulturweit.blog\/gyumri2425ilka\/wp-json\/wp\/v2\/media\/478"}],"wp:attachment":[{"href":"https:\/\/kulturweit.blog\/gyumri2425ilka\/wp-json\/wp\/v2\/media?parent=470"}],"wp:term":[{"taxonomy":"category","embeddable":true,"href":"https:\/\/kulturweit.blog\/gyumri2425ilka\/wp-json\/wp\/v2\/categories?post=470"},{"taxonomy":"post_tag","embeddable":true,"href":"https:\/\/kulturweit.blog\/gyumri2425ilka\/wp-json\/wp\/v2\/tags?post=470"}],"curies":[{"name":"wp","href":"https:\/\/api.w.org\/{rel}","templated":true}]}}