{"id":45,"date":"2024-09-15T18:32:30","date_gmt":"2024-09-15T16:32:30","guid":{"rendered":"https:\/\/kulturweit.blog\/gyumri2425ilka\/?p=45"},"modified":"2024-09-25T17:03:02","modified_gmt":"2024-09-25T15:03:02","slug":"das-wandern-ist-des-muellers-lust-wenn-man-vorher-richtig-liest","status":"publish","type":"post","link":"https:\/\/kulturweit.blog\/gyumri2425ilka\/2024\/09\/15\/das-wandern-ist-des-muellers-lust-wenn-man-vorher-richtig-liest\/","title":{"rendered":"&#8222;Das Wandern ist des M\u00fcllers Lust&#8220; &#8211; Wenn man vorher richtig liest&#8230;"},"content":{"rendered":"<p>Hallo zusammen! \ud83d\ude0a<\/p>\n<p>Wer mich ein bisschen besser kennt oder meine Selbstbeschreibung hier auf diesem Blog bei \u201e\u00dcber mich\u201c gelesen hat, der wei\u00df, dass ich gerne wandern gehe. Und kaum hatte ich in meinem Armenien-Reisef\u00fchrer ein Kapitel mit der \u00dcberschrift \u201eWanderrouten\u201c gesehen, stand f\u00fcr mich fest, dass ich diese Seite Armeniens definitiv erkunden m\u00f6chte, sobald ich da bin. Umso besser, dass meine Mitfreiwilligen alle ebenso wanderbegeistert sind. Damit war unser Programm f\u00fcr den ersten gemeinsamen Samstag in Yerewan gesetzt. \u00dcber \u201eHike-Armenia\u201c, einer Wander-App, die uns empfohlen worden war, suchten wir uns eine mittelschwere Route aus, die dreieinhalb Stunden dauern und knapp 13 km umfassen sollte. Startpunkt war der Tempel von Garni, den wir nach einer wilden Taxifahrt auf Stra\u00dfen mit den gr\u00f6\u00dften Schlagl\u00f6chern, die ich jemals gesehen habe, gut durchgesch\u00fcttelt erreichten.<\/p>\n<p>Wir lie\u00dfen es uns nicht nehmen und bezahlten den Eintritt von 3,50 Euro, um ihn uns anschauen zu k\u00f6nnen. W\u00e4hrend die Gr\u00f6\u00dfe f\u00fcr einige eher entt\u00e4uschend war (der Tempel ist nicht sonderlich gro\u00df), war ich von der hellenistisch-r\u00f6mischen Bauweise fasziniert. Es hat mir vor Augen gef\u00fchrt, dass es in diesem Land nicht nur sowjetische, sondern noch so viele andere Einfl\u00fcsse gab, derer ich mir bisher noch gar nicht bewusst war. Da ich euch hier aber nicht allzu sehr mit meiner Liebe f\u00fcr Geschichte langweilen m\u00f6chte und die Bilder in diesem Beitrag f\u00fcr sich selber sprechen,\u00a0 schaut euch den Tempel und die grandiose Aussicht vom Tempelgel\u00e4nde aus selbst an:<\/p>\n<div id=\"attachment_46\" style=\"width: 310px\" class=\"wp-caption alignnone\"><a href=\"https:\/\/kulturweit.blog\/gyumri2425ilka\/files\/2024\/09\/IMG-20240914-WA00091.jpg\"><img loading=\"lazy\" decoding=\"async\" aria-describedby=\"caption-attachment-46\" class=\"wp-image-46 size-medium\" src=\"https:\/\/kulturweit.blog\/gyumri2425ilka\/files\/2024\/09\/IMG-20240914-WA00091-300x400.jpg\" alt=\"Unsere Reisegruppe.\" width=\"300\" height=\"400\" srcset=\"https:\/\/kulturweit.blog\/gyumri2425ilka\/files\/2024\/09\/IMG-20240914-WA00091-300x400.jpg 300w, https:\/\/kulturweit.blog\/gyumri2425ilka\/files\/2024\/09\/IMG-20240914-WA00091-624x832.jpg 624w, https:\/\/kulturweit.blog\/gyumri2425ilka\/files\/2024\/09\/IMG-20240914-WA00091.jpg 768w\" sizes=\"(max-width: 300px) 100vw, 300px\" \/><\/a><p id=\"caption-attachment-46\" class=\"wp-caption-text\">Unsere Reisegruppe.<\/p><\/div>\n<div id=\"attachment_49\" style=\"width: 310px\" class=\"wp-caption alignnone\"><a href=\"https:\/\/kulturweit.blog\/gyumri2425ilka\/files\/2024\/09\/20240914_1252061.jpg\"><img loading=\"lazy\" decoding=\"async\" aria-describedby=\"caption-attachment-49\" class=\"wp-image-49 size-medium\" src=\"https:\/\/kulturweit.blog\/gyumri2425ilka\/files\/2024\/09\/20240914_1252061-300x225.jpg\" alt=\"\" width=\"300\" height=\"225\" srcset=\"https:\/\/kulturweit.blog\/gyumri2425ilka\/files\/2024\/09\/20240914_1252061-300x225.jpg 300w, https:\/\/kulturweit.blog\/gyumri2425ilka\/files\/2024\/09\/20240914_1252061-768x576.jpg 768w, https:\/\/kulturweit.blog\/gyumri2425ilka\/files\/2024\/09\/20240914_1252061-624x468.jpg 624w, https:\/\/kulturweit.blog\/gyumri2425ilka\/files\/2024\/09\/20240914_1252061.jpg 1024w\" sizes=\"(max-width: 300px) 100vw, 300px\" \/><\/a><p id=\"caption-attachment-49\" class=\"wp-caption-text\">Der Tempel von Garni.<\/p><\/div>\n<div id=\"attachment_48\" style=\"width: 310px\" class=\"wp-caption alignnone\"><a href=\"https:\/\/kulturweit.blog\/gyumri2425ilka\/files\/2024\/09\/20240914_1257531-1.jpg\"><img loading=\"lazy\" decoding=\"async\" aria-describedby=\"caption-attachment-48\" class=\"wp-image-48 size-medium\" src=\"https:\/\/kulturweit.blog\/gyumri2425ilka\/files\/2024\/09\/20240914_1257531-1-300x225.jpg\" alt=\"\" width=\"300\" height=\"225\" srcset=\"https:\/\/kulturweit.blog\/gyumri2425ilka\/files\/2024\/09\/20240914_1257531-1-300x225.jpg 300w, https:\/\/kulturweit.blog\/gyumri2425ilka\/files\/2024\/09\/20240914_1257531-1-768x576.jpg 768w, https:\/\/kulturweit.blog\/gyumri2425ilka\/files\/2024\/09\/20240914_1257531-1-624x468.jpg 624w, https:\/\/kulturweit.blog\/gyumri2425ilka\/files\/2024\/09\/20240914_1257531-1.jpg 1024w\" sizes=\"(max-width: 300px) 100vw, 300px\" \/><\/a><p id=\"caption-attachment-48\" class=\"wp-caption-text\">Die Aussicht vom Tempelgel\u00e4nde.<\/p><\/div>\n<p>Armenien hat mit diesem Ausflug mein Herz erweicht. Die massiven Gebirgsketten und die weite Sicht waren erst der Anfang unserer Wanderung. W\u00e4hrend ich vorher vor allem viele Steine und kahles Land gesehen hatte, pr\u00e4sentierte sich Armenien hier von seiner anderen Seite: Entlang des Azat-Flusses war es sehr gr\u00fcn und nach jeder Biegung wurden wir von neuer Vielfalt und Sch\u00f6nheit der Natur \u00fcberrascht. Mal f\u00fchlten wir uns an Deutschland erinnert, mal an die Toskana oder Spanien. Lediglich die Stromtrassen und gelegentlichen Rohre holten uns aus dem \u201eNatur-pur\u201c-Gef\u00fchl raus, konnten unserer Laune allerdings keinerlei Abbruch tun. Ein Highlight unserer Tour war auf jeden Fall das Baden im Fluss. Aufgrund der eisigen K\u00e4lte des Flusses, der im Gebirge entspringt, zwar nur mit den F\u00fc\u00dfen, aber bei 30 Grad Celsius und wenig Schatten doch eine willkommene Abk\u00fchlung.<\/p>\n<p><a href=\"https:\/\/kulturweit.blog\/gyumri2425ilka\/files\/2024\/09\/20240914_1400381.jpg\"><img loading=\"lazy\" decoding=\"async\" class=\"alignnone size-medium wp-image-53\" src=\"https:\/\/kulturweit.blog\/gyumri2425ilka\/files\/2024\/09\/20240914_1400381-300x400.jpg\" alt=\"\" width=\"300\" height=\"400\" srcset=\"https:\/\/kulturweit.blog\/gyumri2425ilka\/files\/2024\/09\/20240914_1400381-300x400.jpg 300w, https:\/\/kulturweit.blog\/gyumri2425ilka\/files\/2024\/09\/20240914_1400381-624x832.jpg 624w, https:\/\/kulturweit.blog\/gyumri2425ilka\/files\/2024\/09\/20240914_1400381.jpg 768w\" sizes=\"(max-width: 300px) 100vw, 300px\" \/><\/a><a href=\"https:\/\/kulturweit.blog\/gyumri2425ilka\/files\/2024\/09\/IMG-20240915-WA00451.jpg\"><img loading=\"lazy\" decoding=\"async\" class=\"alignnone size-medium wp-image-57\" src=\"https:\/\/kulturweit.blog\/gyumri2425ilka\/files\/2024\/09\/IMG-20240915-WA00451-300x400.jpg\" alt=\"\" width=\"300\" height=\"400\" srcset=\"https:\/\/kulturweit.blog\/gyumri2425ilka\/files\/2024\/09\/IMG-20240915-WA00451-300x400.jpg 300w, https:\/\/kulturweit.blog\/gyumri2425ilka\/files\/2024\/09\/IMG-20240915-WA00451-624x832.jpg 624w, https:\/\/kulturweit.blog\/gyumri2425ilka\/files\/2024\/09\/IMG-20240915-WA00451.jpg 768w\" sizes=\"(max-width: 300px) 100vw, 300px\" \/><\/a><a href=\"https:\/\/kulturweit.blog\/gyumri2425ilka\/files\/2024\/09\/20240914_1353031.jpg\"><img loading=\"lazy\" decoding=\"async\" class=\"alignnone size-medium wp-image-52\" src=\"https:\/\/kulturweit.blog\/gyumri2425ilka\/files\/2024\/09\/20240914_1353031-300x400.jpg\" alt=\"\" width=\"300\" height=\"400\" srcset=\"https:\/\/kulturweit.blog\/gyumri2425ilka\/files\/2024\/09\/20240914_1353031-300x400.jpg 300w, https:\/\/kulturweit.blog\/gyumri2425ilka\/files\/2024\/09\/20240914_1353031-624x832.jpg 624w, https:\/\/kulturweit.blog\/gyumri2425ilka\/files\/2024\/09\/20240914_1353031.jpg 768w\" sizes=\"(max-width: 300px) 100vw, 300px\" \/><\/a><a href=\"https:\/\/kulturweit.blog\/gyumri2425ilka\/files\/2024\/09\/20240914_1418081.jpg\"><img loading=\"lazy\" decoding=\"async\" class=\"alignnone size-medium wp-image-51\" src=\"https:\/\/kulturweit.blog\/gyumri2425ilka\/files\/2024\/09\/20240914_1418081-300x400.jpg\" alt=\"\" width=\"300\" height=\"400\" srcset=\"https:\/\/kulturweit.blog\/gyumri2425ilka\/files\/2024\/09\/20240914_1418081-300x400.jpg 300w, https:\/\/kulturweit.blog\/gyumri2425ilka\/files\/2024\/09\/20240914_1418081-624x832.jpg 624w, https:\/\/kulturweit.blog\/gyumri2425ilka\/files\/2024\/09\/20240914_1418081.jpg 768w\" sizes=\"(max-width: 300px) 100vw, 300px\" \/><\/a><\/p>\n<p>Dort, wo kein k\u00fchlendes Wasser oder Schatten war, hielten wir uns durch Singen bei Laune. Angefangen bei Wanderliedern (wo wir allerdings sehr schnell an unsere Grenzen kamen; wir kannten kaum welche) sangen wir uns durch s\u00e4mtliche deutschen Hits der letzten Jahre und Jahrzehnte. Mal mehr, mal weniger textsicher.<\/p>\n<p><a href=\"https:\/\/kulturweit.blog\/gyumri2425ilka\/files\/2024\/09\/20240914_1632031.jpg\"><img loading=\"lazy\" decoding=\"async\" class=\"alignnone size-medium wp-image-55\" src=\"https:\/\/kulturweit.blog\/gyumri2425ilka\/files\/2024\/09\/20240914_1632031-300x225.jpg\" alt=\"\" width=\"300\" height=\"225\" srcset=\"https:\/\/kulturweit.blog\/gyumri2425ilka\/files\/2024\/09\/20240914_1632031-300x225.jpg 300w, https:\/\/kulturweit.blog\/gyumri2425ilka\/files\/2024\/09\/20240914_1632031-768x576.jpg 768w, https:\/\/kulturweit.blog\/gyumri2425ilka\/files\/2024\/09\/20240914_1632031-624x468.jpg 624w, https:\/\/kulturweit.blog\/gyumri2425ilka\/files\/2024\/09\/20240914_1632031.jpg 1024w\" sizes=\"(max-width: 300px) 100vw, 300px\" \/><\/a><\/p>\n<div id=\"attachment_54\" style=\"width: 310px\" class=\"wp-caption alignnone\"><a href=\"https:\/\/kulturweit.blog\/gyumri2425ilka\/files\/2024\/09\/20240914_1514051.jpg\"><img loading=\"lazy\" decoding=\"async\" aria-describedby=\"caption-attachment-54\" class=\"size-medium wp-image-54\" src=\"https:\/\/kulturweit.blog\/gyumri2425ilka\/files\/2024\/09\/20240914_1514051-300x400.jpg\" alt=\"\" width=\"300\" height=\"400\" srcset=\"https:\/\/kulturweit.blog\/gyumri2425ilka\/files\/2024\/09\/20240914_1514051-300x400.jpg 300w, https:\/\/kulturweit.blog\/gyumri2425ilka\/files\/2024\/09\/20240914_1514051-624x832.jpg 624w, https:\/\/kulturweit.blog\/gyumri2425ilka\/files\/2024\/09\/20240914_1514051.jpg 768w\" sizes=\"(max-width: 300px) 100vw, 300px\" \/><\/a><p id=\"caption-attachment-54\" class=\"wp-caption-text\">Eine Pause im Schatten ist ein Muss!\u00a0 \ud83d\ude42<\/p><\/div>\n<p><a href=\"https:\/\/kulturweit.blog\/gyumri2425ilka\/files\/2024\/09\/20240914_1641041.jpg\"><img loading=\"lazy\" decoding=\"async\" class=\"alignnone size-medium wp-image-56\" src=\"https:\/\/kulturweit.blog\/gyumri2425ilka\/files\/2024\/09\/20240914_1641041-300x400.jpg\" alt=\"\" width=\"300\" height=\"400\" srcset=\"https:\/\/kulturweit.blog\/gyumri2425ilka\/files\/2024\/09\/20240914_1641041-300x400.jpg 300w, https:\/\/kulturweit.blog\/gyumri2425ilka\/files\/2024\/09\/20240914_1641041-624x832.jpg 624w, https:\/\/kulturweit.blog\/gyumri2425ilka\/files\/2024\/09\/20240914_1641041.jpg 768w\" sizes=\"(max-width: 300px) 100vw, 300px\" \/><\/a><\/p>\n<p>Am Ende unserer Wanderung angekommen, stellte uns Armenien jedoch die n\u00e4chste Aufgabe: Den genauen Endpunkt finden. Eigentlich war das Azat-Reservoir als solcher angeben, doch wir konnten es auch dann nicht entdecken, als wir uns knappe zehn Minuten weiter durchs Geb\u00fcsch schlugen und dabei die ein oder andere Schlange aufschreckten. Nur um dann festzustellen, dass wir schon am \u201eEndpunkt\u201c vorbeigelaufen waren. Die Wandertour endete n\u00e4mlich gar nicht wirklich beim Reservoir, sondern ein gutes St\u00fcck davor. Wir hatten nicht richtig gelesen und am Endpunkt neben dem Reservoir zu allem \u00dcberfluss auch noch eine Stra\u00dfe erwartet, von der aus wir zur\u00fcck nach Yerewan gelangen k\u00f6nnten. Die gab es dort aber nicht. Stattdessen stand in der Tour-Beschreibung, dass wir 4 km zur letzten Gabelung zur\u00fccklaufen m\u00fcssten und von dort aus nach weiteren 2 km an eine Stra\u00dfe gelangen k\u00f6nnten. Also hie\u00df es umdrehen und das Tal nochmal von der anderen Seite bewundern.<\/p>\n<p>Komplett ersch\u00f6pft kam uns aber der Zufall und die \u201earmenische Gastfreundschaft\u201c zur Rettung: Zwei Armenier, die wir vorher schon beim Fischen gesehen hatten, wollten zur gleichen Zeit nach Hause und fuhren mit ihrem alten Truck an uns vorbei. Prompt hielten sie an und bestanden darauf, uns ein St\u00fcck mitzunehmen. Wieder kannte ihre Hilfsbereitschaft keine Sprachbarriere. Es beeindruckt mich zutiefst und ich verneige mich vor diesem Land, wenn man bedenkt, wie viele Begegnungen dieser Art ich allein in meiner ersten Woche hier hatte. Das ist definitiv etwas, was ich mit nach Deutschland nehmen m\u00f6chte: Die Unvoreingenommenheit und Offenheit, auf fremde Menschen zuzugehen, ihnen Hilfe anzubieten und mit ihnen zu teilen.<\/p>\n<p>Mit diesen sch\u00f6nen Worten m\u00f6chte ich diesen Beitrag \u00fcber meine erste Wanderung in Armenien beenden und lasse die Bilder f\u00fcr sich sprechen.<\/p>\n<p>Bis bald! \ud83d\ude0a<\/p>\n<p>&nbsp;<\/p>\n","protected":false},"excerpt":{"rendered":"<p>Hallo zusammen! \ud83d\ude0a Wer mich ein bisschen besser kennt oder meine Selbstbeschreibung hier auf diesem Blog bei \u201e\u00dcber mich\u201c gelesen hat, der wei\u00df, dass ich gerne wandern gehe. Und kaum hatte ich in meinem Armenien-Reisef\u00fchrer ein Kapitel mit der \u00dcberschrift \u201eWanderrouten\u201c gesehen, stand f\u00fcr mich fest, dass ich diese Seite Armeniens definitiv erkunden m\u00f6chte, sobald [&hellip;]<\/p>\n","protected":false},"author":3272,"featured_media":58,"comment_status":"open","ping_status":"open","sticky":false,"template":"","format":"standard","meta":{"footnotes":""},"categories":[12,1],"tags":[63],"class_list":["post-45","post","type-post","status-publish","format-standard","has-post-thumbnail","hentry","category-kulturweitblog","category-allgemein","tag-wandern"],"amp_enabled":true,"_links":{"self":[{"href":"https:\/\/kulturweit.blog\/gyumri2425ilka\/wp-json\/wp\/v2\/posts\/45"}],"collection":[{"href":"https:\/\/kulturweit.blog\/gyumri2425ilka\/wp-json\/wp\/v2\/posts"}],"about":[{"href":"https:\/\/kulturweit.blog\/gyumri2425ilka\/wp-json\/wp\/v2\/types\/post"}],"author":[{"embeddable":true,"href":"https:\/\/kulturweit.blog\/gyumri2425ilka\/wp-json\/wp\/v2\/users\/3272"}],"replies":[{"embeddable":true,"href":"https:\/\/kulturweit.blog\/gyumri2425ilka\/wp-json\/wp\/v2\/comments?post=45"}],"version-history":[{"count":3,"href":"https:\/\/kulturweit.blog\/gyumri2425ilka\/wp-json\/wp\/v2\/posts\/45\/revisions"}],"predecessor-version":[{"id":67,"href":"https:\/\/kulturweit.blog\/gyumri2425ilka\/wp-json\/wp\/v2\/posts\/45\/revisions\/67"}],"wp:featuredmedia":[{"embeddable":true,"href":"https:\/\/kulturweit.blog\/gyumri2425ilka\/wp-json\/wp\/v2\/media\/58"}],"wp:attachment":[{"href":"https:\/\/kulturweit.blog\/gyumri2425ilka\/wp-json\/wp\/v2\/media?parent=45"}],"wp:term":[{"taxonomy":"category","embeddable":true,"href":"https:\/\/kulturweit.blog\/gyumri2425ilka\/wp-json\/wp\/v2\/categories?post=45"},{"taxonomy":"post_tag","embeddable":true,"href":"https:\/\/kulturweit.blog\/gyumri2425ilka\/wp-json\/wp\/v2\/tags?post=45"}],"curies":[{"name":"wp","href":"https:\/\/api.w.org\/{rel}","templated":true}]}}