{"id":244,"date":"2024-10-19T11:47:25","date_gmt":"2024-10-19T09:47:25","guid":{"rendered":"https:\/\/kulturweit.blog\/gyumri2425ilka\/?p=244"},"modified":"2024-10-19T16:09:11","modified_gmt":"2024-10-19T14:09:11","slug":"alltagsmomente-von-k-wie-kopfstossen-bis-t-wie-tanzen","status":"publish","type":"post","link":"https:\/\/kulturweit.blog\/gyumri2425ilka\/2024\/10\/19\/alltagsmomente-von-k-wie-kopfstossen-bis-t-wie-tanzen\/","title":{"rendered":"Alltagsmomente \u2013 Von \u201eK\u201c wie \u201eKopfsto\u00dfen\u201c bis \u201eT\u201c wie \u201eTanzen\u201c"},"content":{"rendered":"<p>Hallo zusammen! \ud83d\ude42<\/p>\n<p>Heute gibt es noch eine Runde \u201eAlltagsmomente\u201c, da das Format prima ist, um \u00fcber verschiedene Themen zu berichten und euch einen wirklich authentischen Einblick in mein Leben hier zu geben. Also losgeht\u00b4s:<\/p>\n<p>\u201eK\u201c wie \u201eKopfsto\u00dfen\u201c<\/p>\n<p>Alternativ h\u00e4tte ich diesen Moment auch \u201eA\u201c wie \u201eAuslachen\u201c nennen k\u00f6nnen, aber das klang mir dann doch zu fies, weil es eher ein gemeinsames Lachen war. Ich bin gestern n\u00e4mlich woanders und damit sp\u00e4ter in die Marschrutka zugestiegen und stand dementsprechend sehr nahe an der T\u00fcr. Hier befindet sich die einzige tiefh\u00e4ngende Stange mit Knick im ganzen Gef\u00e4hrt:<\/p>\n<div id=\"attachment_251\" style=\"width: 310px\" class=\"wp-caption alignnone\"><a href=\"https:\/\/kulturweit.blog\/gyumri2425ilka\/files\/2024\/10\/20241017_081029.jpg\"><img loading=\"lazy\" decoding=\"async\" aria-describedby=\"caption-attachment-251\" class=\"wp-image-251 size-medium\" src=\"https:\/\/kulturweit.blog\/gyumri2425ilka\/files\/2024\/10\/20241017_081029-300x400.jpg\" alt=\"\" width=\"300\" height=\"400\" srcset=\"https:\/\/kulturweit.blog\/gyumri2425ilka\/files\/2024\/10\/20241017_081029-300x400.jpg 300w, https:\/\/kulturweit.blog\/gyumri2425ilka\/files\/2024\/10\/20241017_081029-624x832.jpg 624w, https:\/\/kulturweit.blog\/gyumri2425ilka\/files\/2024\/10\/20241017_081029.jpg 768w\" sizes=\"(max-width: 300px) 100vw, 300px\" \/><\/a><p id=\"caption-attachment-251\" class=\"wp-caption-text\">In auff\u00e4lligem Gelb eigentlich gut zu sehen. \ud83d\ude02<\/p><\/div>\n<p>Da ich ziemlich gro\u00df bin und Marschrutka-Fahrten manchmal etwas holpriger verlaufen, habe ich mir bei einer Bremsung volles Pfund des Kopf an besagter Stange gesto\u00dfen. Eine junge Frau, die mir gegen\u00fcber stand und das gesehen hatte, musste daraufhin loslachen. F\u00fcr sie war das eine sehr surreale Situation, da die meisten Armenierinnen und Armenier deutliche kleiner sind als ich und sie sich niemals den Kopf h\u00e4tte sto\u00dfen k\u00f6nnen. Wahrscheinlich hatte sie vorher auch noch nie dr\u00fcber nachgedacht, dass das \u00fcberhaupt passieren k\u00f6nnte. Jedenfalls musste ich auch lachen und wir haben uns auch danach immer wieder angegrinst. Mein Schmerz hatte also durchaus etwas Gutes.<\/p>\n<p>\u201eM\u201c wie \u201emein Markus\u201c<\/p>\n<p>Ich m\u00f6chte es eigentlich vermeiden, mich \u00fcber die Fehler meiner Sch\u00fclerinnen und Sch\u00fcler lustig zu machen, da ich vollstes Verst\u00e4ndnis daf\u00fcr habe, wie schwer es ist, eine neue Sprache zu lernen. Ich bin mehr als heilfroh, dass meine Armenisch-Lehrerin keinen Blog schreibt, in dem ich mit meinen ganzen Fehlern vorkommen k\u00f6nnte (ich hoffe zumindest, dass sie keinen Blog schreibt). Ich w\u00fcrde auf jeden Fall mehr als genug Material daf\u00fcr liefern. Trotzdem kann ich es nicht lassen und m\u00f6chte einen sehr \u201esch\u00f6nen\u201c Fehler eines Sch\u00fclers hier anf\u00fchren: Die Aufgabe war, Fragen unter der Nutzung von Possesivpronomen zu beantworten.\u00a0 Eine der Fragen lautete: \u201eIst das der Roller von Markus?\u201c Die richtige Antwort w\u00e4re gewesen: \u201eJa, das ist sein Roller.\u201c Die Antwort eines Sch\u00fclers lautete: \u201eJa, das ist mein Markus.\u201c Der Satz ist grammatikalisch korrekt, nur leider inhaltlich nicht die Antwort auf die Frage. Trotzdem hat es mich zum Lachen gebracht und f\u00fcr die grammatikalische Korrektheit gab\u00b4s immerhin einen halben Punkt.<\/p>\n<p>\u201eM\u201c wie \u201eMilchshake\u201c<\/p>\n<p>Vor ein paar Tagen hatte ich nach der Schule richtig Lust auf einen Milchshake. Da ich jeden Nachmittag an einem Stand mit Milchshakes vorbeilaufe, habe ich beschlossen, mir einen mit Nutella und Banane zu holen. Die super liebe Verk\u00e4uferin fragte mich daraufhin nach meinem Namen und da mein Name hier nur Probleme bereitet, musste sie mehrfach nachfragen, bis sie ihn auf Armenisch auf den Becher schrieb. Vielleicht ist er richtig geschrieben. Ich glaube aber nicht. Anfang und Ende k\u00f6nnten hinkommen, aber in der Mitte meine ich mit meinen sehr eingeschr\u00e4nkten Buchstabenkenntnissen zu erkennen, dass etwas schiefgelaufen ist. Nichtsdestotrotz gab es ein s\u00fc\u00dfes kleines Bild dazu, was ich euch nicht vorenthalten m\u00f6chte:<\/p>\n<p><a href=\"https:\/\/kulturweit.blog\/gyumri2425ilka\/files\/2024\/10\/20241010_141652.jpg\"><img loading=\"lazy\" decoding=\"async\" class=\"alignnone size-medium wp-image-257\" src=\"https:\/\/kulturweit.blog\/gyumri2425ilka\/files\/2024\/10\/20241010_141652-300x400.jpg\" alt=\"\" width=\"300\" height=\"400\" srcset=\"https:\/\/kulturweit.blog\/gyumri2425ilka\/files\/2024\/10\/20241010_141652-300x400.jpg 300w, https:\/\/kulturweit.blog\/gyumri2425ilka\/files\/2024\/10\/20241010_141652-624x832.jpg 624w, https:\/\/kulturweit.blog\/gyumri2425ilka\/files\/2024\/10\/20241010_141652.jpg 768w\" sizes=\"(max-width: 300px) 100vw, 300px\" \/><\/a><\/p>\n<div id=\"attachment_256\" style=\"width: 310px\" class=\"wp-caption alignnone\"><a href=\"https:\/\/kulturweit.blog\/gyumri2425ilka\/files\/2024\/10\/20241010_141658.jpg\"><img loading=\"lazy\" decoding=\"async\" aria-describedby=\"caption-attachment-256\" class=\"size-medium wp-image-256\" src=\"https:\/\/kulturweit.blog\/gyumri2425ilka\/files\/2024\/10\/20241010_141658-300x400.jpg\" alt=\"\" width=\"300\" height=\"400\" srcset=\"https:\/\/kulturweit.blog\/gyumri2425ilka\/files\/2024\/10\/20241010_141658-300x400.jpg 300w, https:\/\/kulturweit.blog\/gyumri2425ilka\/files\/2024\/10\/20241010_141658-624x832.jpg 624w, https:\/\/kulturweit.blog\/gyumri2425ilka\/files\/2024\/10\/20241010_141658.jpg 768w\" sizes=\"(max-width: 300px) 100vw, 300px\" \/><\/a><p id=\"caption-attachment-256\" class=\"wp-caption-text\">Vielleicht mein Name auf Armenisch.<\/p><\/div>\n<p>Da ich das Thema \u201eName\u201c gerade schon angeschnitten habe, hier noch ein kurzer Ausflug zu \u201eN\u201c wie \u201eName\u201c oder wir bleiben einfach bei \u201eM\u201c wie \u201emein Name\u201c. Meine Sch\u00fclerinnen und Sch\u00fcler haben ein Problem mit dem \u201eI\u201c-Laut. Sie lernen den Buchstaben als \u201eI\u201c, aber in meinem Namen wird er nicht genau so, sondern dumpfer ausgesprochen. Auch meine Lehrerinnen mussten mehrfach nach der Aussprache fragen, bis es nicht mehr \u201eielka\u201c, sondern \u201eilka\u201c war.\u00a0 Ich habe kein Problem damit, wenn mein Name nicht hundertprozentig richtig ausgesprochen wird (im Wesentlichen ist er ja richtig), aber es hat mir das erste Mal bewusst gemacht, dass mein Name eigentlich gar nicht so wirklich gesprochen wie geschrieben wird. Wieder was gelernt! \ud83d\ude0a<\/p>\n<p>\u201eP\u201c wie \u201ePlatten\u201c<\/p>\n<p>Was soll auch sonst auf meinem Weg von Jerewan zur\u00fcck nach Gyumri passieren. Ich war letzten Freitag bei den Yerewan-M\u00e4dels zu Besuch, aber musste mich aufgrund einer fiesen Erk\u00e4ltung schon samstags wieder auf den Heimweg machen. Hierzu hatte ich mir ein GG-Shuttel gebucht, was so etwas wie ein Gruppentaxi ist und auf bestimmten Strecken regelm\u00e4\u00dfig f\u00fcr kleines Geld f\u00e4hrt. Also haben wir entspannt gefr\u00fchst\u00fcckt, ehe ich mich mit dem Bus zum Abholungspunkt begeben habe. Hier habe ich gleich einen russischen Mitreisenden kennengelernt, der auch in Gyumri lebt und mit dem ich mich die ganze Fahrt \u00fcber unterhalten habe. Besonders ein Satz von ihm ist mir im Kopf geblieben. Es war seine Antwort auf meine Frage, ob er jemals nach Russland zur\u00fcckkehren wollen w\u00fcrde: \u201eIn Russland gelte ich als Extremist, weil ich gegen den Krieg bin. Insgesamt fallen mir so spontan sechs Gr\u00fcnde ein, warum ich in Russland verhaftet werden k\u00f6nnte.\u201c Wir haben viel \u00fcber sein Leben und das Leben anderer Exilrussen gesprochen. Nachdem ich bei einem Besuch in einer Karaokebar mit den anderen Freiwilligen schon russische Soldaten getroffen hatte, die mit voller \u00dcberzeugung russische Kriegspropaganda wiedergegeben haben, ist mir der krasse Gegensatz nochmal deutlicher geworden, der hier in Gyumri aufeinander trifft. Einerseits ist hier eine russische Milit\u00e4rbasis und andererseits leben hier wie auch sonst in Armenien viele Exilrussen. Wo ich das hier gerade schreibe, f\u00e4llt mir auf, dass ich das sogar nebenan habe: Rechts von mir wohnt ein russischer Soldat und links wohnen Exilrussen.<\/p>\n<p>Aber zur\u00fcck zur Panne: Wir hatten gut drei Viertel der Strecke schon hinter uns gebracht, als einer der Reifen geplatzt ist. Also hie\u00df es f\u00fcr uns mitten auf der Fernstra\u00dfe aussteigen und unseren Fahrer beim Reifenwechsel beobachten. Er war zum Gl\u00fcck sehr gut vorbereitet (was die Frage aufwirft, ob das h\u00e4ufiger vorkommt, aber ich will hier nichts B\u00f6ses vermuten). Routiniert wechselte er den Reifen und war dabei so schnell, dass wir nach gut zehn Minuten schon weiterfahren konnten. Ich war davon wirklich beeindruckt.<\/p>\n<div id=\"attachment_255\" style=\"width: 310px\" class=\"wp-caption alignnone\"><a href=\"https:\/\/kulturweit.blog\/gyumri2425ilka\/files\/2024\/10\/20241012_152315.jpg\"><img loading=\"lazy\" decoding=\"async\" aria-describedby=\"caption-attachment-255\" class=\"wp-image-255 size-medium\" src=\"https:\/\/kulturweit.blog\/gyumri2425ilka\/files\/2024\/10\/20241012_152315-300x400.jpg\" alt=\"\" width=\"300\" height=\"400\" srcset=\"https:\/\/kulturweit.blog\/gyumri2425ilka\/files\/2024\/10\/20241012_152315-300x400.jpg 300w, https:\/\/kulturweit.blog\/gyumri2425ilka\/files\/2024\/10\/20241012_152315-624x832.jpg 624w, https:\/\/kulturweit.blog\/gyumri2425ilka\/files\/2024\/10\/20241012_152315.jpg 768w\" sizes=\"(max-width: 300px) 100vw, 300px\" \/><\/a><p id=\"caption-attachment-255\" class=\"wp-caption-text\">Der \u00dcbelt\u00e4ter.<\/p><\/div>\n<div id=\"attachment_254\" style=\"width: 310px\" class=\"wp-caption alignnone\"><a href=\"https:\/\/kulturweit.blog\/gyumri2425ilka\/files\/2024\/10\/20241012_152839.jpg\"><img loading=\"lazy\" decoding=\"async\" aria-describedby=\"caption-attachment-254\" class=\"wp-image-254 size-medium\" src=\"https:\/\/kulturweit.blog\/gyumri2425ilka\/files\/2024\/10\/20241012_152839-300x225.jpg\" alt=\"\" width=\"300\" height=\"225\" srcset=\"https:\/\/kulturweit.blog\/gyumri2425ilka\/files\/2024\/10\/20241012_152839-300x225.jpg 300w, https:\/\/kulturweit.blog\/gyumri2425ilka\/files\/2024\/10\/20241012_152839-768x576.jpg 768w, https:\/\/kulturweit.blog\/gyumri2425ilka\/files\/2024\/10\/20241012_152839-624x468.jpg 624w, https:\/\/kulturweit.blog\/gyumri2425ilka\/files\/2024\/10\/20241012_152839.jpg 1024w\" sizes=\"(max-width: 300px) 100vw, 300px\" \/><\/a><p id=\"caption-attachment-254\" class=\"wp-caption-text\">Unsere Aussicht beim Warten.<\/p><\/div>\n<p>Der alte und kaputte Reifen wurde bei der Weiterfahrt \u00fcbrigens professionell mit Klebeband gesichert:<\/p>\n<p><a href=\"https:\/\/kulturweit.blog\/gyumri2425ilka\/files\/2024\/10\/20241012_153907.jpg\"><img loading=\"lazy\" decoding=\"async\" class=\"alignnone size-medium wp-image-252\" src=\"https:\/\/kulturweit.blog\/gyumri2425ilka\/files\/2024\/10\/20241012_153907-300x400.jpg\" alt=\"\" width=\"300\" height=\"400\" srcset=\"https:\/\/kulturweit.blog\/gyumri2425ilka\/files\/2024\/10\/20241012_153907-300x400.jpg 300w, https:\/\/kulturweit.blog\/gyumri2425ilka\/files\/2024\/10\/20241012_153907-624x832.jpg 624w, https:\/\/kulturweit.blog\/gyumri2425ilka\/files\/2024\/10\/20241012_153907.jpg 768w\" sizes=\"(max-width: 300px) 100vw, 300px\" \/><\/a><\/p>\n<p>Da der eingewechselte Reifen allerdings nur ein Ersatzrad war, reisten wir mit reduzierter Geschwindigkeit weiter und kamen erst mit \u00fcber einer Stunde Versp\u00e4tung in Gyumri an. Das stellte sich im Nachhinein allerdings als gl\u00fccklicher Zufall heraus, wie der n\u00e4chste Alltagsmoment zeigt.<\/p>\n<p>\u201eT\u201c wie \u201eTanzen\u201c<\/p>\n<p>Die Stunde Versp\u00e4tung hatte n\u00e4mlich zur Folge, dass wir genau p\u00fcnktlich zu einer Tanzauff\u00fchrung kamen. Wenn Paul (mein neuer russischer Bekannter) es mir von der armenischen Frau richtig \u00fcbersetzt hat, war es wohl ein Projekt der UNESCO zum traditionell-armenischen Tanz, das auch mit jeder Menge Kameras und Drohnen gefilmt wurde. Die Auff\u00fchrung fand auf dem zentralen Platz in Gyumri statt, wo wir zuf\u00e4llig rausgelassen wurden. Es war wirklich cool, dabei zuzusehen und die traditionelle Kleidung zu bewundern. Angeleitet wurde das Ganze von einer Gruppe, die sowieso armenische Volkst\u00e4nze unterrichtet und immer mal wieder Flashmobs hier in Gyumri macht. Ich folge ihnen jetzt auf Instagram und werde auf jeden Fall Augen und Ohren offenhalten, wann sie mal wieder irgendwo in der Stadt zu sehen sind. Ich h\u00e4tte ihnen n\u00e4mlich stundenlang zusehen k\u00f6nnen.<\/p>\n<p><a href=\"https:\/\/kulturweit.blog\/gyumri2425ilka\/files\/2024\/10\/20241012_164624.jpg\"><img loading=\"lazy\" decoding=\"async\" class=\"alignnone size-medium wp-image-258\" src=\"https:\/\/kulturweit.blog\/gyumri2425ilka\/files\/2024\/10\/20241012_164624-300x225.jpg\" alt=\"\" width=\"300\" height=\"225\" srcset=\"https:\/\/kulturweit.blog\/gyumri2425ilka\/files\/2024\/10\/20241012_164624-300x225.jpg 300w, https:\/\/kulturweit.blog\/gyumri2425ilka\/files\/2024\/10\/20241012_164624-768x576.jpg 768w, https:\/\/kulturweit.blog\/gyumri2425ilka\/files\/2024\/10\/20241012_164624-624x468.jpg 624w, https:\/\/kulturweit.blog\/gyumri2425ilka\/files\/2024\/10\/20241012_164624.jpg 1024w\" sizes=\"(max-width: 300px) 100vw, 300px\" \/><\/a><\/p>\n<p>Und mit diesen Eindr\u00fccken aus Armenien schlie\u00dfe ich den heutigen Beitrag. Ich hoffe, ihr hattet Spa\u00df beim Lesen und konntet das ein oder andere Mal mit schmunzeln.<\/p>\n<p>Bis bald! \ud83d\ude42<\/p>\n","protected":false},"excerpt":{"rendered":"<p>Hallo zusammen! \ud83d\ude42 Heute gibt es noch eine Runde \u201eAlltagsmomente\u201c, da das Format prima ist, um \u00fcber verschiedene Themen zu berichten und euch einen wirklich authentischen Einblick in mein Leben hier zu geben. Also losgeht\u00b4s: \u201eK\u201c wie \u201eKopfsto\u00dfen\u201c Alternativ h\u00e4tte ich diesen Moment auch \u201eA\u201c wie \u201eAuslachen\u201c nennen k\u00f6nnen, aber das klang mir dann doch [&hellip;]<\/p>\n","protected":false},"author":3272,"featured_media":280,"comment_status":"open","ping_status":"open","sticky":false,"template":"","format":"standard","meta":{"footnotes":""},"categories":[12,69],"tags":[66,51],"class_list":["post-244","post","type-post","status-publish","format-standard","has-post-thumbnail","hentry","category-kulturweitblog","category-armenien","tag-alltagsmomente","tag-gyumri"],"amp_enabled":true,"_links":{"self":[{"href":"https:\/\/kulturweit.blog\/gyumri2425ilka\/wp-json\/wp\/v2\/posts\/244"}],"collection":[{"href":"https:\/\/kulturweit.blog\/gyumri2425ilka\/wp-json\/wp\/v2\/posts"}],"about":[{"href":"https:\/\/kulturweit.blog\/gyumri2425ilka\/wp-json\/wp\/v2\/types\/post"}],"author":[{"embeddable":true,"href":"https:\/\/kulturweit.blog\/gyumri2425ilka\/wp-json\/wp\/v2\/users\/3272"}],"replies":[{"embeddable":true,"href":"https:\/\/kulturweit.blog\/gyumri2425ilka\/wp-json\/wp\/v2\/comments?post=244"}],"version-history":[{"count":4,"href":"https:\/\/kulturweit.blog\/gyumri2425ilka\/wp-json\/wp\/v2\/posts\/244\/revisions"}],"predecessor-version":[{"id":281,"href":"https:\/\/kulturweit.blog\/gyumri2425ilka\/wp-json\/wp\/v2\/posts\/244\/revisions\/281"}],"wp:featuredmedia":[{"embeddable":true,"href":"https:\/\/kulturweit.blog\/gyumri2425ilka\/wp-json\/wp\/v2\/media\/280"}],"wp:attachment":[{"href":"https:\/\/kulturweit.blog\/gyumri2425ilka\/wp-json\/wp\/v2\/media?parent=244"}],"wp:term":[{"taxonomy":"category","embeddable":true,"href":"https:\/\/kulturweit.blog\/gyumri2425ilka\/wp-json\/wp\/v2\/categories?post=244"},{"taxonomy":"post_tag","embeddable":true,"href":"https:\/\/kulturweit.blog\/gyumri2425ilka\/wp-json\/wp\/v2\/tags?post=244"}],"curies":[{"name":"wp","href":"https:\/\/api.w.org\/{rel}","templated":true}]}}