{"id":76,"date":"2012-09-14T18:48:57","date_gmt":"2012-09-14T16:48:57","guid":{"rendered":"https:\/\/kulturweit.blog\/eliunterwegs\/?p=76"},"modified":"2012-09-19T18:09:02","modified_gmt":"2012-09-19T16:09:02","slug":"plzen","status":"publish","type":"post","link":"https:\/\/kulturweit.blog\/eliunterwegs\/2012\/09\/14\/plzen\/","title":{"rendered":"Plze\u0148"},"content":{"rendered":"<p><span style=\"font-family: 'Trebuchet MS', sans-serif\">Man braucht sich gar nichts vorzumachen, die erste Assoziation mit Pilsen ist nat\u00fcrlich: Bier. Das war auch unser haupts\u00e4chliches Vorwissen, als Nelly, Lisa und ich uns letztes Wochenende am Samstag fr\u00fch f\u00fcr einen kulturweit-Wochenendausflug ins Auto setzten.<\/span><\/p>\n<p><a href=\"https:\/\/kulturweit.blog\/eliunterwegs\/files\/2012\/09\/IMG-015.jpg\"><img loading=\"lazy\" decoding=\"async\" class=\"alignnone size-medium wp-image-77\" src=\"https:\/\/kulturweit.blog\/eliunterwegs\/files\/2012\/09\/IMG-015-300x199.jpg\" alt=\"\" width=\"300\" height=\"199\" srcset=\"https:\/\/kulturweit.blog\/eliunterwegs\/files\/2012\/09\/IMG-015-300x199.jpg 300w, https:\/\/kulturweit.blog\/eliunterwegs\/files\/2012\/09\/IMG-015-450x300.jpg 450w, https:\/\/kulturweit.blog\/eliunterwegs\/files\/2012\/09\/IMG-015.jpg 1024w\" sizes=\"(max-width: 300px) 100vw, 300px\" \/><\/a><\/p>\n<p><span style=\"font-family: 'Trebuchet MS', sans-serif\">Es sei aber gleich gesagt: Es gibt in Pilsen auch andere Dinge au\u00dfer Bier. Unter anderem H\u00e4user, die aussehen wie Torten:<\/span><\/p>\n<p><a href=\"https:\/\/kulturweit.blog\/eliunterwegs\/files\/2012\/09\/IMG-0211.jpg\"><img loading=\"lazy\" decoding=\"async\" class=\"size-medium wp-image-78 alignleft\" src=\"https:\/\/kulturweit.blog\/eliunterwegs\/files\/2012\/09\/IMG-0211-300x199.jpg\" alt=\"\" width=\"300\" height=\"199\" srcset=\"https:\/\/kulturweit.blog\/eliunterwegs\/files\/2012\/09\/IMG-0211-300x199.jpg 300w, https:\/\/kulturweit.blog\/eliunterwegs\/files\/2012\/09\/IMG-0211-450x300.jpg 450w, https:\/\/kulturweit.blog\/eliunterwegs\/files\/2012\/09\/IMG-0211.jpg 1024w\" sizes=\"(max-width: 300px) 100vw, 300px\" \/><\/a><a href=\"https:\/\/kulturweit.blog\/eliunterwegs\/files\/2012\/09\/IMG-023.jpg\"><img loading=\"lazy\" decoding=\"async\" class=\"size-medium wp-image-79 alignright\" src=\"https:\/\/kulturweit.blog\/eliunterwegs\/files\/2012\/09\/IMG-023-199x300.jpg\" alt=\"\" width=\"199\" height=\"300\" srcset=\"https:\/\/kulturweit.blog\/eliunterwegs\/files\/2012\/09\/IMG-023-199x300.jpg 199w, https:\/\/kulturweit.blog\/eliunterwegs\/files\/2012\/09\/IMG-023.jpg 682w\" sizes=\"(max-width: 199px) 100vw, 199px\" \/><\/a><\/p>\n<p>&nbsp;<\/p>\n<p><span style=\"font-family: 'Trebuchet MS', sans-serif\">Man kann sich die Stadt von unten ansehen in den Katakomben. Die sind leider nicht so interessant, da von den Originalen aus dem Mittelalter nur hier und da eine Wand, ein Brunnen oder eine Wasserleitung aus Holz \u00fcbrig geblieben ist, w\u00e4hrend der Rest mit Beton und Backstein ausgebessert ist. Daf\u00fcr bekommt man eine Marke f\u00fcr ein kleines Bier (Mist, ich wollte doch erst sp\u00e4ter davon anfangen).<\/span><\/p>\n<p>&nbsp;<\/p>\n<p><span style=\"font-family: 'Trebuchet MS', sans-serif\">Au\u00dferdem kann man sich Pilsen von oben anschauen. Auf dem Stadtplatz steht n\u00e4mlich die St.-Bartholom\u00e4us-Kirche mit dem h\u00f6chsten Turm des ganzen Landes.<\/span><\/p>\n<div id=\"attachment_80\" style=\"width: 209px\" class=\"wp-caption aligncenter\"><a href=\"https:\/\/kulturweit.blog\/eliunterwegs\/files\/2012\/09\/IMG-017.jpg\"><img loading=\"lazy\" decoding=\"async\" aria-describedby=\"caption-attachment-80\" class=\"size-medium wp-image-80\" src=\"https:\/\/kulturweit.blog\/eliunterwegs\/files\/2012\/09\/IMG-017-199x300.jpg\" alt=\"\" width=\"199\" height=\"300\" srcset=\"https:\/\/kulturweit.blog\/eliunterwegs\/files\/2012\/09\/IMG-017-199x300.jpg 199w, https:\/\/kulturweit.blog\/eliunterwegs\/files\/2012\/09\/IMG-017.jpg 682w\" sizes=\"(max-width: 199px) 100vw, 199px\" \/><\/a><p id=\"caption-attachment-80\" class=\"wp-caption-text\">Von unten sieht er aber gar nicht so beeindruckend aus.<\/p><\/div>\n<div id=\"attachment_82\" style=\"width: 310px\" class=\"wp-caption aligncenter\"><img loading=\"lazy\" decoding=\"async\" aria-describedby=\"caption-attachment-82\" class=\"size-medium wp-image-81 alignright\" style=\"color: #333333;font-style: normal;line-height: 24px;border: 1px solid #dddddd;padding: 6px;margin-top: 0.4em;margin-left: 1.625em;margin-bottom: 1.625em;text-align: start\" src=\"https:\/\/kulturweit.blog\/eliunterwegs\/files\/2012\/09\/IMG-082-300x199.jpg\" alt=\"\" width=\"300\" height=\"199\" srcset=\"https:\/\/kulturweit.blog\/eliunterwegs\/files\/2012\/09\/IMG-082-300x199.jpg 300w, https:\/\/kulturweit.blog\/eliunterwegs\/files\/2012\/09\/IMG-082-450x300.jpg 450w, https:\/\/kulturweit.blog\/eliunterwegs\/files\/2012\/09\/IMG-082.jpg 1024w\" sizes=\"(max-width: 300px) 100vw, 300px\" \/><p id=\"caption-attachment-82\" class=\"wp-caption-text\"><a href=\"https:\/\/kulturweit.blog\/eliunterwegs\/files\/2012\/09\/IMG-078.jpg\"><img loading=\"lazy\" decoding=\"async\" class=\"size-medium wp-image-82\" src=\"https:\/\/kulturweit.blog\/eliunterwegs\/files\/2012\/09\/IMG-078-300x199.jpg\" alt=\"\" width=\"300\" height=\"199\" srcset=\"https:\/\/kulturweit.blog\/eliunterwegs\/files\/2012\/09\/IMG-078-300x199.jpg 300w, https:\/\/kulturweit.blog\/eliunterwegs\/files\/2012\/09\/IMG-078-450x300.jpg 450w, https:\/\/kulturweit.blog\/eliunterwegs\/files\/2012\/09\/IMG-078.jpg 1024w\" sizes=\"(max-width: 300px) 100vw, 300px\" \/><\/a> Pilsen von oben.<\/p><\/div>\n<div id=\"attachment_83\" style=\"width: 209px\" class=\"wp-caption aligncenter\"><a href=\"https:\/\/kulturweit.blog\/eliunterwegs\/files\/2012\/09\/IMG-076.jpg\"><img loading=\"lazy\" decoding=\"async\" aria-describedby=\"caption-attachment-83\" class=\"size-medium wp-image-83\" src=\"https:\/\/kulturweit.blog\/eliunterwegs\/files\/2012\/09\/IMG-076-199x300.jpg\" alt=\"\" width=\"199\" height=\"300\" srcset=\"https:\/\/kulturweit.blog\/eliunterwegs\/files\/2012\/09\/IMG-076-199x300.jpg 199w, https:\/\/kulturweit.blog\/eliunterwegs\/files\/2012\/09\/IMG-076.jpg 682w\" sizes=\"(max-width: 199px) 100vw, 199px\" \/><\/a><p id=\"caption-attachment-83\" class=\"wp-caption-text\">Blick auf die Gro\u00dfe Synagoge und die Skoda-Werke.<\/p><\/div>\n<p>&nbsp;<\/p>\n<p><span style=\"color: #000000\">Einen Vorgeschmack auf den Weltuntergang haben wir dann bekommen, als wir von besagtem Turm die Treppe wieder herunterstiegen (oder sollte ich sagen, die Leiter:)<\/span><\/p>\n<p><a href=\"https:\/\/kulturweit.blog\/eliunterwegs\/files\/2012\/09\/IMG-106.jpg\"><img loading=\"lazy\" decoding=\"async\" class=\"size-medium wp-image-93 aligncenter\" src=\"https:\/\/kulturweit.blog\/eliunterwegs\/files\/2012\/09\/IMG-106-199x300.jpg\" alt=\"\" width=\"199\" height=\"300\" srcset=\"https:\/\/kulturweit.blog\/eliunterwegs\/files\/2012\/09\/IMG-106-199x300.jpg 199w, https:\/\/kulturweit.blog\/eliunterwegs\/files\/2012\/09\/IMG-106.jpg 682w\" sizes=\"(max-width: 199px) 100vw, 199px\" \/><\/a><\/p>\n<p>Pl\u00f6tzlich ein unheimliches Rumpeln (erster Gedanke: Shit, jetzt ist jemand runtergefallen), dann begann alles zu wackeln. Und dann fingen die Kirchenglocken zu l\u00e4uten an, es war 12 Uhr Mittags. Einziges Problem: Ich stand genau daneben&#8230;<\/p>\n<p>&nbsp;<\/p>\n<p><span style=\"font-family: 'Trebuchet MS', sans-serif\">Aber egal, wie sehr man sich bem\u00fcht \u2013 als Tourist in Pilsen kann man dem Bier nicht entkommen. Deshalb haben wir die Brauerei besichtigt, doch schon in den ersten Minuten der Tour hat die sch\u00f6ne Vorstellung von Ursprung und Tradition einen gewaltigen Knacks bekommen: Gleich am Anfang wurden wir dar\u00fcber informiert, dass Pilsner Urquell zur weltweiten Brauereikette SAB Miller geh\u00f6rt (das \u201eSAB\u201c steht auch noch f\u00fcr \u201eSouth African Breweries\u201c). Tja, wir leben in einer globalisierten Welt. Daf\u00fcr ist die Brauerei so riesig, dass es es auf dem Gel\u00e4nde eine eigene Buslinie gibt: Sie ist \u00fcber 50 Hektar gro\u00df und ca. 9 km lang! <\/span><\/p>\n<p><span style=\"font-family: 'Trebuchet MS', sans-serif\">Und was darf nicht fehlen? Die Bierverkostung. Zum Abschluss durften wir im eisigen Keller unpasteurisiertes und unfiltriertes Pilsener probieren, das dort extra f\u00fcr die Besucher im Eichenfass vor sich hin g\u00e4rt.<\/span><\/p>\n<p>&nbsp;<\/p>\n<p><span style=\"font-family: 'Trebuchet MS', sans-serif\">Noch mehr Wissen haben wir uns schlie\u00dflich im Brauereimuseum angeeignet. Aber dann war es genug der Lernerei. Das Wetter war wunderbar und so konnten wir viel Zeit auf der Wiese liegend verbringen. \u00a0Denn mal ehrlich \u2013 so eine Gelegenheit muss man doch nutzen. Vielen Dank f\u00fcr ein tolles Wochenende, M\u00e4dels!<\/span><\/p>\n<p><a href=\"https:\/\/kulturweit.blog\/eliunterwegs\/files\/2012\/09\/IMG-051.jpg\"><img loading=\"lazy\" decoding=\"async\" class=\"size-medium wp-image-91 alignright\" src=\"https:\/\/kulturweit.blog\/eliunterwegs\/files\/2012\/09\/IMG-051-300x199.jpg\" alt=\"\" width=\"300\" height=\"199\" srcset=\"https:\/\/kulturweit.blog\/eliunterwegs\/files\/2012\/09\/IMG-051-300x199.jpg 300w, https:\/\/kulturweit.blog\/eliunterwegs\/files\/2012\/09\/IMG-051-450x300.jpg 450w, https:\/\/kulturweit.blog\/eliunterwegs\/files\/2012\/09\/IMG-051.jpg 1024w\" sizes=\"(max-width: 300px) 100vw, 300px\" \/><\/a><\/p>\n<p>&nbsp;<\/p>\n","protected":false},"excerpt":{"rendered":"<p>Man braucht sich gar nichts vorzumachen, die erste Assoziation mit Pilsen ist nat\u00fcrlich: Bier. Das war auch unser haupts\u00e4chliches Vorwissen, als Nelly, Lisa und ich uns letztes Wochenende am Samstag fr\u00fch f\u00fcr einen kulturweit-Wochenendausflug ins Auto setzten. Es sei aber &hellip; <a href=\"https:\/\/kulturweit.blog\/eliunterwegs\/2012\/09\/14\/plzen\/\">Weiterlesen <span class=\"meta-nav\">&rarr;<\/span><\/a><\/p>\n","protected":false},"author":955,"featured_media":11,"comment_status":"open","ping_status":"open","sticky":false,"template":"","format":"standard","meta":{"footnotes":""},"categories":[21],"tags":[],"class_list":["post-76","post","type-post","status-publish","format-standard","has-post-thumbnail","hentry","category-allgemein"],"amp_enabled":true,"_links":{"self":[{"href":"https:\/\/kulturweit.blog\/eliunterwegs\/wp-json\/wp\/v2\/posts\/76"}],"collection":[{"href":"https:\/\/kulturweit.blog\/eliunterwegs\/wp-json\/wp\/v2\/posts"}],"about":[{"href":"https:\/\/kulturweit.blog\/eliunterwegs\/wp-json\/wp\/v2\/types\/post"}],"author":[{"embeddable":true,"href":"https:\/\/kulturweit.blog\/eliunterwegs\/wp-json\/wp\/v2\/users\/955"}],"replies":[{"embeddable":true,"href":"https:\/\/kulturweit.blog\/eliunterwegs\/wp-json\/wp\/v2\/comments?post=76"}],"version-history":[{"count":1,"href":"https:\/\/kulturweit.blog\/eliunterwegs\/wp-json\/wp\/v2\/posts\/76\/revisions"}],"predecessor-version":[{"id":98,"href":"https:\/\/kulturweit.blog\/eliunterwegs\/wp-json\/wp\/v2\/posts\/76\/revisions\/98"}],"wp:featuredmedia":[{"embeddable":true,"href":"https:\/\/kulturweit.blog\/eliunterwegs\/wp-json\/wp\/v2\/media\/11"}],"wp:attachment":[{"href":"https:\/\/kulturweit.blog\/eliunterwegs\/wp-json\/wp\/v2\/media?parent=76"}],"wp:term":[{"taxonomy":"category","embeddable":true,"href":"https:\/\/kulturweit.blog\/eliunterwegs\/wp-json\/wp\/v2\/categories?post=76"},{"taxonomy":"post_tag","embeddable":true,"href":"https:\/\/kulturweit.blog\/eliunterwegs\/wp-json\/wp\/v2\/tags?post=76"}],"curies":[{"name":"wp","href":"https:\/\/api.w.org\/{rel}","templated":true}]}}