{"id":70,"date":"2012-09-10T21:16:08","date_gmt":"2012-09-10T19:16:08","guid":{"rendered":"https:\/\/kulturweit.blog\/eliunterwegs\/?p=70"},"modified":"2012-09-11T16:03:39","modified_gmt":"2012-09-11T14:03:39","slug":"nemluvim-ceskyich-spreche-kein-tschechisch","status":"publish","type":"post","link":"https:\/\/kulturweit.blog\/eliunterwegs\/2012\/09\/10\/nemluvim-ceskyich-spreche-kein-tschechisch\/","title":{"rendered":"Nemluv\u00edm \u010desky\/\/Ich spreche kein Tschechisch."},"content":{"rendered":"<p lang=\"de-DE\"><span style=\"font-family: 'Trebuchet MS', sans-serif\">Woche Nr. 2. H\u00f6rt sich unglaublich an, denn von meinem Gef\u00fchl her k\u00f6nnte ich auch schon einen Monat lang hier sein. Zumindest neue Gesichter und Namen waren es schon genug f\u00fcr mindestens zwei Monate, dabei hab ich noch nicht mal alle Klassen getroffen, in deren Unterricht ich bin! <\/span><\/p>\n<p lang=\"de-DE\"><span style=\"font-family: 'Trebuchet MS', sans-serif\">Die Stunden in den verschiedenen Stufen sind komplett unterschiedlich. Die Erstkl\u00e4ssler sind unheimlich s\u00fc\u00df (und noch so motiviert!) und langsam sehne ich mich richtig in die Zeit zur\u00fcck, wo Malkasten und Knete noch Standardausr\u00fcstung waren. Gleichzeitig ist es anstrengend, die Lehrerin spricht ja mit den Kindern nur Tschechisch und ich muss immer aufpassen, wann ich wieder dran bin, um etwas auf Deutsch zu erkl\u00e4ren.<\/span><\/p>\n<p lang=\"de-DE\"><span style=\"font-family: 'Trebuchet MS', sans-serif\">In der zweiten Klasse bin ich das Kuschelobjekt Nummer 1. Ich kann das Klassenzimmer kaum betreten, ohne an beiden H\u00e4nden und um den Bauch sofort lauter M\u00e4dels h\u00e4ngen zu haben. Heute habe ich vor dem Gehen ein paar Kinder abgeklatscht; das sollte ich mir aber lieber nicht anfangen, wenn ich die Klasse jemals wieder unter zwei Stunden verlassen will.<\/span><\/p>\n<p lang=\"de-DE\"><span style=\"font-family: 'Trebuchet MS', sans-serif\">Je \u00e4lter die Kinder werden, umso einfacher ist es nat\u00fcrlich f\u00fcr mich, weil sie mehr und mehr Deutsch verstehen. Da wird mir immer wieder bewusst, wie schlampig ich doch spreche&#8230; und ich sch\u00e4tze, mein Wissen \u00fcber deutsche Grammatik wird sich in diesem Jahr betr\u00e4chtlich erweitern (wie war das nochmal mit reflexiven, starken und schwachen Verben&#8230;?).<\/span><\/p>\n<p lang=\"de-DE\"><span style=\"font-family: 'Trebuchet MS', sans-serif\">Langsam, langsam erschlie\u00dft sich mir auch das Tschechische. Hier und da kann ich inzwischen schon ein Wort aufschnappen, das mir etwas sagt. Zum Gl\u00fcck bin ich ja viel von der Sprache umgeben, nur einer meiner beiden Mitbewohner kann n\u00e4mlich ein bisschen Englisch und mit vielen der Lehrerinnen unterhalte ich mich momentan noch so behelfsm\u00e4\u00dfig mit englischen und deutschen Brocken. Die W\u00f6rter, die mir oft begegnen, schreibe ich mir auf und bald werde ich hoffentlich meinen Sprachkurs anfangen. Ich freu mich schon drauf, mit den j\u00fcngeren Sch\u00fclern mehr kommunizieren zu k\u00f6nnen als \u201eWas ist das?\u201c &#8211; \u201eDas ist ein Buch\u201c!<\/span><\/p>\n","protected":false},"excerpt":{"rendered":"<p>Woche Nr. 2. H\u00f6rt sich unglaublich an, denn von meinem Gef\u00fchl her k\u00f6nnte ich auch schon einen Monat lang hier sein. Zumindest neue Gesichter und Namen waren es schon genug f\u00fcr mindestens zwei Monate, dabei hab ich noch nicht mal &hellip; <a href=\"https:\/\/kulturweit.blog\/eliunterwegs\/2012\/09\/10\/nemluvim-ceskyich-spreche-kein-tschechisch\/\">Weiterlesen <span class=\"meta-nav\">&rarr;<\/span><\/a><\/p>\n","protected":false},"author":955,"featured_media":0,"comment_status":"open","ping_status":"open","sticky":false,"template":"","format":"standard","meta":{"footnotes":""},"categories":[57297,57295],"tags":[],"class_list":["post-70","post","type-post","status-publish","format-standard","hentry","category-uber-die-arbeit","category-uber-gefuhlsmasiges"],"amp_enabled":true,"_links":{"self":[{"href":"https:\/\/kulturweit.blog\/eliunterwegs\/wp-json\/wp\/v2\/posts\/70"}],"collection":[{"href":"https:\/\/kulturweit.blog\/eliunterwegs\/wp-json\/wp\/v2\/posts"}],"about":[{"href":"https:\/\/kulturweit.blog\/eliunterwegs\/wp-json\/wp\/v2\/types\/post"}],"author":[{"embeddable":true,"href":"https:\/\/kulturweit.blog\/eliunterwegs\/wp-json\/wp\/v2\/users\/955"}],"replies":[{"embeddable":true,"href":"https:\/\/kulturweit.blog\/eliunterwegs\/wp-json\/wp\/v2\/comments?post=70"}],"version-history":[{"count":0,"href":"https:\/\/kulturweit.blog\/eliunterwegs\/wp-json\/wp\/v2\/posts\/70\/revisions"}],"wp:attachment":[{"href":"https:\/\/kulturweit.blog\/eliunterwegs\/wp-json\/wp\/v2\/media?parent=70"}],"wp:term":[{"taxonomy":"category","embeddable":true,"href":"https:\/\/kulturweit.blog\/eliunterwegs\/wp-json\/wp\/v2\/categories?post=70"},{"taxonomy":"post_tag","embeddable":true,"href":"https:\/\/kulturweit.blog\/eliunterwegs\/wp-json\/wp\/v2\/tags?post=70"}],"curies":[{"name":"wp","href":"https:\/\/api.w.org\/{rel}","templated":true}]}}