{"id":53,"date":"2012-09-07T19:35:21","date_gmt":"2012-09-07T17:35:21","guid":{"rendered":"https:\/\/kulturweit.blog\/eliunterwegs\/?p=53"},"modified":"2012-09-10T10:23:40","modified_gmt":"2012-09-10T08:23:40","slug":"tigertag","status":"publish","type":"post","link":"https:\/\/kulturweit.blog\/eliunterwegs\/2012\/09\/07\/tigertag\/","title":{"rendered":"Tigertag"},"content":{"rendered":"<p><span style=\"font-family: 'Trebuchet MS', sans-serif\">Ein ganz normaler Donnerstag in Liberec, dachte ich: Ich kam gerade einigerma\u00dfen erledigt nach f\u00fcnf Schulstunden und etwa 1000 neuen Kindern und Namen in die Stadt, da fielen mir eine B\u00fchne und Pavillions und eine ziemliche Ansammlung von Menschen auf dem Rathausplatz auf. <\/span><\/p>\n<p>&nbsp;<\/p>\n<p><span style=\"font-family: 'Trebuchet MS', sans-serif\">Etwa f\u00fcnf Minuten sp\u00e4ter marschierte dann das komplette Eishockey-Team von Liberec auf, die \u201eB\u00edl\u00ed Tyg<span style=\"font-family: 'Trebuchet MS', sans-serif\">\u0159<\/span>i\u201c, also die wei\u00dfen Tiger, und setzte sich brav zur Autogrammstunde an einen langen Tisch. Diese Gelegenheit wollte ich mir nicht entgehen lassen (ich habe n\u00e4mlich auch vor, mir gelegentlich ein Spiel der Tiger anzuschauen), deshalb habe ich mich brav in die Schlange gestellt und bin jetzt im Besitz aller Unterschriften des Teams der \u201eSez\u00f3na 2012\/13\u201c<\/span><\/p>\n<p>&nbsp;<\/p>\n<div id=\"attachment_54\" style=\"width: 310px\" class=\"wp-caption aligncenter\"><a href=\"https:\/\/kulturweit.blog\/eliunterwegs\/files\/2012\/09\/2012-09-06_14-59-59_374.jpg\"><img loading=\"lazy\" decoding=\"async\" aria-describedby=\"caption-attachment-54\" class=\"size-medium wp-image-54\" src=\"https:\/\/kulturweit.blog\/eliunterwegs\/files\/2012\/09\/2012-09-06_14-59-59_374-300x223.jpg\" alt=\"\" width=\"300\" height=\"223\" srcset=\"https:\/\/kulturweit.blog\/eliunterwegs\/files\/2012\/09\/2012-09-06_14-59-59_374-300x223.jpg 300w, https:\/\/kulturweit.blog\/eliunterwegs\/files\/2012\/09\/2012-09-06_14-59-59_374-402x300.jpg 402w, https:\/\/kulturweit.blog\/eliunterwegs\/files\/2012\/09\/2012-09-06_14-59-59_374.jpg 1024w\" sizes=\"(max-width: 300px) 100vw, 300px\" \/><\/a><p id=\"caption-attachment-54\" class=\"wp-caption-text\">Wei\u00dfe Tiger.<\/p><\/div>\n<p><span style=\"font-family: 'Trebuchet MS', sans-serif\">Was ich urspr\u00fcnglich vorhatte, n\u00e4mlich mir eine Monatskarte f\u00fcr den Bus zu besorgen, musste ich dann verschieben. Das B\u00fcro hatte in der Zwischenzeit zugemacht. Zum Gl\u00fcck sind die noch \u00f6fter da :)<\/span><\/p>\n<div id=\"attachment_55\" style=\"width: 233px\" class=\"wp-caption alignnone\"><a href=\"https:\/\/kulturweit.blog\/eliunterwegs\/files\/2012\/09\/2012-09-06_15-03-51_949.jpg\"><img loading=\"lazy\" decoding=\"async\" aria-describedby=\"caption-attachment-55\" class=\"size-medium wp-image-55\" src=\"https:\/\/kulturweit.blog\/eliunterwegs\/files\/2012\/09\/2012-09-06_15-03-51_949-223x300.jpg\" alt=\"\" width=\"223\" height=\"300\" srcset=\"https:\/\/kulturweit.blog\/eliunterwegs\/files\/2012\/09\/2012-09-06_15-03-51_949-223x300.jpg 223w, https:\/\/kulturweit.blog\/eliunterwegs\/files\/2012\/09\/2012-09-06_15-03-51_949.jpg 764w\" sizes=\"(max-width: 223px) 100vw, 223px\" \/><\/a><p id=\"caption-attachment-55\" class=\"wp-caption-text\">Diverse Maskottchen<\/p><\/div>\n<p><a href=\"https:\/\/kulturweit.blog\/eliunterwegs\/files\/2012\/09\/2012-09-06_15-05-21_276.jpg\"><img loading=\"lazy\" decoding=\"async\" class=\"size-medium wp-image-56 alignright\" src=\"https:\/\/kulturweit.blog\/eliunterwegs\/files\/2012\/09\/2012-09-06_15-05-21_276-223x300.jpg\" alt=\"\" width=\"223\" height=\"300\" srcset=\"https:\/\/kulturweit.blog\/eliunterwegs\/files\/2012\/09\/2012-09-06_15-05-21_276-223x300.jpg 223w, https:\/\/kulturweit.blog\/eliunterwegs\/files\/2012\/09\/2012-09-06_15-05-21_276.jpg 764w\" sizes=\"(max-width: 223px) 100vw, 223px\" \/><\/a><\/p>\n","protected":false},"excerpt":{"rendered":"<p>Ein ganz normaler Donnerstag in Liberec, dachte ich: Ich kam gerade einigerma\u00dfen erledigt nach f\u00fcnf Schulstunden und etwa 1000 neuen Kindern und Namen in die Stadt, da fielen mir eine B\u00fchne und Pavillions und eine ziemliche Ansammlung von Menschen auf &hellip; <a href=\"https:\/\/kulturweit.blog\/eliunterwegs\/2012\/09\/07\/tigertag\/\">Weiterlesen <span class=\"meta-nav\">&rarr;<\/span><\/a><\/p>\n","protected":false},"author":955,"featured_media":61,"comment_status":"open","ping_status":"open","sticky":false,"template":"","format":"standard","meta":{"footnotes":""},"categories":[21,57294,57293],"tags":[],"class_list":["post-53","post","type-post","status-publish","format-standard","has-post-thumbnail","hentry","category-allgemein","category-uber-besonderheiten","category-uber-liberec"],"amp_enabled":true,"_links":{"self":[{"href":"https:\/\/kulturweit.blog\/eliunterwegs\/wp-json\/wp\/v2\/posts\/53"}],"collection":[{"href":"https:\/\/kulturweit.blog\/eliunterwegs\/wp-json\/wp\/v2\/posts"}],"about":[{"href":"https:\/\/kulturweit.blog\/eliunterwegs\/wp-json\/wp\/v2\/types\/post"}],"author":[{"embeddable":true,"href":"https:\/\/kulturweit.blog\/eliunterwegs\/wp-json\/wp\/v2\/users\/955"}],"replies":[{"embeddable":true,"href":"https:\/\/kulturweit.blog\/eliunterwegs\/wp-json\/wp\/v2\/comments?post=53"}],"version-history":[{"count":0,"href":"https:\/\/kulturweit.blog\/eliunterwegs\/wp-json\/wp\/v2\/posts\/53\/revisions"}],"wp:featuredmedia":[{"embeddable":true,"href":"https:\/\/kulturweit.blog\/eliunterwegs\/wp-json\/wp\/v2\/media\/61"}],"wp:attachment":[{"href":"https:\/\/kulturweit.blog\/eliunterwegs\/wp-json\/wp\/v2\/media?parent=53"}],"wp:term":[{"taxonomy":"category","embeddable":true,"href":"https:\/\/kulturweit.blog\/eliunterwegs\/wp-json\/wp\/v2\/categories?post=53"},{"taxonomy":"post_tag","embeddable":true,"href":"https:\/\/kulturweit.blog\/eliunterwegs\/wp-json\/wp\/v2\/tags?post=53"}],"curies":[{"name":"wp","href":"https:\/\/api.w.org\/{rel}","templated":true}]}}