{"id":41,"date":"2012-09-05T21:41:18","date_gmt":"2012-09-05T19:41:18","guid":{"rendered":"https:\/\/kulturweit.blog\/eliunterwegs\/?p=41"},"modified":"2012-09-10T10:23:11","modified_gmt":"2012-09-10T08:23:11","slug":"an-die-arbeit","status":"publish","type":"post","link":"https:\/\/kulturweit.blog\/eliunterwegs\/2012\/09\/05\/an-die-arbeit\/","title":{"rendered":"An die Arbeit!"},"content":{"rendered":"<p style=\"text-align: center\"><a href=\"https:\/\/kulturweit.blog\/eliunterwegs\/files\/2012\/09\/IMG-021.jpg\"><img loading=\"lazy\" decoding=\"async\" class=\"alignnone size-medium wp-image-42\" src=\"https:\/\/kulturweit.blog\/eliunterwegs\/files\/2012\/09\/IMG-021-199x300.jpg\" alt=\"\" width=\"199\" height=\"300\" srcset=\"https:\/\/kulturweit.blog\/eliunterwegs\/files\/2012\/09\/IMG-021-199x300.jpg 199w, https:\/\/kulturweit.blog\/eliunterwegs\/files\/2012\/09\/IMG-021.jpg 682w\" sizes=\"(max-width: 199px) 100vw, 199px\" \/><\/a><a href=\"https:\/\/kulturweit.blog\/eliunterwegs\/files\/2012\/09\/IMG-0191.jpg\"><img loading=\"lazy\" decoding=\"async\" class=\"alignnone size-medium wp-image-45\" src=\"https:\/\/kulturweit.blog\/eliunterwegs\/files\/2012\/09\/IMG-0191-199x300.jpg\" alt=\"\" width=\"199\" height=\"300\" srcset=\"https:\/\/kulturweit.blog\/eliunterwegs\/files\/2012\/09\/IMG-0191-199x300.jpg 199w, https:\/\/kulturweit.blog\/eliunterwegs\/files\/2012\/09\/IMG-0191.jpg 682w\" sizes=\"(max-width: 199px) 100vw, 199px\" \/><\/a><\/p>\n<p style=\"text-align: center\"><a href=\"https:\/\/kulturweit.blog\/eliunterwegs\/files\/2012\/09\/IMG-020.jpg\"><img loading=\"lazy\" decoding=\"async\" class=\"alignnone size-medium wp-image-44\" src=\"https:\/\/kulturweit.blog\/eliunterwegs\/files\/2012\/09\/IMG-020-300x199.jpg\" alt=\"\" width=\"300\" height=\"199\" srcset=\"https:\/\/kulturweit.blog\/eliunterwegs\/files\/2012\/09\/IMG-020-300x199.jpg 300w, https:\/\/kulturweit.blog\/eliunterwegs\/files\/2012\/09\/IMG-020-450x300.jpg 450w, https:\/\/kulturweit.blog\/eliunterwegs\/files\/2012\/09\/IMG-020.jpg 1024w\" sizes=\"(max-width: 300px) 100vw, 300px\" \/><\/a><\/p>\n<p><span style=\"font-family: 'Trebuchet MS', sans-serif\">Heute war mein erster richtiger Arbeitstag. Habe mir zur Sicherheit zwei Wecker gestellt, falls ich nach dem ersten Klingeln wieder einschlafen sollte (es war aber dann doch nur einer n\u00f6tig). Meinen Stundenplan habe ich schon seit gestern. Am meisten bin ich nat\u00fcrlich in Deutschstunden, ich soll aber auch in anderen F\u00e4chern, zum Beispiel Mathe, Kunst und HSK (Heimat- und Sachkunde :) ) dabei sein. In Tschechien geht die Grundschule bis zur 9. Klasse, und in meinem Stundenplan sind auch ab der 1. alle Klassenstufen vertreten.<\/span><\/p>\n<p><span style=\"font-family: 'Trebuchet MS', sans-serif\">Heute habe ich schon die 7B, die 4B und die 1B kennengelernt. Die ersten beiden habe ich in Deutsch besucht und wurde zweimal \u00fcber mich ausgefragt (\u201eWie alt bist du?\u201c, \u201eWo wohnst du?\u201c etc. Wonach sie erstaunlicherweise im zweiten Jahr Deutsch auch schon fragen k\u00f6nnen, ist \u201eHast du einen Freund?\u201c)<\/span><\/p>\n<p>&nbsp;<\/p>\n<p><span style=\"font-family: 'Trebuchet MS', sans-serif\">Die Mathestunde in der 1. Klasse war auch f\u00fcr mich sehr interessant und von der Lehrerin richtig nett gestaltet: An der Tafel stand je der Anfangsbuchstabe des Namens von jedem Kind in der Klasse (f\u00fcr die Jungs in blau, f\u00fcr die M\u00e4dels rot). Dann wurde flei\u00dfig in jeder Reihe gez\u00e4hlt, wie viele rote und wie viele blaue Buchstaben stehen da? In welchen beiden Reihen sind es jeweils gleich viel? Die W\u00f6rter, die daf\u00fcr notwendig sind, kann ich jetzt auf Tschechisch und die Kinder auf Deutsch. Und bis f\u00fcnf z\u00e4hlen k\u00f6nnen wir auch schon!<\/span><\/p>\n<p>&nbsp;<\/p>\n<p><span style=\"font-family: 'Trebuchet MS', sans-serif\">Bis jetzt f\u00fchle ich mich auf jeden Fall richtig wohl an meiner Schule. Die Lehrerinnen, die ich bis jetzt schon getroffen habe, sind sehr nett und freuen sich, dass ich da bin. Toll sind auch die Kinder, die jetzt schon \u201eHallo Elisabeth!\u201c rufen, sobald sie mich sehen.<\/span><\/p>\n<p>&nbsp;<\/p>\n<p><span style=\"font-family: 'Trebuchet MS', sans-serif\">Zum Abschluss bekommt ihr hier noch ein Bild von dem aktuellen Zustand meines Zimmers bzw. Schreibtischs. So sieht das momentan aus, wenn ich schreibe, lese, aus dem Fenster schaue etc. (Habe endlich den Blumenladen meines Vertrauens gefunden, das hilft viel) Oben an der Wand seht ihr meinen Stundenplan. Wie schon zu Schulzeiten hat der mich einfach zum Ausmalen eingeladen :)<\/span><\/p>\n<p><a href=\"https:\/\/kulturweit.blog\/eliunterwegs\/files\/2012\/09\/IMG-000.jpg\"><img loading=\"lazy\" decoding=\"async\" class=\"size-medium wp-image-46 aligncenter\" src=\"https:\/\/kulturweit.blog\/eliunterwegs\/files\/2012\/09\/IMG-000-300x199.jpg\" alt=\"\" width=\"300\" height=\"199\" srcset=\"https:\/\/kulturweit.blog\/eliunterwegs\/files\/2012\/09\/IMG-000-300x199.jpg 300w, https:\/\/kulturweit.blog\/eliunterwegs\/files\/2012\/09\/IMG-000-450x300.jpg 450w, https:\/\/kulturweit.blog\/eliunterwegs\/files\/2012\/09\/IMG-000.jpg 1024w\" sizes=\"(max-width: 300px) 100vw, 300px\" \/><\/a><\/p>\n","protected":false},"excerpt":{"rendered":"<p>Heute war mein erster richtiger Arbeitstag. Habe mir zur Sicherheit zwei Wecker gestellt, falls ich nach dem ersten Klingeln wieder einschlafen sollte (es war aber dann doch nur einer n\u00f6tig). Meinen Stundenplan habe ich schon seit gestern. Am meisten bin &hellip; <a href=\"https:\/\/kulturweit.blog\/eliunterwegs\/2012\/09\/05\/an-die-arbeit\/\">Weiterlesen <span class=\"meta-nav\">&rarr;<\/span><\/a><\/p>\n","protected":false},"author":955,"featured_media":37,"comment_status":"open","ping_status":"open","sticky":false,"template":"","format":"standard","meta":{"footnotes":""},"categories":[21,57297],"tags":[],"class_list":["post-41","post","type-post","status-publish","format-standard","has-post-thumbnail","hentry","category-allgemein","category-uber-die-arbeit"],"amp_enabled":true,"_links":{"self":[{"href":"https:\/\/kulturweit.blog\/eliunterwegs\/wp-json\/wp\/v2\/posts\/41"}],"collection":[{"href":"https:\/\/kulturweit.blog\/eliunterwegs\/wp-json\/wp\/v2\/posts"}],"about":[{"href":"https:\/\/kulturweit.blog\/eliunterwegs\/wp-json\/wp\/v2\/types\/post"}],"author":[{"embeddable":true,"href":"https:\/\/kulturweit.blog\/eliunterwegs\/wp-json\/wp\/v2\/users\/955"}],"replies":[{"embeddable":true,"href":"https:\/\/kulturweit.blog\/eliunterwegs\/wp-json\/wp\/v2\/comments?post=41"}],"version-history":[{"count":1,"href":"https:\/\/kulturweit.blog\/eliunterwegs\/wp-json\/wp\/v2\/posts\/41\/revisions"}],"predecessor-version":[{"id":50,"href":"https:\/\/kulturweit.blog\/eliunterwegs\/wp-json\/wp\/v2\/posts\/41\/revisions\/50"}],"wp:featuredmedia":[{"embeddable":true,"href":"https:\/\/kulturweit.blog\/eliunterwegs\/wp-json\/wp\/v2\/media\/37"}],"wp:attachment":[{"href":"https:\/\/kulturweit.blog\/eliunterwegs\/wp-json\/wp\/v2\/media?parent=41"}],"wp:term":[{"taxonomy":"category","embeddable":true,"href":"https:\/\/kulturweit.blog\/eliunterwegs\/wp-json\/wp\/v2\/categories?post=41"},{"taxonomy":"post_tag","embeddable":true,"href":"https:\/\/kulturweit.blog\/eliunterwegs\/wp-json\/wp\/v2\/tags?post=41"}],"curies":[{"name":"wp","href":"https:\/\/api.w.org\/{rel}","templated":true}]}}