{"id":223,"date":"2013-01-20T20:51:02","date_gmt":"2013-01-20T19:51:02","guid":{"rendered":"https:\/\/kulturweit.blog\/eliunterwegs\/?p=223"},"modified":"2013-01-20T20:51:03","modified_gmt":"2013-01-20T19:51:03","slug":"lebenszeichen-2013-tante-eli-und-die-buchteln","status":"publish","type":"post","link":"https:\/\/kulturweit.blog\/eliunterwegs\/2013\/01\/20\/lebenszeichen-2013-tante-eli-und-die-buchteln\/","title":{"rendered":"Lebenszeichen 2013 &#8211; Tante Eli und die Buchteln"},"content":{"rendered":"<p>Dva tisice t\u0159in\u00e1ct. So liest sich das neue Jahr auf Tschechisch. Gut in ebendiesem und wieder in Liberec angekommen, melde ich mich zur\u00fcck. Angefangen hat es mit zwei sch\u00f6nen Wochen zu Hause und einem Besuch bei Tine, einer lieben anderen Freiwilligen in der Slowakei.<\/p>\n<p>Und von welcher Seite hat es sich bis jetzt gezeigt, das Jahr 2013? Von einer sehr frostigen auf jeden Fall, seit vorletzter Woche liegt eine Menge Schnee und Winterstiefel sowie Daunenjacke sind absolut angebracht. Au\u00dferdem habe ich nach einiger Suche endlich so ein schlittenartiges Plastikteil aufgetrieben, dessen korrekte hochdeutsche Bezeichnung mir nicht bekannt ist. Rutschteller vielleicht, oder Schneerutscher. Ich nenne es Poporutscherl ;)<\/p>\n<p>Auf jeden Fall habe ich gemeinsam mit Svenja, Freiwilligenbesuch aus Polen, schon eine tolle Piste daf\u00fcr entdeckt.<\/p>\n<p><a href=\"https:\/\/kulturweit.blog\/eliunterwegs\/2013\/01\/20\/lebenszeichen-2013-tante-eli-und-die-buchteln\/sam_5117\/\" rel=\"attachment wp-att-225\"><img loading=\"lazy\" decoding=\"async\" class=\"alignleft size-full wp-image-225\" alt=\"SAM_5117\" src=\"https:\/\/kulturweit.blog\/eliunterwegs\/files\/2013\/01\/SAM_5117.jpg\" width=\"1024\" height=\"768\" srcset=\"https:\/\/kulturweit.blog\/eliunterwegs\/files\/2013\/01\/SAM_5117.jpg 1024w, https:\/\/kulturweit.blog\/eliunterwegs\/files\/2013\/01\/SAM_5117-300x225.jpg 300w, https:\/\/kulturweit.blog\/eliunterwegs\/files\/2013\/01\/SAM_5117-400x300.jpg 400w\" sizes=\"(max-width: 1024px) 100vw, 1024px\" \/><\/a><\/p>\n<p>Was den gestrigen Samstag betrifft, kann ich berichten, er war super :)<\/p>\n<p>Mit der Stra\u00dfenbahn bin ich nach Jablonec gefahren, dem n\u00e4chsten Ort 12 km von Liberec, und habe Katka, die Tochter von meiner Tschechisch-Deutsch-Sprachlernpartnerin besucht. Samt ihrer kleinen Tochter Veronika, bald 2 Jahre alt, die mich inzwischen schon als Teta Eli, also Tante Eli kennt. Lieblingsw\u00f6rter: Hami, Mimi und gestern auch \u201eE&#8217;i, pod&#8216;!\u201c (Eli, komm!)<\/p>\n<p>So ein W\u00fcrmchen verlangt eine Menge Aufmerksamkeit. Dabei waren wir eigentlich auch so schon gut besch\u00e4ftigt, denn es wurden Buchteln, \u010cesk\u00e9 buchty, gebacken, also Hefegeb\u00e4ck mit Quarkf\u00fcllung. Lecker und auch super zum Aggressionsabbau geeignet, beim Teigkneten oder Auf-den-Teig-einschlagen :D<\/p>\n<p><a href=\"https:\/\/kulturweit.blog\/eliunterwegs\/2013\/01\/20\/lebenszeichen-2013-tante-eli-und-die-buchteln\/buchteln1\/\" rel=\"attachment wp-att-224\"><img loading=\"lazy\" decoding=\"async\" class=\"alignleft size-full wp-image-224\" alt=\"Buchteln1\" src=\"https:\/\/kulturweit.blog\/eliunterwegs\/files\/2013\/01\/Buchteln1.jpg\" width=\"1024\" height=\"764\" srcset=\"https:\/\/kulturweit.blog\/eliunterwegs\/files\/2013\/01\/Buchteln1.jpg 1024w, https:\/\/kulturweit.blog\/eliunterwegs\/files\/2013\/01\/Buchteln1-300x223.jpg 300w, https:\/\/kulturweit.blog\/eliunterwegs\/files\/2013\/01\/Buchteln1-402x300.jpg 402w\" sizes=\"(max-width: 1024px) 100vw, 1024px\" \/><\/a><\/p>\n<p><a href=\"https:\/\/kulturweit.blog\/eliunterwegs\/2013\/01\/20\/lebenszeichen-2013-tante-eli-und-die-buchteln\/buchteln2\/\" rel=\"attachment wp-att-226\"><img loading=\"lazy\" decoding=\"async\" class=\"alignleft size-full wp-image-226\" alt=\"Buchteln2\" src=\"https:\/\/kulturweit.blog\/eliunterwegs\/files\/2013\/01\/Buchteln2.jpg\" width=\"1024\" height=\"764\" srcset=\"https:\/\/kulturweit.blog\/eliunterwegs\/files\/2013\/01\/Buchteln2.jpg 1024w, https:\/\/kulturweit.blog\/eliunterwegs\/files\/2013\/01\/Buchteln2-300x223.jpg 300w, https:\/\/kulturweit.blog\/eliunterwegs\/files\/2013\/01\/Buchteln2-402x300.jpg 402w\" sizes=\"(max-width: 1024px) 100vw, 1024px\" \/><\/a><\/p>\n<p>Yep. Ein paar davon gab es dann zum Sonntagsfr\u00fchst\u00fcck. Mir geht\u2019s gut! (:<\/p>\n<p>&nbsp;<\/p>\n","protected":false},"excerpt":{"rendered":"<p>Dva tisice t\u0159in\u00e1ct. So liest sich das neue Jahr auf Tschechisch. Gut in ebendiesem und wieder in Liberec angekommen, melde ich mich zur\u00fcck. Angefangen hat es mit zwei sch\u00f6nen Wochen zu Hause und einem Besuch bei Tine, einer lieben anderen &hellip; <a href=\"https:\/\/kulturweit.blog\/eliunterwegs\/2013\/01\/20\/lebenszeichen-2013-tante-eli-und-die-buchteln\/\">Weiterlesen <span class=\"meta-nav\">&rarr;<\/span><\/a><\/p>\n","protected":false},"author":955,"featured_media":119,"comment_status":"open","ping_status":"open","sticky":false,"template":"","format":"standard","meta":{"footnotes":""},"categories":[21],"tags":[],"class_list":["post-223","post","type-post","status-publish","format-standard","has-post-thumbnail","hentry","category-allgemein"],"amp_enabled":true,"_links":{"self":[{"href":"https:\/\/kulturweit.blog\/eliunterwegs\/wp-json\/wp\/v2\/posts\/223"}],"collection":[{"href":"https:\/\/kulturweit.blog\/eliunterwegs\/wp-json\/wp\/v2\/posts"}],"about":[{"href":"https:\/\/kulturweit.blog\/eliunterwegs\/wp-json\/wp\/v2\/types\/post"}],"author":[{"embeddable":true,"href":"https:\/\/kulturweit.blog\/eliunterwegs\/wp-json\/wp\/v2\/users\/955"}],"replies":[{"embeddable":true,"href":"https:\/\/kulturweit.blog\/eliunterwegs\/wp-json\/wp\/v2\/comments?post=223"}],"version-history":[{"count":0,"href":"https:\/\/kulturweit.blog\/eliunterwegs\/wp-json\/wp\/v2\/posts\/223\/revisions"}],"wp:featuredmedia":[{"embeddable":true,"href":"https:\/\/kulturweit.blog\/eliunterwegs\/wp-json\/wp\/v2\/media\/119"}],"wp:attachment":[{"href":"https:\/\/kulturweit.blog\/eliunterwegs\/wp-json\/wp\/v2\/media?parent=223"}],"wp:term":[{"taxonomy":"category","embeddable":true,"href":"https:\/\/kulturweit.blog\/eliunterwegs\/wp-json\/wp\/v2\/categories?post=223"},{"taxonomy":"post_tag","embeddable":true,"href":"https:\/\/kulturweit.blog\/eliunterwegs\/wp-json\/wp\/v2\/tags?post=223"}],"curies":[{"name":"wp","href":"https:\/\/api.w.org\/{rel}","templated":true}]}}