{"id":211,"date":"2012-12-05T21:19:32","date_gmt":"2012-12-05T20:19:32","guid":{"rendered":"https:\/\/kulturweit.blog\/eliunterwegs\/?p=211"},"modified":"2012-12-05T21:45:58","modified_gmt":"2012-12-05T20:45:58","slug":"grose-tage","status":"publish","type":"post","link":"https:\/\/kulturweit.blog\/eliunterwegs\/2012\/12\/05\/grose-tage\/","title":{"rendered":"Gro\u00dfe Tage"},"content":{"rendered":"<p><span style=\"font-family: 'Trebuchet MS', sans-serif\">Am Mittwoch ist Teufelchen-Schule, hie\u00df es von Seiten meiner Betreuungslehrerin. Was das genau hei\u00dfen soll, war mir nicht klar \u2013 bis heute: Schon am 5. Dezember wird n\u00e4mlich in Tschechien gro\u00df der Nikolaustag gefeiert. Wichtig sind dabei vor allem seine Begleiter: Alle Sch\u00fcler waren heute als Engel oder Teufel verkleidet, ein Muss bei letzterem waren die rabenschwarzen H\u00e4nde und Gesichter. Die hatte zum Schluss aber die ganze Schule, denn ihren \u201eRu\u00df\u201c haben die Teufelchen gro\u00dfz\u00fcgig weiterverteilt.<\/span><\/p>\n<p><a href=\"https:\/\/kulturweit.blog\/eliunterwegs\/2012\/12\/05\/grose-tage\/2012-12-05_11-00-27_226\/\" rel=\"attachment wp-att-212\"><img loading=\"lazy\" decoding=\"async\" class=\"alignleft size-full wp-image-212\" src=\"https:\/\/kulturweit.blog\/eliunterwegs\/files\/2012\/12\/2012-12-05_11-00-27_226.jpg\" alt=\"\" width=\"764\" height=\"1024\" srcset=\"https:\/\/kulturweit.blog\/eliunterwegs\/files\/2012\/12\/2012-12-05_11-00-27_226.jpg 764w, https:\/\/kulturweit.blog\/eliunterwegs\/files\/2012\/12\/2012-12-05_11-00-27_226-223x300.jpg 223w\" sizes=\"(max-width: 764px) 100vw, 764px\" \/><\/a><\/p>\n<p><span style=\"font-family: 'Trebuchet MS', sans-serif\">In der ganzen Stadt waren heute die Teufel und Nikol\u00e4use zu finden.<\/span><\/p>\n<p><a href=\"https:\/\/kulturweit.blog\/eliunterwegs\/2012\/12\/05\/grose-tage\/2012-12-05_17-24-40_235\/\" rel=\"attachment wp-att-213\"><img loading=\"lazy\" decoding=\"async\" class=\"alignleft size-full wp-image-213\" src=\"https:\/\/kulturweit.blog\/eliunterwegs\/files\/2012\/12\/2012-12-05_17-24-40_235.jpg\" alt=\"\" width=\"764\" height=\"1024\" srcset=\"https:\/\/kulturweit.blog\/eliunterwegs\/files\/2012\/12\/2012-12-05_17-24-40_235.jpg 764w, https:\/\/kulturweit.blog\/eliunterwegs\/files\/2012\/12\/2012-12-05_17-24-40_235-223x300.jpg 223w\" sizes=\"(max-width: 764px) 100vw, 764px\" \/><\/a><\/p>\n<p>&nbsp;<\/p>\n<p>&nbsp;<\/p>\n<p><span style=\"font-family: 'Trebuchet MS', sans-serif\">Das bringt uns auch schon zum zweiten gro\u00dfen Ereignis: Ich war endlich beim Eishockey! Ziemlich spontan habe ich am Montag beschlossen, mir am Dienstag das Spiel der B\u00edl\u00ed Tyg\u0159i gegen Sparta Prag anzuschauen. Auch unter den Besuchern:<\/span><\/p>\n<div id=\"attachment_214\" style=\"width: 1034px\" class=\"wp-caption alignleft\"><a href=\"https:\/\/kulturweit.blog\/eliunterwegs\/2012\/12\/05\/grose-tage\/2012-12-04_18-11-07_252\/\" rel=\"attachment wp-att-214\"><img loading=\"lazy\" decoding=\"async\" aria-describedby=\"caption-attachment-214\" class=\"size-full wp-image-214\" src=\"https:\/\/kulturweit.blog\/eliunterwegs\/files\/2012\/12\/2012-12-04_18-11-07_252.jpg\" alt=\"\" width=\"1024\" height=\"764\" srcset=\"https:\/\/kulturweit.blog\/eliunterwegs\/files\/2012\/12\/2012-12-04_18-11-07_252.jpg 1024w, https:\/\/kulturweit.blog\/eliunterwegs\/files\/2012\/12\/2012-12-04_18-11-07_252-300x223.jpg 300w, https:\/\/kulturweit.blog\/eliunterwegs\/files\/2012\/12\/2012-12-04_18-11-07_252-402x300.jpg 402w\" sizes=\"(max-width: 1024px) 100vw, 1024px\" \/><\/a><p id=\"caption-attachment-214\" class=\"wp-caption-text\">Links im Bild: Hoher Besuch beim Eishockey<\/p><\/div>\n<p><span style=\"font-family: 'Trebuchet MS', sans-serif\">Leider konnte auch der nicht verhindern, dass Liberec verloren hat. Ich bin trotzdem sehr stolz auf mich selbst, dass ichs endlich geschafft hab und sicher wieder heimgekommen bin (\u201eZur Bushaltestelle geht\u2019s da vorne links runter, dann rechts, geradeaus, hoch und links \u2013 aber da geht heute kein Bus mehr\u201c ist n\u00e4mlich nicht das, was man h\u00f6ren will, wenn man gerade irgendwo beim Wintersportstadion an der Autobahn steht). Aber wie gesagt, solche Problemchen beseitige ich ja inzwischen routiniert und ich bin gut nach Hause gekommen.<\/span><\/p>\n","protected":false},"excerpt":{"rendered":"<p>Am Mittwoch ist Teufelchen-Schule, hie\u00df es von Seiten meiner Betreuungslehrerin. Was das genau hei\u00dfen soll, war mir nicht klar \u2013 bis heute: Schon am 5. Dezember wird n\u00e4mlich in Tschechien gro\u00df der Nikolaustag gefeiert. Wichtig sind dabei vor allem seine &hellip; <a href=\"https:\/\/kulturweit.blog\/eliunterwegs\/2012\/12\/05\/grose-tage\/\">Weiterlesen <span class=\"meta-nav\">&rarr;<\/span><\/a><\/p>\n","protected":false},"author":955,"featured_media":119,"comment_status":"open","ping_status":"open","sticky":false,"template":"","format":"standard","meta":{"footnotes":""},"categories":[21,57294,57297,57293],"tags":[],"class_list":["post-211","post","type-post","status-publish","format-standard","has-post-thumbnail","hentry","category-allgemein","category-uber-besonderheiten","category-uber-die-arbeit","category-uber-liberec"],"amp_enabled":true,"_links":{"self":[{"href":"https:\/\/kulturweit.blog\/eliunterwegs\/wp-json\/wp\/v2\/posts\/211"}],"collection":[{"href":"https:\/\/kulturweit.blog\/eliunterwegs\/wp-json\/wp\/v2\/posts"}],"about":[{"href":"https:\/\/kulturweit.blog\/eliunterwegs\/wp-json\/wp\/v2\/types\/post"}],"author":[{"embeddable":true,"href":"https:\/\/kulturweit.blog\/eliunterwegs\/wp-json\/wp\/v2\/users\/955"}],"replies":[{"embeddable":true,"href":"https:\/\/kulturweit.blog\/eliunterwegs\/wp-json\/wp\/v2\/comments?post=211"}],"version-history":[{"count":0,"href":"https:\/\/kulturweit.blog\/eliunterwegs\/wp-json\/wp\/v2\/posts\/211\/revisions"}],"wp:featuredmedia":[{"embeddable":true,"href":"https:\/\/kulturweit.blog\/eliunterwegs\/wp-json\/wp\/v2\/media\/119"}],"wp:attachment":[{"href":"https:\/\/kulturweit.blog\/eliunterwegs\/wp-json\/wp\/v2\/media?parent=211"}],"wp:term":[{"taxonomy":"category","embeddable":true,"href":"https:\/\/kulturweit.blog\/eliunterwegs\/wp-json\/wp\/v2\/categories?post=211"},{"taxonomy":"post_tag","embeddable":true,"href":"https:\/\/kulturweit.blog\/eliunterwegs\/wp-json\/wp\/v2\/tags?post=211"}],"curies":[{"name":"wp","href":"https:\/\/api.w.org\/{rel}","templated":true}]}}