{"id":196,"date":"2012-12-01T18:37:18","date_gmt":"2012-12-01T17:37:18","guid":{"rendered":"https:\/\/kulturweit.blog\/eliunterwegs\/?p=196"},"modified":"2012-12-05T21:20:26","modified_gmt":"2012-12-05T20:20:26","slug":"vom-kloster-ins-paradies","status":"publish","type":"post","link":"https:\/\/kulturweit.blog\/eliunterwegs\/2012\/12\/01\/vom-kloster-ins-paradies\/","title":{"rendered":"Vom Kloster ins Paradies"},"content":{"rendered":"<p><span style=\"font-family: 'Trebuchet MS', sans-serif\">Bei mir war einiges los die letzten 14 Tage. Wir elf Tschechien-Freiwillige hatten unser Zwischenseminar. Das Seminarhaus war in einem ehemaligen Franziskanerkloster; das ist auch der Grund f\u00fcr die riesige Kirche in dem ansonsten recht kleinen Ort Hejnice, nur etwa 45 Minuten Zugfahrt von Liberec entfernt (trotzdem muss man aufpassen, dass man nicht in den falschen Wagon einsteigt und vorher abgeh\u00e4ngt wird). Meine Fahrtkosten belaufen sich auf insgesamt 77 tschechische Kronen, das sind etwa 3 \u20ac. Reisen ist wirklich g\u00fcnstig hier (dickes Plus f\u00fcr Tschechien!).<\/span><\/p>\n<p><span style=\"font-family: 'Trebuchet MS', sans-serif\">In Hejnice haben wir uns also \u00fcber unsere Erfahrungen in den ersten Monaten ausgetauscht, diskutiert, Unterrichtsmaterialien gesammelt und nat\u00fcrlich auch Ideen f\u00fcr unser grooo\u00dfes \u201eFreiwilligenprojekt\u201c. Doch w\u00e4hrend wir am Anfang der Tagung alle das Wort \u201eProjekt\u201c gar nicht h\u00f6ren wollten, kam es uns zum Schluss gar nicht mehr so schlimm vor. Ich bin schon gespannt auf die Ergebnisse!<\/span><\/p>\n<p>&nbsp;<\/p>\n<div id=\"attachment_198\" style=\"width: 778px\" class=\"wp-caption alignleft\"><a href=\"https:\/\/kulturweit.blog\/eliunterwegs\/2012\/12\/01\/vom-kloster-ins-paradies\/dscf0256\/\" rel=\"attachment wp-att-198\"><img loading=\"lazy\" decoding=\"async\" aria-describedby=\"caption-attachment-198\" class=\"size-full wp-image-198\" src=\"https:\/\/kulturweit.blog\/eliunterwegs\/files\/2012\/12\/DSCF0256.jpg\" alt=\"\" width=\"768\" height=\"1024\" srcset=\"https:\/\/kulturweit.blog\/eliunterwegs\/files\/2012\/12\/DSCF0256.jpg 768w, https:\/\/kulturweit.blog\/eliunterwegs\/files\/2012\/12\/DSCF0256-225x300.jpg 225w\" sizes=\"(max-width: 768px) 100vw, 768px\" \/><\/a><p id=\"caption-attachment-198\" class=\"wp-caption-text\">Kirche in Hejnice<\/p><\/div>\n<p>&nbsp;<\/p>\n<p><span style=\"font-family: 'Trebuchet MS', sans-serif\">(F\u00fcr das Foto vielen Dank an Lisa)<\/span><\/p>\n<p><span style=\"font-family: 'Trebuchet MS', sans-serif\">Um das altbekannte Tagungsloch zu vermeiden, wurden am Tag nach dem Seminar schon gleich wieder flei\u00dfig Pl\u00e4ne geschmiedet und am Wochenende in die Tat umgesetzt. Lisa und ich sind mit dem Auto nach Turnov gefahren, einer Stadt hier in der N\u00e4he, die mitten im sogenannten Tschechischen Paradies liegt. Dort gibt es vieleviele Wander- und Fahrradwege, und wir beide waren uns sicher, dass es extra als lebensgro\u00dfes M\u00e4rchenland angelegt ist \u2013 die Liste von Burgen, Burgruinen und Schl\u00f6ssern, die in dieser Gegend herumstehen, ist ewig lang. Als w\u00e4re das nicht schon genug, stehen mitten in der Landschaft auch noch riesige Sandsteinfelsen, die eine unglaubliche Aussicht bieten und einen tollen Spielplatz f\u00fcr uns kleine und gro\u00dfe Kinder (:<\/span><\/p>\n<div id=\"attachment_199\" style=\"width: 1034px\" class=\"wp-caption alignleft\"><a href=\"https:\/\/kulturweit.blog\/eliunterwegs\/2012\/12\/01\/vom-kloster-ins-paradies\/img_5212\/\" rel=\"attachment wp-att-199\"><img loading=\"lazy\" decoding=\"async\" aria-describedby=\"caption-attachment-199\" class=\"size-full wp-image-199\" src=\"https:\/\/kulturweit.blog\/eliunterwegs\/files\/2012\/12\/IMG_5212.jpg\" alt=\"\" width=\"1024\" height=\"682\" srcset=\"https:\/\/kulturweit.blog\/eliunterwegs\/files\/2012\/12\/IMG_5212.jpg 1024w, https:\/\/kulturweit.blog\/eliunterwegs\/files\/2012\/12\/IMG_5212-300x199.jpg 300w, https:\/\/kulturweit.blog\/eliunterwegs\/files\/2012\/12\/IMG_5212-450x300.jpg 450w\" sizes=\"(max-width: 1024px) 100vw, 1024px\" \/><\/a><p id=\"caption-attachment-199\" class=\"wp-caption-text\">Friedhof unter der Autobahn<\/p>\n<div class=\"mceTemp\">\n<dl>\n<dt><a href=\"https:\/\/kulturweit.blog\/eliunterwegs\/2012\/12\/01\/vom-kloster-ins-paradies\/img_5254\/\" rel=\"attachment wp-att-200\"><img loading=\"lazy\" decoding=\"async\" class=\"size-full wp-image-200\" src=\"https:\/\/kulturweit.blog\/eliunterwegs\/files\/2012\/12\/IMG_5254.jpg\" alt=\"\" width=\"1024\" height=\"682\" srcset=\"https:\/\/kulturweit.blog\/eliunterwegs\/files\/2012\/12\/IMG_5254.jpg 1024w, https:\/\/kulturweit.blog\/eliunterwegs\/files\/2012\/12\/IMG_5254-300x199.jpg 300w, https:\/\/kulturweit.blog\/eliunterwegs\/files\/2012\/12\/IMG_5254-450x300.jpg 450w\" sizes=\"(max-width: 1024px) 100vw, 1024px\" \/><\/a><\/dt>\n<dd>Tschechisches Paradies &#8211; \u010desk\u00fd r\u00e1j<\/p><\/div>\n<\/dd>\n<\/dl>\n<\/div>\n<p><a href=\"https:\/\/kulturweit.blog\/eliunterwegs\/2012\/12\/01\/vom-kloster-ins-paradies\/dscf0341\/\" rel=\"attachment wp-att-204\"><img loading=\"lazy\" decoding=\"async\" class=\"alignleft size-full wp-image-204\" src=\"https:\/\/kulturweit.blog\/eliunterwegs\/files\/2012\/12\/DSCF0341.jpg\" alt=\"\" width=\"768\" height=\"1024\" srcset=\"https:\/\/kulturweit.blog\/eliunterwegs\/files\/2012\/12\/DSCF0341.jpg 768w, https:\/\/kulturweit.blog\/eliunterwegs\/files\/2012\/12\/DSCF0341-225x300.jpg 225w\" sizes=\"(max-width: 768px) 100vw, 768px\" \/><\/a><\/p>\n","protected":false},"excerpt":{"rendered":"<p>Bei mir war einiges los die letzten 14 Tage. Wir elf Tschechien-Freiwillige hatten unser Zwischenseminar. Das Seminarhaus war in einem ehemaligen Franziskanerkloster; das ist auch der Grund f\u00fcr die riesige Kirche in dem ansonsten recht kleinen Ort Hejnice, nur etwa &hellip; <a href=\"https:\/\/kulturweit.blog\/eliunterwegs\/2012\/12\/01\/vom-kloster-ins-paradies\/\">Weiterlesen <span class=\"meta-nav\">&rarr;<\/span><\/a><\/p>\n","protected":false},"author":955,"featured_media":119,"comment_status":"open","ping_status":"open","sticky":false,"template":"","format":"standard","meta":{"footnotes":""},"categories":[21,57296],"tags":[],"class_list":["post-196","post","type-post","status-publish","format-standard","has-post-thumbnail","hentry","category-allgemein","category-uber-ausfluge-reisen"],"amp_enabled":true,"_links":{"self":[{"href":"https:\/\/kulturweit.blog\/eliunterwegs\/wp-json\/wp\/v2\/posts\/196"}],"collection":[{"href":"https:\/\/kulturweit.blog\/eliunterwegs\/wp-json\/wp\/v2\/posts"}],"about":[{"href":"https:\/\/kulturweit.blog\/eliunterwegs\/wp-json\/wp\/v2\/types\/post"}],"author":[{"embeddable":true,"href":"https:\/\/kulturweit.blog\/eliunterwegs\/wp-json\/wp\/v2\/users\/955"}],"replies":[{"embeddable":true,"href":"https:\/\/kulturweit.blog\/eliunterwegs\/wp-json\/wp\/v2\/comments?post=196"}],"version-history":[{"count":0,"href":"https:\/\/kulturweit.blog\/eliunterwegs\/wp-json\/wp\/v2\/posts\/196\/revisions"}],"wp:featuredmedia":[{"embeddable":true,"href":"https:\/\/kulturweit.blog\/eliunterwegs\/wp-json\/wp\/v2\/media\/119"}],"wp:attachment":[{"href":"https:\/\/kulturweit.blog\/eliunterwegs\/wp-json\/wp\/v2\/media?parent=196"}],"wp:term":[{"taxonomy":"category","embeddable":true,"href":"https:\/\/kulturweit.blog\/eliunterwegs\/wp-json\/wp\/v2\/categories?post=196"},{"taxonomy":"post_tag","embeddable":true,"href":"https:\/\/kulturweit.blog\/eliunterwegs\/wp-json\/wp\/v2\/tags?post=196"}],"curies":[{"name":"wp","href":"https:\/\/api.w.org\/{rel}","templated":true}]}}