{"id":186,"date":"2012-10-16T21:18:15","date_gmt":"2012-10-16T19:18:15","guid":{"rendered":"https:\/\/kulturweit.blog\/eliunterwegs\/?p=186"},"modified":"2012-10-16T21:18:18","modified_gmt":"2012-10-16T19:18:18","slug":"bayern-bohmen","status":"publish","type":"post","link":"https:\/\/kulturweit.blog\/eliunterwegs\/2012\/10\/16\/bayern-bohmen\/","title":{"rendered":"Bayern &#8211; B\u00f6hmen"},"content":{"rendered":"<p style=\"text-align: center\"><a href=\"https:\/\/kulturweit.blog\/eliunterwegs\/2012\/10\/16\/bayern-bohmen\/img-043\/\" rel=\"attachment wp-att-187\"><img loading=\"lazy\" decoding=\"async\" class=\"size-full wp-image-187\" src=\"https:\/\/kulturweit.blog\/eliunterwegs\/files\/2012\/10\/IMG-043.jpg\" alt=\"\" width=\"682\" height=\"1024\" srcset=\"https:\/\/kulturweit.blog\/eliunterwegs\/files\/2012\/10\/IMG-043.jpg 682w, https:\/\/kulturweit.blog\/eliunterwegs\/files\/2012\/10\/IMG-043-199x300.jpg 199w\" sizes=\"(max-width: 682px) 100vw, 682px\" \/><\/a><\/p>\n<p>&nbsp;<\/p>\n<p><span style=\"font-family: 'Trebuchet MS', sans-serif\">Das ist ja gar nicht so weit weg, sagen die Leute, wenn sie h\u00f6ren, dass ich aus Bayern komme. Von hier aus betrachtet ist es zwar nicht ganz so nah wie Sachsen, aber Recht haben sie damit trotzdem.<\/span><\/p>\n<p><span style=\"font-family: 'Trebuchet MS', sans-serif\">Bei mir schleicht sich zwischendurch das Gef\u00fchl ein, dass die Bayern und die Tschechen nicht nur geografisch, sondern auch in ihrer Mentalit\u00e4t gar nicht so weit auseinander liegen. Das zeigt sich ganz besonders kulinarisch: Spezialit\u00e4ten der tschechischen K\u00fcche (ohne die die K\u00f6chinnen in der Schule keine Woche lang auskommen) sind zum Beispiel Schweinebraten mit Sauerkraut, <em>knedl\u00edk <\/em>(in einer Form, die bei uns Serviettenkn\u00f6deln entsprechen w\u00fcrde) und Germkn\u00f6del. Und wie man wei\u00df, ist man hier auch dem Bier ganz und gar nicht abgeneigt. Habe ich schon erw\u00e4hnt, dass der erste Braumeister der Pilsner B\u00fcrgerbrauerei, wo immer noch das Pilsner Urquell herkommt, ein gewisser Josef Groll aus M\u00fcnchen war?<\/span><\/p>\n<p><span style=\"font-family: 'Trebuchet MS', sans-serif\">Au\u00dferdem will ich noch erw\u00e4hnen, dass viele hier schon stolz darauf sind, eine Sprache mit Lauten zu haben, die f\u00fcr die meisten anderen unaussprechlich sind. Auch das kommt einem doch vielleicht bekannt vor.<\/span><\/p>\n<p>&nbsp;<\/p>\n<p><span style=\"font-family: 'Trebuchet MS', sans-serif\">Ich will keine oberfl\u00e4chlichen Behauptungen aufstellen oder Vorurteile abklappern, deswegen lasse ich es mal bei diesen offensichtlichen Gemeinsamkeiten. Wenn man aber h\u00f6rt, dass die fr\u00fchere Bezeichnung des germanischer Stammes, aus dem die Bayern hervorgegangen sind (Bajuwaren) vermutlich \u201eM\u00e4nner aus B\u00f6hmen\u201c bedeutet, fragt man sich wirklich, warum die Leute immer noch streiten, wer denn nun den Kn\u00f6del erfunden hat.<\/span><\/p>\n","protected":false},"excerpt":{"rendered":"<p>&nbsp; Das ist ja gar nicht so weit weg, sagen die Leute, wenn sie h\u00f6ren, dass ich aus Bayern komme. Von hier aus betrachtet ist es zwar nicht ganz so nah wie Sachsen, aber Recht haben sie damit trotzdem. Bei &hellip; <a href=\"https:\/\/kulturweit.blog\/eliunterwegs\/2012\/10\/16\/bayern-bohmen\/\">Weiterlesen <span class=\"meta-nav\">&rarr;<\/span><\/a><\/p>\n","protected":false},"author":955,"featured_media":187,"comment_status":"open","ping_status":"open","sticky":false,"template":"","format":"standard","meta":{"footnotes":""},"categories":[57295],"tags":[],"class_list":["post-186","post","type-post","status-publish","format-standard","has-post-thumbnail","hentry","category-uber-gefuhlsmasiges"],"amp_enabled":true,"_links":{"self":[{"href":"https:\/\/kulturweit.blog\/eliunterwegs\/wp-json\/wp\/v2\/posts\/186"}],"collection":[{"href":"https:\/\/kulturweit.blog\/eliunterwegs\/wp-json\/wp\/v2\/posts"}],"about":[{"href":"https:\/\/kulturweit.blog\/eliunterwegs\/wp-json\/wp\/v2\/types\/post"}],"author":[{"embeddable":true,"href":"https:\/\/kulturweit.blog\/eliunterwegs\/wp-json\/wp\/v2\/users\/955"}],"replies":[{"embeddable":true,"href":"https:\/\/kulturweit.blog\/eliunterwegs\/wp-json\/wp\/v2\/comments?post=186"}],"version-history":[{"count":0,"href":"https:\/\/kulturweit.blog\/eliunterwegs\/wp-json\/wp\/v2\/posts\/186\/revisions"}],"wp:featuredmedia":[{"embeddable":true,"href":"https:\/\/kulturweit.blog\/eliunterwegs\/wp-json\/wp\/v2\/media\/187"}],"wp:attachment":[{"href":"https:\/\/kulturweit.blog\/eliunterwegs\/wp-json\/wp\/v2\/media?parent=186"}],"wp:term":[{"taxonomy":"category","embeddable":true,"href":"https:\/\/kulturweit.blog\/eliunterwegs\/wp-json\/wp\/v2\/categories?post=186"},{"taxonomy":"post_tag","embeddable":true,"href":"https:\/\/kulturweit.blog\/eliunterwegs\/wp-json\/wp\/v2\/tags?post=186"}],"curies":[{"name":"wp","href":"https:\/\/api.w.org\/{rel}","templated":true}]}}