{"id":159,"date":"2012-09-26T14:39:55","date_gmt":"2012-09-26T12:39:55","guid":{"rendered":"https:\/\/kulturweit.blog\/eliunterwegs\/?p=159"},"modified":"2012-09-26T14:39:55","modified_gmt":"2012-09-26T12:39:55","slug":"wo-ich-jetzt-eigentlich-wohne","status":"publish","type":"post","link":"https:\/\/kulturweit.blog\/eliunterwegs\/2012\/09\/26\/wo-ich-jetzt-eigentlich-wohne\/","title":{"rendered":"Wo ich jetzt eigentlich wohne."},"content":{"rendered":"<p><span style=\"font-family: 'Trebuchet MS', sans-serif\">\u00dcber so einige Orte habe ich auf meinem Blog schon berichtet. \u00dcber einen aber noch ziemlich wenig, und das ist ausgerechnet der, in dem ich wohne: Liberec. Das werde ich also in diesem Eintrag nachholen und zumindest einen kleinen Einblick geben, was ich hier so alles sehe.<\/span><\/p>\n<p><a title=\"IMG 018 von grinsekaetzle bei Flickr\" href=\"http:\/\/www.flickr.com\/photos\/87580345@N06\/8024097844\/\"><img loading=\"lazy\" decoding=\"async\" src=\"http:\/\/farm9.staticflickr.com\/8318\/8024097844_f111779247_c.jpg\" alt=\"IMG 018\" width=\"534\" height=\"800\" \/><\/a><\/p>\n<p><span style=\"font-family: 'Trebuchet MS', sans-serif\">Liberec hat ca. 100.000 Einwohner und wie die meisten tschechischen St\u00e4dte auch einen deutschen Namen, Reichenberg. Fr\u00fcher war die Stadt wegen ihrer bl\u00fchenden Textilindustrie sehr einflussreich. Daher gibt es hier sehr viele sch\u00f6ne Geb\u00e4ude, die Ende des 19. Jahrhunderts erbaut wurden, wie das Rathaus, das Theater, das Nordb\u00f6hmische Museum und teilweise ziemlich spektakul\u00e4re Villen. Viele sind renoviert, anderen sieht man ihr Alter deutlich an. <\/span><\/p>\n<p><a title=\"IMG 010 von grinsekaetzle bei Flickr\" href=\"http:\/\/www.flickr.com\/photos\/87580345@N06\/8024085968\/\"><img loading=\"lazy\" decoding=\"async\" src=\"http:\/\/farm9.staticflickr.com\/8035\/8024085968_48c5cc0a0e_c.jpg\" alt=\"IMG 010\" width=\"534\" height=\"800\" \/><\/a><\/p>\n<p><a title=\"IMG_ 240 von grinsekaetzle bei Flickr\" href=\"http:\/\/www.flickr.com\/photos\/87580345@N06\/8024102559\/\"><img loading=\"lazy\" decoding=\"async\" src=\"http:\/\/farm9.staticflickr.com\/8313\/8024102559_e5eb17b07d_c.jpg\" alt=\"IMG_ 240\" width=\"534\" height=\"800\" \/><\/a><\/p>\n<p><a title=\"IMG_ 235_2 von grinsekaetzle bei Flickr\" href=\"http:\/\/www.flickr.com\/photos\/87580345@N06\/8024101889\/\"><img loading=\"lazy\" decoding=\"async\" src=\"http:\/\/farm9.staticflickr.com\/8450\/8024101889_e7cd6f6af5.jpg\" alt=\"IMG_ 235_2\" width=\"500\" height=\"500\" \/><\/a><\/p>\n<p><a title=\"IMG 031_2 von grinsekaetzle bei Flickr\" href=\"http:\/\/www.flickr.com\/photos\/87580345@N06\/8024159392\/\"><img loading=\"lazy\" decoding=\"async\" src=\"http:\/\/farm9.staticflickr.com\/8034\/8024159392_3e242973be.jpg\" alt=\"IMG 031_2\" width=\"500\" height=\"500\" \/><\/a><\/p>\n<p><span style=\"font-family: 'Trebuchet MS', sans-serif\">Zu meinem Wochenende, Teil 2, geh\u00f6rte diesmal auch ein Besuch im Botanischen Garten. Auch wenn hier der Herbst schon klar Einzug gehalten hat, h\u00e4ngt noch Rosenduft in der Luft. <\/span><\/p>\n<p><a title=\"IMG_ 066_2 von grinsekaetzle bei Flickr\" href=\"http:\/\/www.flickr.com\/photos\/87580345@N06\/8024090959\/\"><img loading=\"lazy\" decoding=\"async\" src=\"http:\/\/farm9.staticflickr.com\/8038\/8024090959_594e06eebf.jpg\" alt=\"IMG_ 066_2\" width=\"500\" height=\"500\" \/><\/a><\/p>\n<p><span style=\"font-family: 'Trebuchet MS', sans-serif\">Wenn man in den Gew\u00e4chsh\u00e4usern einmal herumgeht, kommt man an Akazien und Eukalyptus, im Regenwald von Nicaragua, an den gro\u00dfen Kakteen und an einer \u201eFlowery Selection\u201c von zum Beispiel bl\u00fchenden Str\u00e4uchern und Kamelien vorbei. Dort findet man auch einen Teich mit Koi-Karpfen und den Beweis, dass dieser Ort von Touristen frequentiert wird: Auf einem Schild wird man gebeten, doch bitte keine M\u00fcnzen in den Teich zu werfen.<\/span><\/p>\n<p><a title=\"IMG_ 119_2 von grinsekaetzle bei Flickr\" href=\"http:\/\/www.flickr.com\/photos\/87580345@N06\/8024093082\/\"><img loading=\"lazy\" decoding=\"async\" src=\"http:\/\/farm9.staticflickr.com\/8031\/8024093082_3684cc0542.jpg\" alt=\"IMG_ 119_2\" width=\"500\" height=\"500\" \/><\/a><\/p>\n<p><a title=\"IMG_ 145 von grinsekaetzle bei Flickr\" href=\"http:\/\/www.flickr.com\/photos\/87580345@N06\/8024096724\/\"><img loading=\"lazy\" decoding=\"async\" src=\"http:\/\/farm9.staticflickr.com\/8460\/8024096724_da31735c77_c.jpg\" alt=\"IMG_ 145\" width=\"534\" height=\"800\" \/><\/a><\/p>\n<p><a title=\"IMG_ 080 von grinsekaetzle bei Flickr\" href=\"http:\/\/www.flickr.com\/photos\/87580345@N06\/8024092276\/\"><img loading=\"lazy\" decoding=\"async\" src=\"http:\/\/farm9.staticflickr.com\/8451\/8024092276_f103a7107c_c.jpg\" alt=\"IMG_ 080\" width=\"534\" height=\"800\" \/><\/a><\/p>\n<p>Vielen Dank f\u00fcr Ihre Aufmerksamkeit! (:<\/p>\n","protected":false},"excerpt":{"rendered":"<p>\u00dcber so einige Orte habe ich auf meinem Blog schon berichtet. \u00dcber einen aber noch ziemlich wenig, und das ist ausgerechnet der, in dem ich wohne: Liberec. Das werde ich also in diesem Eintrag nachholen und zumindest einen kleinen Einblick &hellip; <a href=\"https:\/\/kulturweit.blog\/eliunterwegs\/2012\/09\/26\/wo-ich-jetzt-eigentlich-wohne\/\">Weiterlesen <span class=\"meta-nav\">&rarr;<\/span><\/a><\/p>\n","protected":false},"author":955,"featured_media":171,"comment_status":"open","ping_status":"open","sticky":false,"template":"","format":"standard","meta":{"footnotes":""},"categories":[21],"tags":[],"class_list":["post-159","post","type-post","status-publish","format-standard","has-post-thumbnail","hentry","category-allgemein"],"amp_enabled":true,"_links":{"self":[{"href":"https:\/\/kulturweit.blog\/eliunterwegs\/wp-json\/wp\/v2\/posts\/159"}],"collection":[{"href":"https:\/\/kulturweit.blog\/eliunterwegs\/wp-json\/wp\/v2\/posts"}],"about":[{"href":"https:\/\/kulturweit.blog\/eliunterwegs\/wp-json\/wp\/v2\/types\/post"}],"author":[{"embeddable":true,"href":"https:\/\/kulturweit.blog\/eliunterwegs\/wp-json\/wp\/v2\/users\/955"}],"replies":[{"embeddable":true,"href":"https:\/\/kulturweit.blog\/eliunterwegs\/wp-json\/wp\/v2\/comments?post=159"}],"version-history":[{"count":0,"href":"https:\/\/kulturweit.blog\/eliunterwegs\/wp-json\/wp\/v2\/posts\/159\/revisions"}],"wp:featuredmedia":[{"embeddable":true,"href":"https:\/\/kulturweit.blog\/eliunterwegs\/wp-json\/wp\/v2\/media\/171"}],"wp:attachment":[{"href":"https:\/\/kulturweit.blog\/eliunterwegs\/wp-json\/wp\/v2\/media?parent=159"}],"wp:term":[{"taxonomy":"category","embeddable":true,"href":"https:\/\/kulturweit.blog\/eliunterwegs\/wp-json\/wp\/v2\/categories?post=159"},{"taxonomy":"post_tag","embeddable":true,"href":"https:\/\/kulturweit.blog\/eliunterwegs\/wp-json\/wp\/v2\/tags?post=159"}],"curies":[{"name":"wp","href":"https:\/\/api.w.org\/{rel}","templated":true}]}}