{"id":141,"date":"2012-09-24T21:28:08","date_gmt":"2012-09-24T19:28:08","guid":{"rendered":"https:\/\/kulturweit.blog\/eliunterwegs\/?p=141"},"modified":"2012-09-24T21:49:52","modified_gmt":"2012-09-24T19:49:52","slug":"quite-a-trip","status":"publish","type":"post","link":"https:\/\/kulturweit.blog\/eliunterwegs\/2012\/09\/24\/quite-a-trip\/","title":{"rendered":"Quite a trip :)"},"content":{"rendered":"<p><a title=\"IMG_ 034 von grinsekaetzle bei Flickr\" href=\"http:\/\/www.flickr.com\/photos\/87580345@N06\/8016770315\/\"><img loading=\"lazy\" decoding=\"async\" class=\"alignleft\" src=\"http:\/\/farm9.staticflickr.com\/8304\/8016770315_589a2d5245_c.jpg\" alt=\"IMG_ 034\" width=\"534\" height=\"800\" \/><\/a><\/p>\n<p>&nbsp;<\/p>\n<p style=\"text-align: left\"><span style=\"font-family: 'Trebuchet MS', sans-serif\">So haben meine Schuhe am Samstag ausgesehen. Tun sie immer noch, denn ich war bis jetzt zu faul, den Dreck wegzuwaschen. H\u00e4tte ich nachgedacht, h\u00e4tte ich auch meine Wanderschuhe anziehen k\u00f6nnen. Aber von vorne &#8211;<\/span><\/p>\n<p><span style=\"font-family: 'Trebuchet MS', sans-serif\">Am Anfang stand die Einladung. Von der fantastischsten Austauschorganisation der Welt, YFU, mit der ich in der 10. Klasse ein Jahr in Norwegen verbracht habe (sollte ein Leser dieses Blogs zwischen 15 und 18 Jahre alt sein, nutzt eure Chance. Ein Leben ohn YFU ist m\u00f6glich, aber mit ist es viel sch\u00f6ner und spannender ;) &#8211;&gt; <a href=\"http:\/\/www.yfu.de\/\">http:\/\/www.yfu.de\/<\/a> ). <\/span><\/p>\n<p>&nbsp;<\/p>\n<p><span style=\"font-family: 'Trebuchet MS', sans-serif\">Nat\u00fcrlich gibt es YFU auch in Tschechien. Hier ist es genauso faszinierend, wie man die liebsten Menschen in einem Verein zusammenbringt. Nach einer Busfahrt raus aus Prag haben wir also gemeinsam den ersten Gipfel erklommen, bei Svat\u00fd Jan pod Skalou. Vorher hatte es geregnet, der Weg war also recht matschig. Noch ist aber alles gut gegangen. Die Aussicht von oben war diese:<\/span><\/p>\n<p><a title=\"IMG_ 009 von grinsekaetzle bei Flickr\" href=\"http:\/\/www.flickr.com\/photos\/87580345@N06\/8016779844\/\"><img loading=\"lazy\" decoding=\"async\" src=\"http:\/\/farm9.staticflickr.com\/8180\/8016779844_3915f365fe_c.jpg\" alt=\"IMG_ 009\" width=\"800\" height=\"534\" \/><\/a><\/p>\n<p>&nbsp;<\/p>\n<p><span style=\"font-family: 'Trebuchet MS', sans-serif\">N\u00e4chstes Ziel war die Burg Karl<span style=\"font-family: 'Trebuchet MS', sans-serif\">\u0161<\/span>tejn, ein sehr bekanntes Ziel f\u00fcr Touristen. Bis dahin waren es jedoch noch 8 km zu gehen, bergauf und bergab, und wie gesagt, die Wege waren rutschig. Jetzt ratet mal, wer sich dank unpassendem Schuhwerk der L\u00e4nge nach hingelegt hat. Richtig&#8230; moi.<\/span><\/p>\n<p><span style=\"font-family: 'Trebuchet MS', sans-serif\">Aber kein Drama. So ein bisschen Dreck ist auch mal ganz sch\u00f6n. Daf\u00fcr war es ein sch\u00f6ner Tag mit sch\u00f6nen Leuten in einer sch\u00f6nen Gegend, und abends bin ich verdient ins Bett gefallen. Wochenende Teil 1: Ende.<\/span><\/p>\n<p><a title=\"IMG_ 017 von grinsekaetzle bei Flickr\" href=\"http:\/\/www.flickr.com\/photos\/87580345@N06\/8016778700\/\"><img loading=\"lazy\" decoding=\"async\" src=\"http:\/\/farm9.staticflickr.com\/8172\/8016778700_04a3ec70e0_c.jpg\" alt=\"IMG_ 017\" width=\"534\" height=\"800\" \/><\/a><\/p>\n<p><a title=\"IMG_ 052 von grinsekaetzle bei Flickr\" href=\"http:\/\/www.flickr.com\/photos\/87580345@N06\/8020728341\/\"><img loading=\"lazy\" decoding=\"async\" src=\"http:\/\/farm9.staticflickr.com\/8032\/8020728341_b8e3b65ee6_c.jpg\" alt=\"IMG_ 052\" width=\"534\" height=\"800\" \/><\/a><\/p>\n<p><a title=\"IMG_ 041 von grinsekaetzle bei Flickr\" href=\"http:\/\/www.flickr.com\/photos\/87580345@N06\/8016774734\/\"><img loading=\"lazy\" decoding=\"async\" src=\"http:\/\/farm9.staticflickr.com\/8032\/8016774734_d11e9d3351_c.jpg\" alt=\"IMG_ 041\" width=\"534\" height=\"800\" \/><\/a><\/p>\n","protected":false},"excerpt":{"rendered":"<p>&nbsp; So haben meine Schuhe am Samstag ausgesehen. Tun sie immer noch, denn ich war bis jetzt zu faul, den Dreck wegzuwaschen. H\u00e4tte ich nachgedacht, h\u00e4tte ich auch meine Wanderschuhe anziehen k\u00f6nnen. Aber von vorne &#8211; Am Anfang stand die &hellip; <a href=\"https:\/\/kulturweit.blog\/eliunterwegs\/2012\/09\/24\/quite-a-trip\/\">Weiterlesen <span class=\"meta-nav\">&rarr;<\/span><\/a><\/p>\n","protected":false},"author":955,"featured_media":157,"comment_status":"open","ping_status":"open","sticky":false,"template":"","format":"standard","meta":{"footnotes":""},"categories":[21,57296],"tags":[],"class_list":["post-141","post","type-post","status-publish","format-standard","has-post-thumbnail","hentry","category-allgemein","category-uber-ausfluge-reisen"],"amp_enabled":true,"_links":{"self":[{"href":"https:\/\/kulturweit.blog\/eliunterwegs\/wp-json\/wp\/v2\/posts\/141"}],"collection":[{"href":"https:\/\/kulturweit.blog\/eliunterwegs\/wp-json\/wp\/v2\/posts"}],"about":[{"href":"https:\/\/kulturweit.blog\/eliunterwegs\/wp-json\/wp\/v2\/types\/post"}],"author":[{"embeddable":true,"href":"https:\/\/kulturweit.blog\/eliunterwegs\/wp-json\/wp\/v2\/users\/955"}],"replies":[{"embeddable":true,"href":"https:\/\/kulturweit.blog\/eliunterwegs\/wp-json\/wp\/v2\/comments?post=141"}],"version-history":[{"count":0,"href":"https:\/\/kulturweit.blog\/eliunterwegs\/wp-json\/wp\/v2\/posts\/141\/revisions"}],"wp:featuredmedia":[{"embeddable":true,"href":"https:\/\/kulturweit.blog\/eliunterwegs\/wp-json\/wp\/v2\/media\/157"}],"wp:attachment":[{"href":"https:\/\/kulturweit.blog\/eliunterwegs\/wp-json\/wp\/v2\/media?parent=141"}],"wp:term":[{"taxonomy":"category","embeddable":true,"href":"https:\/\/kulturweit.blog\/eliunterwegs\/wp-json\/wp\/v2\/categories?post=141"},{"taxonomy":"post_tag","embeddable":true,"href":"https:\/\/kulturweit.blog\/eliunterwegs\/wp-json\/wp\/v2\/tags?post=141"}],"curies":[{"name":"wp","href":"https:\/\/api.w.org\/{rel}","templated":true}]}}