{"id":12,"date":"2012-09-03T23:12:53","date_gmt":"2012-09-03T21:12:53","guid":{"rendered":"https:\/\/kulturweit.blog\/eliunterwegs\/?p=12"},"modified":"2012-09-10T10:22:33","modified_gmt":"2012-09-10T08:22:33","slug":"praha","status":"publish","type":"post","link":"https:\/\/kulturweit.blog\/eliunterwegs\/2012\/09\/03\/praha\/","title":{"rendered":"Praha"},"content":{"rendered":"<p><span style=\"font-family: 'Trebuchet MS', sans-serif\">Um es gleich zu sagen: Prag ist sch\u00f6n. Prag ist sogar wundersch\u00f6n. Deshalb und weil wir drei PASCH-Freiwilligen in Tschechien von der Expertin f\u00fcr Unterricht ans Goethe-Institut eingeladen wurden, habe ich mich am Samstagmorgen in einen Bus gesetzt und bin dorthin gefahren.<\/span><\/p>\n<p><span style=\"font-family: 'Trebuchet MS', sans-serif\">F\u00fcr Montagvormittag war ein Besuch am Goethe-Institut geplant, wo Malina, Isabel und ich unsere Aufgaben an den Schulen besprechen und einige Mitarbeiter des Instituts kennenlernen konnten. Auch die R\u00e4umlichkeiten durften wir uns anschauen und ganz besonders die fantastische Aussicht \u00fcber die Moldau direkt auf die Prager Burg.<\/span><\/p>\n<p><span style=\"font-family: 'Trebuchet MS', sans-serif\">Das ganze Wochenende davor hatten wir allerdings frei. Obwohl wir alle eine anstrengende Anreise und noch einen leichten Schlafmangel vom Vorbereitungsseminar hatten, haben wir die beiden Tage auch genutzt, um die Stadt zu entdecken.<\/span><\/p>\n<p>&nbsp;<\/p>\n<p><span style=\"font-family: 'Trebuchet MS', sans-serif\">Dazu gibt es nur eines zu sagen: Ich liebe Prag. Schaut es euch einfach an:<\/span><\/p>\n\n\t\t<style type=\"text\/css\">\n\t\t\t#gallery-1 {\n\t\t\t\tmargin: auto;\n\t\t\t}\n\t\t\t#gallery-1 .gallery-item {\n\t\t\t\tfloat: left;\n\t\t\t\tmargin-top: 10px;\n\t\t\t\ttext-align: center;\n\t\t\t\twidth: 33%;\n\t\t\t}\n\t\t\t#gallery-1 img {\n\t\t\t\tborder: 2px solid #cfcfcf;\n\t\t\t}\n\t\t\t#gallery-1 .gallery-caption {\n\t\t\t\tmargin-left: 0;\n\t\t\t}\n\t\t\t\/* see gallery_shortcode() in wp-includes\/media.php *\/\n\t\t<\/style>\n\t\t<div id='gallery-1' class='gallery galleryid-12 gallery-columns-3 gallery-size-thumbnail'><dl class='gallery-item'>\n\t\t\t<dt class='gallery-icon portrait'>\n\t\t\t\t<a href='https:\/\/kulturweit.blog\/eliunterwegs\/2012\/09\/03\/praha\/img_2837\/'><img loading=\"lazy\" decoding=\"async\" width=\"150\" height=\"150\" src=\"https:\/\/kulturweit.blog\/eliunterwegs\/files\/2012\/09\/IMG_2837-150x150.jpg\" class=\"attachment-thumbnail size-thumbnail\" alt=\"\" \/><\/a>\n\t\t\t<\/dt><\/dl><dl class='gallery-item'>\n\t\t\t<dt class='gallery-icon landscape'>\n\t\t\t\t<a href='https:\/\/kulturweit.blog\/eliunterwegs\/2012\/09\/03\/praha\/img_2836\/'><img loading=\"lazy\" decoding=\"async\" width=\"150\" height=\"150\" src=\"https:\/\/kulturweit.blog\/eliunterwegs\/files\/2012\/09\/IMG_2836-150x150.jpg\" class=\"attachment-thumbnail size-thumbnail\" alt=\"\" \/><\/a>\n\t\t\t<\/dt><\/dl><dl class='gallery-item'>\n\t\t\t<dt class='gallery-icon landscape'>\n\t\t\t\t<a href='https:\/\/kulturweit.blog\/eliunterwegs\/2012\/09\/03\/praha\/img_2839\/'><img loading=\"lazy\" decoding=\"async\" width=\"150\" height=\"150\" src=\"https:\/\/kulturweit.blog\/eliunterwegs\/files\/2012\/09\/IMG_2839-150x150.jpg\" class=\"attachment-thumbnail size-thumbnail\" alt=\"\" \/><\/a>\n\t\t\t<\/dt><\/dl><br style=\"clear: both\" \/><dl class='gallery-item'>\n\t\t\t<dt class='gallery-icon landscape'>\n\t\t\t\t<a href='https:\/\/kulturweit.blog\/eliunterwegs\/2012\/09\/03\/praha\/img_2847\/'><img loading=\"lazy\" decoding=\"async\" width=\"150\" height=\"150\" src=\"https:\/\/kulturweit.blog\/eliunterwegs\/files\/2012\/09\/IMG_2847-150x150.jpg\" class=\"attachment-thumbnail size-thumbnail\" alt=\"\" \/><\/a>\n\t\t\t<\/dt><\/dl><dl class='gallery-item'>\n\t\t\t<dt class='gallery-icon landscape'>\n\t\t\t\t<a href='https:\/\/kulturweit.blog\/eliunterwegs\/2012\/09\/03\/praha\/img_2863\/'><img loading=\"lazy\" decoding=\"async\" width=\"150\" height=\"150\" src=\"https:\/\/kulturweit.blog\/eliunterwegs\/files\/2012\/09\/IMG_2863-150x150.jpg\" class=\"attachment-thumbnail size-thumbnail\" alt=\"\" \/><\/a>\n\t\t\t<\/dt><\/dl><dl class='gallery-item'>\n\t\t\t<dt class='gallery-icon portrait'>\n\t\t\t\t<a href='https:\/\/kulturweit.blog\/eliunterwegs\/2012\/09\/03\/praha\/img_2930\/'><img loading=\"lazy\" decoding=\"async\" width=\"150\" height=\"150\" src=\"https:\/\/kulturweit.blog\/eliunterwegs\/files\/2012\/09\/IMG_2930-150x150.jpg\" class=\"attachment-thumbnail size-thumbnail\" alt=\"\" \/><\/a>\n\t\t\t<\/dt><\/dl><br style=\"clear: both\" \/><dl class='gallery-item'>\n\t\t\t<dt class='gallery-icon portrait'>\n\t\t\t\t<a href='https:\/\/kulturweit.blog\/eliunterwegs\/2012\/09\/03\/praha\/img_2875\/'><img loading=\"lazy\" decoding=\"async\" width=\"150\" height=\"150\" src=\"https:\/\/kulturweit.blog\/eliunterwegs\/files\/2012\/09\/IMG_2875-150x150.jpg\" class=\"attachment-thumbnail size-thumbnail\" alt=\"\" \/><\/a>\n\t\t\t<\/dt><\/dl><dl class='gallery-item'>\n\t\t\t<dt class='gallery-icon landscape'>\n\t\t\t\t<a href='https:\/\/kulturweit.blog\/eliunterwegs\/2012\/09\/03\/praha\/img_2932\/'><img loading=\"lazy\" decoding=\"async\" width=\"150\" height=\"150\" src=\"https:\/\/kulturweit.blog\/eliunterwegs\/files\/2012\/09\/IMG_2932-150x150.jpg\" class=\"attachment-thumbnail size-thumbnail\" alt=\"\" \/><\/a>\n\t\t\t<\/dt><\/dl><dl class='gallery-item'>\n\t\t\t<dt class='gallery-icon landscape'>\n\t\t\t\t<a href='https:\/\/kulturweit.blog\/eliunterwegs\/2012\/09\/03\/praha\/img_2903\/'><img loading=\"lazy\" decoding=\"async\" width=\"150\" height=\"150\" src=\"https:\/\/kulturweit.blog\/eliunterwegs\/files\/2012\/09\/IMG_2903-150x150.jpg\" class=\"attachment-thumbnail size-thumbnail\" alt=\"\" \/><\/a>\n\t\t\t<\/dt><\/dl><br style=\"clear: both\" \/><dl class='gallery-item'>\n\t\t\t<dt class='gallery-icon landscape'>\n\t\t\t\t<a href='https:\/\/kulturweit.blog\/eliunterwegs\/2012\/09\/03\/praha\/img_2901\/'><img loading=\"lazy\" decoding=\"async\" width=\"150\" height=\"150\" src=\"https:\/\/kulturweit.blog\/eliunterwegs\/files\/2012\/09\/IMG_2901-150x150.jpg\" class=\"attachment-thumbnail size-thumbnail\" alt=\"\" \/><\/a>\n\t\t\t<\/dt><\/dl><dl class='gallery-item'>\n\t\t\t<dt class='gallery-icon landscape'>\n\t\t\t\t<a href='https:\/\/kulturweit.blog\/eliunterwegs\/2012\/09\/03\/praha\/img_2890\/'><img loading=\"lazy\" decoding=\"async\" width=\"150\" height=\"150\" src=\"https:\/\/kulturweit.blog\/eliunterwegs\/files\/2012\/09\/IMG_2890-150x150.jpg\" class=\"attachment-thumbnail size-thumbnail\" alt=\"\" \/><\/a>\n\t\t\t<\/dt><\/dl><dl class='gallery-item'>\n\t\t\t<dt class='gallery-icon landscape'>\n\t\t\t\t<a href='https:\/\/kulturweit.blog\/eliunterwegs\/2012\/09\/03\/praha\/img_2866\/'><img loading=\"lazy\" decoding=\"async\" width=\"150\" height=\"150\" src=\"https:\/\/kulturweit.blog\/eliunterwegs\/files\/2012\/09\/IMG_2866-150x150.jpg\" class=\"attachment-thumbnail size-thumbnail\" alt=\"\" \/><\/a>\n\t\t\t<\/dt><\/dl><br style=\"clear: both\" \/><dl class='gallery-item'>\n\t\t\t<dt class='gallery-icon landscape'>\n\t\t\t\t<a href='https:\/\/kulturweit.blog\/eliunterwegs\/2012\/09\/03\/praha\/img_2871\/'><img loading=\"lazy\" decoding=\"async\" width=\"150\" height=\"150\" src=\"https:\/\/kulturweit.blog\/eliunterwegs\/files\/2012\/09\/IMG_2871-150x150.jpg\" class=\"attachment-thumbnail size-thumbnail\" alt=\"\" \/><\/a>\n\t\t\t<\/dt><\/dl>\n\t\t\t<br style='clear: both' \/>\n\t\t<\/div>\n\n<p>&nbsp;<\/p>\n<p><span style=\"font-family: 'Trebuchet MS', sans-serif\">Am Sonntag hatte sich dann unsere Runde schon von drei auf f\u00fcnf M\u00e4dels vergr\u00f6\u00dfert, weil uns auch die beiden anderen Freiwilligen in Prag \u00fcber den Weg gelaufen waren. Und der Plan: die K\u00fcche st\u00fcrmen und zusammen was kochen. Einen Ort daf\u00fcr hatten wir auch schon gefunden, denn in Prag gibt\u2019s ja momentan noch einen Freiwilligen. Der Thomas hat uns auch liebenswerterweise seine WG-K\u00fcche zur Verf\u00fcgung gestellt und zum Schluss waren alle, samt Mitbewohner, relativ satt.<\/span><\/p>\n<p><a href=\"https:\/\/kulturweit.blog\/eliunterwegs\/files\/2012\/09\/DSC04593.jpg\"><img loading=\"lazy\" decoding=\"async\" class=\"size-medium wp-image-27 aligncenter\" src=\"https:\/\/kulturweit.blog\/eliunterwegs\/files\/2012\/09\/DSC04593-300x225.jpg\" alt=\"\" width=\"300\" height=\"225\" \/><\/a><a href=\"https:\/\/kulturweit.blog\/eliunterwegs\/files\/2012\/09\/DSC04595.jpg\"><img loading=\"lazy\" decoding=\"async\" class=\"size-medium wp-image-29 aligncenter\" src=\"https:\/\/kulturweit.blog\/eliunterwegs\/files\/2012\/09\/DSC04595-300x225.jpg\" alt=\"\" width=\"300\" height=\"225\" \/><\/a><a href=\"https:\/\/kulturweit.blog\/eliunterwegs\/files\/2012\/09\/DSC04594.jpg\"><img loading=\"lazy\" decoding=\"async\" class=\"size-medium wp-image-28 aligncenter\" src=\"https:\/\/kulturweit.blog\/eliunterwegs\/files\/2012\/09\/DSC04594-300x225.jpg\" alt=\"\" width=\"300\" height=\"225\" \/><\/a><\/p>\n<p>&nbsp;<\/p>\n<p><span style=\"font-family: 'Trebuchet MS', sans-serif\">Und morgen geht es, durch den Besuch in Prag etwas versp\u00e4tet, zum ersten Mal in meine Einsatzstelle. Mal sehen, ob ich schon hinfinde&#8230;<\/span><\/p>\n","protected":false},"excerpt":{"rendered":"<p>Um es gleich zu sagen: Prag ist sch\u00f6n. Prag ist sogar wundersch\u00f6n. Deshalb und weil wir drei PASCH-Freiwilligen in Tschechien von der Expertin f\u00fcr Unterricht ans Goethe-Institut eingeladen wurden, habe ich mich am Samstagmorgen in einen Bus gesetzt und bin &hellip; <a href=\"https:\/\/kulturweit.blog\/eliunterwegs\/2012\/09\/03\/praha\/\">Weiterlesen <span class=\"meta-nav\">&rarr;<\/span><\/a><\/p>\n","protected":false},"author":955,"featured_media":37,"comment_status":"open","ping_status":"open","sticky":false,"template":"","format":"standard","meta":{"footnotes":""},"categories":[21,57296],"tags":[],"class_list":["post-12","post","type-post","status-publish","format-standard","has-post-thumbnail","hentry","category-allgemein","category-uber-ausfluge-reisen"],"amp_enabled":true,"_links":{"self":[{"href":"https:\/\/kulturweit.blog\/eliunterwegs\/wp-json\/wp\/v2\/posts\/12"}],"collection":[{"href":"https:\/\/kulturweit.blog\/eliunterwegs\/wp-json\/wp\/v2\/posts"}],"about":[{"href":"https:\/\/kulturweit.blog\/eliunterwegs\/wp-json\/wp\/v2\/types\/post"}],"author":[{"embeddable":true,"href":"https:\/\/kulturweit.blog\/eliunterwegs\/wp-json\/wp\/v2\/users\/955"}],"replies":[{"embeddable":true,"href":"https:\/\/kulturweit.blog\/eliunterwegs\/wp-json\/wp\/v2\/comments?post=12"}],"version-history":[{"count":0,"href":"https:\/\/kulturweit.blog\/eliunterwegs\/wp-json\/wp\/v2\/posts\/12\/revisions"}],"wp:featuredmedia":[{"embeddable":true,"href":"https:\/\/kulturweit.blog\/eliunterwegs\/wp-json\/wp\/v2\/media\/37"}],"wp:attachment":[{"href":"https:\/\/kulturweit.blog\/eliunterwegs\/wp-json\/wp\/v2\/media?parent=12"}],"wp:term":[{"taxonomy":"category","embeddable":true,"href":"https:\/\/kulturweit.blog\/eliunterwegs\/wp-json\/wp\/v2\/categories?post=12"},{"taxonomy":"post_tag","embeddable":true,"href":"https:\/\/kulturweit.blog\/eliunterwegs\/wp-json\/wp\/v2\/tags?post=12"}],"curies":[{"name":"wp","href":"https:\/\/api.w.org\/{rel}","templated":true}]}}