{"id":100,"date":"2012-09-16T19:44:58","date_gmt":"2012-09-16T17:44:58","guid":{"rendered":"https:\/\/kulturweit.blog\/eliunterwegs\/?p=100"},"modified":"2012-09-16T22:29:59","modified_gmt":"2012-09-16T20:29:59","slug":"luft-nach-oben","status":"publish","type":"post","link":"https:\/\/kulturweit.blog\/eliunterwegs\/2012\/09\/16\/luft-nach-oben\/","title":{"rendered":"Luft nach oben."},"content":{"rendered":"<p><span style=\"font-family: 'Trebuchet MS', sans-serif\">Hei!<\/span><\/p>\n<p><a href=\"https:\/\/kulturweit.blog\/eliunterwegs\/files\/2012\/09\/IMG_-007.jpg\"><img loading=\"lazy\" decoding=\"async\" class=\"size-medium wp-image-104 aligncenter\" src=\"https:\/\/kulturweit.blog\/eliunterwegs\/files\/2012\/09\/IMG_-007-300x199.jpg\" alt=\"\" width=\"300\" height=\"199\" srcset=\"https:\/\/kulturweit.blog\/eliunterwegs\/files\/2012\/09\/IMG_-007-300x199.jpg 300w, https:\/\/kulturweit.blog\/eliunterwegs\/files\/2012\/09\/IMG_-007-450x300.jpg 450w, https:\/\/kulturweit.blog\/eliunterwegs\/files\/2012\/09\/IMG_-007.jpg 1024w\" sizes=\"(max-width: 300px) 100vw, 300px\" \/><\/a><\/p>\n<p>&nbsp;<\/p>\n<p><span style=\"font-family: 'Trebuchet MS', sans-serif\">Wenn es einem in der Stadt zu eng wird, kann man sich in die Tram setzen. Dann f\u00e4hrt man, bis die Stadt zu Ende ist und man gebeten wird, auszusteigen. In Horni Hanychov gibt es eine Seilbahn, die einen nach oben bringt.<\/span><\/p>\n<p>&nbsp;<\/p>\n<p><a href=\"https:\/\/kulturweit.blog\/eliunterwegs\/files\/2012\/09\/IMG_-041.jpg\"><img loading=\"lazy\" decoding=\"async\" class=\"size-medium wp-image-103 aligncenter\" src=\"https:\/\/kulturweit.blog\/eliunterwegs\/files\/2012\/09\/IMG_-041-199x300.jpg\" alt=\"\" width=\"199\" height=\"300\" srcset=\"https:\/\/kulturweit.blog\/eliunterwegs\/files\/2012\/09\/IMG_-041-199x300.jpg 199w, https:\/\/kulturweit.blog\/eliunterwegs\/files\/2012\/09\/IMG_-041.jpg 682w\" sizes=\"(max-width: 199px) 100vw, 199px\" \/><\/a><\/p>\n<p>&nbsp;<\/p>\n<p><span style=\"font-family: 'Trebuchet MS', sans-serif\">Oben kann man sich freuen, dass die Sonne scheint, dass Wind weht und man kann gl\u00fccklich sein, dass man da ist.<\/span><\/p>\n<p>&nbsp;<\/p>\n<p><a href=\"https:\/\/kulturweit.blog\/eliunterwegs\/files\/2012\/09\/IMG_-016.jpg\"><img loading=\"lazy\" decoding=\"async\" class=\"alignnone size-medium wp-image-105\" src=\"https:\/\/kulturweit.blog\/eliunterwegs\/files\/2012\/09\/IMG_-016-300x199.jpg\" alt=\"\" width=\"300\" height=\"199\" srcset=\"https:\/\/kulturweit.blog\/eliunterwegs\/files\/2012\/09\/IMG_-016-300x199.jpg 300w, https:\/\/kulturweit.blog\/eliunterwegs\/files\/2012\/09\/IMG_-016-450x300.jpg 450w, https:\/\/kulturweit.blog\/eliunterwegs\/files\/2012\/09\/IMG_-016.jpg 1024w\" sizes=\"(max-width: 300px) 100vw, 300px\" \/><\/a><\/p>\n<p><a href=\"https:\/\/kulturweit.blog\/eliunterwegs\/files\/2012\/09\/IMG_-019.jpg\"><img loading=\"lazy\" decoding=\"async\" class=\"size-medium wp-image-106 aligncenter\" src=\"https:\/\/kulturweit.blog\/eliunterwegs\/files\/2012\/09\/IMG_-019-300x199.jpg\" alt=\"\" width=\"300\" height=\"199\" srcset=\"https:\/\/kulturweit.blog\/eliunterwegs\/files\/2012\/09\/IMG_-019-300x199.jpg 300w, https:\/\/kulturweit.blog\/eliunterwegs\/files\/2012\/09\/IMG_-019-450x300.jpg 450w, https:\/\/kulturweit.blog\/eliunterwegs\/files\/2012\/09\/IMG_-019.jpg 1024w\" sizes=\"(max-width: 300px) 100vw, 300px\" \/><\/a><\/p>\n<p><a href=\"https:\/\/kulturweit.blog\/eliunterwegs\/files\/2012\/09\/IMG_-036.jpg\"><img loading=\"lazy\" decoding=\"async\" class=\"size-medium wp-image-102 alignright\" src=\"https:\/\/kulturweit.blog\/eliunterwegs\/files\/2012\/09\/IMG_-036-199x300.jpg\" alt=\"\" width=\"199\" height=\"300\" srcset=\"https:\/\/kulturweit.blog\/eliunterwegs\/files\/2012\/09\/IMG_-036-199x300.jpg 199w, https:\/\/kulturweit.blog\/eliunterwegs\/files\/2012\/09\/IMG_-036.jpg 682w\" sizes=\"(max-width: 199px) 100vw, 199px\" \/><\/a><\/p>\n<p>&nbsp;<\/p>\n<p>&nbsp;<\/p>\n<p>&nbsp;<\/p>\n<p>&nbsp;<\/p>\n<p>&nbsp;<\/p>\n<p>&nbsp;<\/p>\n<p>&nbsp;<\/p>\n<p>&nbsp;<\/p>\n<p><span style=\"font-family: 'Trebuchet MS', sans-serif\">Heute war ich also auf dem Berg, den ihr im Header von meinem Blog bewundern k\u00f6nnt. Auf den Je<span style=\"font-family: 'Trebuchet MS', sans-serif\">\u0161t\u011bd f\u00e4hrt eine Gondelseilbahn und im Winter ein Skilift (hurra!). Dort oben war es wunderbar windig und man guckt bis nach Deutschland und Polen.<\/span><\/span><\/p>\n<p>&nbsp;<\/p>\n<p><span style=\"font-family: 'Trebuchet MS', sans-serif\">Wieder unten trifft man auf die Realit\u00e4t, die sich bisweilen etwas seltsam darstellt, wie momentan in den sp\u00e4rlich best\u00fcckten Spiritousenregalen im Supermarkt. Wegen des aktuellen Falls von mit Methanol gepanschtem Alkohol, der schon etwa 20 Menschen das Leben gekostet hat, d\u00fcrfen die seit Freitag nur noch Getr\u00e4nke mit weniger als 20 % Alkohol enthalten.\u00a0<\/span><\/p>\n","protected":false},"excerpt":{"rendered":"<p>Hei! &nbsp; Wenn es einem in der Stadt zu eng wird, kann man sich in die Tram setzen. Dann f\u00e4hrt man, bis die Stadt zu Ende ist und man gebeten wird, auszusteigen. In Horni Hanychov gibt es eine Seilbahn, die &hellip; <a href=\"https:\/\/kulturweit.blog\/eliunterwegs\/2012\/09\/16\/luft-nach-oben\/\">Weiterlesen <span class=\"meta-nav\">&rarr;<\/span><\/a><\/p>\n","protected":false},"author":955,"featured_media":110,"comment_status":"open","ping_status":"open","sticky":false,"template":"","format":"standard","meta":{"footnotes":""},"categories":[21,57296,57293],"tags":[],"class_list":["post-100","post","type-post","status-publish","format-standard","has-post-thumbnail","hentry","category-allgemein","category-uber-ausfluge-reisen","category-uber-liberec"],"amp_enabled":true,"_links":{"self":[{"href":"https:\/\/kulturweit.blog\/eliunterwegs\/wp-json\/wp\/v2\/posts\/100"}],"collection":[{"href":"https:\/\/kulturweit.blog\/eliunterwegs\/wp-json\/wp\/v2\/posts"}],"about":[{"href":"https:\/\/kulturweit.blog\/eliunterwegs\/wp-json\/wp\/v2\/types\/post"}],"author":[{"embeddable":true,"href":"https:\/\/kulturweit.blog\/eliunterwegs\/wp-json\/wp\/v2\/users\/955"}],"replies":[{"embeddable":true,"href":"https:\/\/kulturweit.blog\/eliunterwegs\/wp-json\/wp\/v2\/comments?post=100"}],"version-history":[{"count":1,"href":"https:\/\/kulturweit.blog\/eliunterwegs\/wp-json\/wp\/v2\/posts\/100\/revisions"}],"predecessor-version":[{"id":120,"href":"https:\/\/kulturweit.blog\/eliunterwegs\/wp-json\/wp\/v2\/posts\/100\/revisions\/120"}],"wp:featuredmedia":[{"embeddable":true,"href":"https:\/\/kulturweit.blog\/eliunterwegs\/wp-json\/wp\/v2\/media\/110"}],"wp:attachment":[{"href":"https:\/\/kulturweit.blog\/eliunterwegs\/wp-json\/wp\/v2\/media?parent=100"}],"wp:term":[{"taxonomy":"category","embeddable":true,"href":"https:\/\/kulturweit.blog\/eliunterwegs\/wp-json\/wp\/v2\/categories?post=100"},{"taxonomy":"post_tag","embeddable":true,"href":"https:\/\/kulturweit.blog\/eliunterwegs\/wp-json\/wp\/v2\/tags?post=100"}],"curies":[{"name":"wp","href":"https:\/\/api.w.org\/{rel}","templated":true}]}}