{"id":1,"date":"2012-08-31T18:00:11","date_gmt":"2012-08-31T18:00:11","guid":{"rendered":"https:\/\/kulturweit.blog\/eliunterwegs\/?p=1"},"modified":"2012-09-10T10:22:00","modified_gmt":"2012-09-10T08:22:00","slug":"hallo-welt","status":"publish","type":"post","link":"https:\/\/kulturweit.blog\/eliunterwegs\/2012\/08\/31\/hallo-welt\/","title":{"rendered":"Die Sache mit der Komfortzone."},"content":{"rendered":"<p>\u201e<span style=\"font-family: 'Trebuchet MS', sans-serif\">Liberec 12 km\u201c stand auf dem Schild, an dem ich gerade vorbeigefahren bin, als mir das Herz gewaltig in die Hose gerutscht ist. Erstaunlich, wie ich mich immer wieder meilenweit aus meiner Komfortzone herauskatapultieren kann, ohne es zu merken. Dann f\u00e4llt mir erst im letzten Moment auf, dass ich da doch vor einer Herausforderung stehen k\u00f6nnte und nicht alles so easy ist, wie mir mein Optimismus immer einreden will. \u201eIch bin doch gar nicht so weit weg\u201c und \u201eIch war ja schon mal ein Jahr weg\u201c und \u201eWie das da aussieht in Tschechien wei\u00df ich ja, war doch schon mal dort und hab es mir angeschaut\u201c, schon klar. Auf tschechisch nach dem Weg zur Toilette fragen kann ich deswegen immer noch nicht. Also an die Arbeit, gelernt wird! <\/span><\/p>\n<p>&nbsp;<\/p>\n<p><span style=\"font-family: 'Trebuchet MS', sans-serif\">Der Gedanke \u201eDas ist jetzt also meine Stadt\u201c und das erste Hochgef\u00fchl kam dann, als ich immer noch nerv\u00f6s und trotz Navi mit Routenplanerzettel in der Hand (man kann ja nie wissen) eine Kopfsteinpflasterpiste mit gef\u00fchlten 15 % Steigung hochgehoppelt bin. Und pl\u00f6tzlich waren da H\u00e4user, die mir bekannt vorkamen! N\u00e4chste Herausforderung: Welches davon ist jetzt meins? Die sehen alle so gleich aus&#8230;<\/span><\/p>\n<p><a href=\"https:\/\/kulturweit.blog\/eliunterwegs\/files\/2012\/08\/Tag1_4.jpg\"><img loading=\"lazy\" decoding=\"async\" class=\"size-medium wp-image-3 aligncenter\" src=\"https:\/\/kulturweit.blog\/eliunterwegs\/files\/2012\/08\/Tag1_4-223x300.jpg\" alt=\"\" width=\"223\" height=\"300\" srcset=\"https:\/\/kulturweit.blog\/eliunterwegs\/files\/2012\/08\/Tag1_4-223x300.jpg 223w, https:\/\/kulturweit.blog\/eliunterwegs\/files\/2012\/08\/Tag1_4.jpg 764w\" sizes=\"(max-width: 223px) 100vw, 223px\" \/><\/a><\/p>\n<p><span style=\"font-family: 'Trebuchet MS', sans-serif\">Trotz allem: Meine guten Vors\u00e4tze stehen noch. Mit neuen Lebensphasen ist es schlie\u00dflich so wie mit neuen Turnschuhen. F\u00fchlen sich irgendwie ungewohnt und komisch an, manchmal tun sie auch weh. Man will eigentlich am liebsten die alten wieder anziehen. Die sind doch schon sooo sch\u00f6n gem\u00fctlich eingelaufen&#8230; <\/span><\/p>\n<p><span style=\"font-family: 'Trebuchet MS', sans-serif\">Aber auch neue Schuhe passen irgendwann genau \u2013 man muss sich nur \u00fcberwinden und dem Ganzen ein bisschen Zeit geben.<\/span><\/p>\n<p>&nbsp;<\/p>\n<p><span style=\"font-family: 'Trebuchet MS', sans-serif\">Das Abenteuer kann also losgehen!<\/span><\/p>\n<p>&nbsp;<\/p>\n<p><a href=\"https:\/\/kulturweit.blog\/eliunterwegs\/files\/2012\/08\/Tag1_3.jpg\"><img loading=\"lazy\" decoding=\"async\" class=\"size-medium wp-image-5 aligncenter\" src=\"https:\/\/kulturweit.blog\/eliunterwegs\/files\/2012\/08\/Tag1_3-300x223.jpg\" alt=\"\" width=\"300\" height=\"223\" srcset=\"https:\/\/kulturweit.blog\/eliunterwegs\/files\/2012\/08\/Tag1_3-300x223.jpg 300w, https:\/\/kulturweit.blog\/eliunterwegs\/files\/2012\/08\/Tag1_3-402x300.jpg 402w, https:\/\/kulturweit.blog\/eliunterwegs\/files\/2012\/08\/Tag1_3.jpg 1024w\" sizes=\"(max-width: 300px) 100vw, 300px\" \/><\/a><\/p>\n<p style=\"text-align: center\">Hier steht er gut, der Kleine.<\/p>\n<p style=\"text-align: center\"><a href=\"https:\/\/kulturweit.blog\/eliunterwegs\/files\/2012\/08\/Tag1_5.jpg\"><img loading=\"lazy\" decoding=\"async\" class=\"size-medium wp-image-6\" src=\"https:\/\/kulturweit.blog\/eliunterwegs\/files\/2012\/08\/Tag1_5-300x223.jpg\" alt=\"\" width=\"300\" height=\"223\" srcset=\"https:\/\/kulturweit.blog\/eliunterwegs\/files\/2012\/08\/Tag1_5-300x223.jpg 300w, https:\/\/kulturweit.blog\/eliunterwegs\/files\/2012\/08\/Tag1_5-402x300.jpg 402w, https:\/\/kulturweit.blog\/eliunterwegs\/files\/2012\/08\/Tag1_5.jpg 1024w\" sizes=\"(max-width: 300px) 100vw, 300px\" \/><\/a><\/p>\n<p style=\"text-align: center\">Sieht doch schon nach was aus in meinem neuen Zimmer.<\/p>\n<p>&nbsp;<\/p>\n","protected":false},"excerpt":{"rendered":"<p>\u201eLiberec 12 km\u201c stand auf dem Schild, an dem ich gerade vorbeigefahren bin, als mir das Herz gewaltig in die Hose gerutscht ist. Erstaunlich, wie ich mich immer wieder meilenweit aus meiner Komfortzone herauskatapultieren kann, ohne es zu merken. Dann &hellip; <a href=\"https:\/\/kulturweit.blog\/eliunterwegs\/2012\/08\/31\/hallo-welt\/\">Weiterlesen <span class=\"meta-nav\">&rarr;<\/span><\/a><\/p>\n","protected":false},"author":955,"featured_media":37,"comment_status":"closed","ping_status":"open","sticky":false,"template":"","format":"standard","meta":{"footnotes":""},"categories":[21,57295,57298],"tags":[],"class_list":["post-1","post","type-post","status-publish","format-standard","has-post-thumbnail","hentry","category-allgemein","category-uber-gefuhlsmasiges","category-ubers-ankommen-einleben"],"amp_enabled":true,"_links":{"self":[{"href":"https:\/\/kulturweit.blog\/eliunterwegs\/wp-json\/wp\/v2\/posts\/1"}],"collection":[{"href":"https:\/\/kulturweit.blog\/eliunterwegs\/wp-json\/wp\/v2\/posts"}],"about":[{"href":"https:\/\/kulturweit.blog\/eliunterwegs\/wp-json\/wp\/v2\/types\/post"}],"author":[{"embeddable":true,"href":"https:\/\/kulturweit.blog\/eliunterwegs\/wp-json\/wp\/v2\/users\/955"}],"replies":[{"embeddable":true,"href":"https:\/\/kulturweit.blog\/eliunterwegs\/wp-json\/wp\/v2\/comments?post=1"}],"version-history":[{"count":1,"href":"https:\/\/kulturweit.blog\/eliunterwegs\/wp-json\/wp\/v2\/posts\/1\/revisions"}],"predecessor-version":[{"id":4,"href":"https:\/\/kulturweit.blog\/eliunterwegs\/wp-json\/wp\/v2\/posts\/1\/revisions\/4"}],"wp:featuredmedia":[{"embeddable":true,"href":"https:\/\/kulturweit.blog\/eliunterwegs\/wp-json\/wp\/v2\/media\/37"}],"wp:attachment":[{"href":"https:\/\/kulturweit.blog\/eliunterwegs\/wp-json\/wp\/v2\/media?parent=1"}],"wp:term":[{"taxonomy":"category","embeddable":true,"href":"https:\/\/kulturweit.blog\/eliunterwegs\/wp-json\/wp\/v2\/categories?post=1"},{"taxonomy":"post_tag","embeddable":true,"href":"https:\/\/kulturweit.blog\/eliunterwegs\/wp-json\/wp\/v2\/tags?post=1"}],"curies":[{"name":"wp","href":"https:\/\/api.w.org\/{rel}","templated":true}]}}