{"id":87,"date":"2023-11-10T01:46:10","date_gmt":"2023-11-10T00:46:10","guid":{"rendered":"https:\/\/kulturweit.blog\/aufdersuchenachdenbuntenvoegeln\/?p=87"},"modified":"2023-11-10T01:46:10","modified_gmt":"2023-11-10T00:46:10","slug":"der-wetterzyklus","status":"publish","type":"post","link":"https:\/\/kulturweit.blog\/aufdersuchenachdenbuntenvoegeln\/2023\/11\/10\/der-wetterzyklus\/","title":{"rendered":"Der Wetterzyklus"},"content":{"rendered":"<p><span style=\"font-weight: 400\">Es ist hei\u00df. Es regnet. Es k\u00fchlt ab. Es erw\u00e4rmt sich wieder. Woche um Woche.<\/span><\/p>\n<p><span style=\"font-weight: 400\">Bisher verlief das Wetter hier in diesem Zyklus und die Phase \u201cEs regnet.\u201d lag unbeweglich \u00fcber der letzten Woche. Deutscher Herbst im uruguayischen Fr\u00fchling. Der K\u00e4lteeinbruch hielt sich hartn\u00e4ckig und das Wetter war ungem\u00fctlich, Drinnenbleibe-Wetter, Suppen-ess-Wetter, Tee-und-Kekse-Wetter.\u00a0<\/span><\/p>\n<figure id=\"attachment_88\" aria-describedby=\"caption-attachment-88\" style=\"width: 683px\" class=\"wp-caption alignnone\"><a href=\"https:\/\/kulturweit.blog\/aufdersuchenachdenbuntenvoegeln\/files\/2023\/11\/DSC07909-min.jpg\"><img loading=\"lazy\" decoding=\"async\" class=\"wp-image-88 size-full\" src=\"https:\/\/kulturweit.blog\/aufdersuchenachdenbuntenvoegeln\/files\/2023\/11\/DSC07909-min.jpg\" alt=\"\" width=\"683\" height=\"1024\" srcset=\"https:\/\/kulturweit.blog\/aufdersuchenachdenbuntenvoegeln\/files\/2023\/11\/DSC07909-min.jpg 683w, https:\/\/kulturweit.blog\/aufdersuchenachdenbuntenvoegeln\/files\/2023\/11\/DSC07909-min-300x450.jpg 300w\" sizes=\"(max-width: 683px) 100vw, 683px\" \/><\/a><figcaption id=\"caption-attachment-88\" class=\"wp-caption-text\">Grauer Himmel 1<\/figcaption><\/figure>\n<figure id=\"attachment_90\" aria-describedby=\"caption-attachment-90\" style=\"width: 1024px\" class=\"wp-caption alignnone\"><a href=\"https:\/\/kulturweit.blog\/aufdersuchenachdenbuntenvoegeln\/files\/2023\/11\/DSC07900-min.jpg\"><img loading=\"lazy\" decoding=\"async\" class=\"wp-image-90 size-full\" src=\"https:\/\/kulturweit.blog\/aufdersuchenachdenbuntenvoegeln\/files\/2023\/11\/DSC07900-min.jpg\" alt=\"\" width=\"1024\" height=\"683\" srcset=\"https:\/\/kulturweit.blog\/aufdersuchenachdenbuntenvoegeln\/files\/2023\/11\/DSC07900-min.jpg 1024w, https:\/\/kulturweit.blog\/aufdersuchenachdenbuntenvoegeln\/files\/2023\/11\/DSC07900-min-300x200.jpg 300w, https:\/\/kulturweit.blog\/aufdersuchenachdenbuntenvoegeln\/files\/2023\/11\/DSC07900-min-768x512.jpg 768w\" sizes=\"(max-width: 1024px) 100vw, 1024px\" \/><\/a><figcaption id=\"caption-attachment-90\" class=\"wp-caption-text\">Grauer Himmel 2<\/figcaption><\/figure>\n<p><span style=\"font-weight: 400\">Der Sommer gibt sich aber nicht geschlagen, das Wochenende gab sich wieder hei\u00df, das Thermometer kletterte \u00fcber die 30\u00b0-Marke. Es wird h\u00f6chste Zeit, das Haus zu verlassen.\u00a0<\/span><\/p>\n<p><span style=\"font-weight: 400\">Kenza und ich fahren nach Nuevo Berl\u00edn, eine kleine Stadt den R\u00edo Uruguay hoch, die einst von Deutschen gegr\u00fcndet wurde. Wir nehmen den Bus um 8 Uhr, da es der einzige Bus ist, der die Strecke f\u00e4hrt.<\/span><\/p>\n<p><span style=\"font-weight: 400\">In der Stadt springen uns schnell zwei Hunde an und, waren sie zu Anfang noch recht wild, begleiten uns bald schon friedlich f\u00fcr den Rest des Tages.<\/span><span style=\"font-weight: 400\"> Normalerweise kann man hier Bootstouren zu den Flussinseln machen, aufgrund des Regens steht das Wasser aber hoch und es werden keine Fahrten angeboten. Die Frau aus der Touristeninformation ist aber so nett und schlie\u00dft uns das MABRU, das Museo Arqueol\u00f3gico del Bajo R\u00edo Uruguay, auf, wo Funde verschiedener arch\u00e4ologischer Grabungen aus der weiteren Region ausgestellt sind, die auf die Guaran\u00ed zur\u00fcckgehen, die hier bis ins 16. Jahrhundert die vorherrschende Bev\u00f6lkerung stellten. In den zwei R\u00e4umen des Museums stehen mittig jeweils Vitrinen, die T\u00f6pfe, Perlen und Scherben zeigen, zum Teil kunstvoll gewirkt, zum Teil einfach gehalten. An den W\u00e4nden h\u00e4ngen eng beschriebene Plakate, die die Gewohnheiten der Menschen zeigen, was sie a\u00dfen, woher sie kamen, welche Hunde sie besa\u00dfen.\u00a0<\/span><\/p>\n<p><span style=\"font-weight: 400\">Wir verlassen das Museum und schauen uns stattdessen den Ort an. Das Leben hier ist l\u00e4ndlich, kleine Einfamilienh\u00e4user mit gro\u00dfen G\u00e4rten, zwischen den H\u00e4usern blitzen die Wiesen hervor, die an die Siedlung anschlie\u00dfen. Wir verbringen die Zeit vor allem im Gr\u00fcnen, am Ufer des Flusses, wo sich V\u00f6gel tummeln (darunter seltsame Enten, die sich wie H\u00fchner verhalten) und Blumen bl\u00fchen. Einer der Hunde bringt uns immer gr\u00f6\u00dfer werdende \u00c4ste, die wir werfen sollen, damit er ihnen dann hinterherjagen kann.\u00a0<\/span><\/p>\n<p><span style=\"font-weight: 400\">Der einzige Bus zur\u00fcck nach Fray Bentos geht um 16:15 Uhr, wir lassen den treueren unserer beiden Begleiter an der Bushaltestelle zur\u00fcck, den anderen hatten wir schon etwas fr\u00fcher verloren.\u00a0<\/span><\/p>\n<p><span style=\"font-weight: 400\">In Fray Bentos geht es dann noch mit zwei jungen Leuten an die Rambla, wo wir uns \u00fcber dies und jenes unterhalten. Einer der beiden hatte am Wochenende Geburtstag, weshalb wir noch von den Resten eines fantastischen Geburtstagskuchen essen konnten. Wir verabschieden uns nicht allzu sp\u00e4t, auch wenn der Himmel schon dunkel ist, und kehren zum Haus (und zu unseren Betten) zur\u00fcck.<\/span><\/p>\n<div id='gallery-1' class='gallery galleryid-87 gallery-columns-1 gallery-size-full'><figure class='gallery-item'>\n\t\t\t<div class='gallery-icon landscape'>\n\t\t\t\t<a href='https:\/\/kulturweit.blog\/aufdersuchenachdenbuntenvoegeln\/2023\/11\/10\/der-wetterzyklus\/dsc07958-min\/'><img loading=\"lazy\" decoding=\"async\" width=\"1024\" height=\"683\" src=\"https:\/\/kulturweit.blog\/aufdersuchenachdenbuntenvoegeln\/files\/2023\/11\/DSC07958-min.jpg\" class=\"attachment-full size-full\" alt=\"\" aria-describedby=\"gallery-1-92\" srcset=\"https:\/\/kulturweit.blog\/aufdersuchenachdenbuntenvoegeln\/files\/2023\/11\/DSC07958-min.jpg 1024w, https:\/\/kulturweit.blog\/aufdersuchenachdenbuntenvoegeln\/files\/2023\/11\/DSC07958-min-300x200.jpg 300w, https:\/\/kulturweit.blog\/aufdersuchenachdenbuntenvoegeln\/files\/2023\/11\/DSC07958-min-768x512.jpg 768w\" sizes=\"(max-width: 1024px) 100vw, 1024px\" \/><\/a>\n\t\t\t<\/div>\n\t\t\t\t<figcaption class='wp-caption-text gallery-caption' id='gallery-1-92'>\n\t\t\t\tHund mit Stock (normale Gr\u00f6\u00dfe)\n\t\t\t\t<\/figcaption><\/figure><figure class='gallery-item'>\n\t\t\t<div class='gallery-icon portrait'>\n\t\t\t\t<a href='https:\/\/kulturweit.blog\/aufdersuchenachdenbuntenvoegeln\/2023\/11\/10\/der-wetterzyklus\/dsc07913-min\/'><img loading=\"lazy\" decoding=\"async\" width=\"683\" height=\"1024\" src=\"https:\/\/kulturweit.blog\/aufdersuchenachdenbuntenvoegeln\/files\/2023\/11\/DSC07913-min.jpg\" class=\"attachment-full size-full\" alt=\"\" aria-describedby=\"gallery-1-95\" srcset=\"https:\/\/kulturweit.blog\/aufdersuchenachdenbuntenvoegeln\/files\/2023\/11\/DSC07913-min.jpg 683w, https:\/\/kulturweit.blog\/aufdersuchenachdenbuntenvoegeln\/files\/2023\/11\/DSC07913-min-300x450.jpg 300w\" sizes=\"(max-width: 683px) 100vw, 683px\" \/><\/a>\n\t\t\t<\/div>\n\t\t\t\t<figcaption class='wp-caption-text gallery-caption' id='gallery-1-95'>\n\t\t\t\tVase\n\t\t\t\t<\/figcaption><\/figure><figure class='gallery-item'>\n\t\t\t<div class='gallery-icon landscape'>\n\t\t\t\t<a href='https:\/\/kulturweit.blog\/aufdersuchenachdenbuntenvoegeln\/2023\/11\/10\/der-wetterzyklus\/dsc07945-min\/'><img loading=\"lazy\" decoding=\"async\" width=\"1024\" height=\"683\" src=\"https:\/\/kulturweit.blog\/aufdersuchenachdenbuntenvoegeln\/files\/2023\/11\/DSC07945-min.jpg\" class=\"attachment-full size-full\" alt=\"\" aria-describedby=\"gallery-1-91\" srcset=\"https:\/\/kulturweit.blog\/aufdersuchenachdenbuntenvoegeln\/files\/2023\/11\/DSC07945-min.jpg 1024w, https:\/\/kulturweit.blog\/aufdersuchenachdenbuntenvoegeln\/files\/2023\/11\/DSC07945-min-300x200.jpg 300w, https:\/\/kulturweit.blog\/aufdersuchenachdenbuntenvoegeln\/files\/2023\/11\/DSC07945-min-768x512.jpg 768w\" sizes=\"(max-width: 1024px) 100vw, 1024px\" \/><\/a>\n\t\t\t<\/div>\n\t\t\t\t<figcaption class='wp-caption-text gallery-caption' id='gallery-1-91'>\n\t\t\t\t\u00dcberschwemmung\n\t\t\t\t<\/figcaption><\/figure><figure class='gallery-item'>\n\t\t\t<div class='gallery-icon landscape'>\n\t\t\t\t<a href='https:\/\/kulturweit.blog\/aufdersuchenachdenbuntenvoegeln\/2023\/11\/10\/der-wetterzyklus\/dsc07938-min\/'><img loading=\"lazy\" decoding=\"async\" width=\"1024\" height=\"683\" src=\"https:\/\/kulturweit.blog\/aufdersuchenachdenbuntenvoegeln\/files\/2023\/11\/DSC07938-min.jpg\" class=\"attachment-full size-full\" alt=\"\" aria-describedby=\"gallery-1-97\" srcset=\"https:\/\/kulturweit.blog\/aufdersuchenachdenbuntenvoegeln\/files\/2023\/11\/DSC07938-min.jpg 1024w, https:\/\/kulturweit.blog\/aufdersuchenachdenbuntenvoegeln\/files\/2023\/11\/DSC07938-min-300x200.jpg 300w, https:\/\/kulturweit.blog\/aufdersuchenachdenbuntenvoegeln\/files\/2023\/11\/DSC07938-min-768x512.jpg 768w\" sizes=\"(max-width: 1024px) 100vw, 1024px\" \/><\/a>\n\t\t\t<\/div>\n\t\t\t\t<figcaption class='wp-caption-text gallery-caption' id='gallery-1-97'>\n\t\t\t\tLandschaft mit Boot\n\t\t\t\t<\/figcaption><\/figure><figure class='gallery-item'>\n\t\t\t<div class='gallery-icon landscape'>\n\t\t\t\t<a href='https:\/\/kulturweit.blog\/aufdersuchenachdenbuntenvoegeln\/2023\/11\/10\/der-wetterzyklus\/dsc07936-min\/'><img loading=\"lazy\" decoding=\"async\" width=\"1024\" height=\"683\" src=\"https:\/\/kulturweit.blog\/aufdersuchenachdenbuntenvoegeln\/files\/2023\/11\/DSC07936-min.jpg\" class=\"attachment-full size-full\" alt=\"\" aria-describedby=\"gallery-1-96\" srcset=\"https:\/\/kulturweit.blog\/aufdersuchenachdenbuntenvoegeln\/files\/2023\/11\/DSC07936-min.jpg 1024w, https:\/\/kulturweit.blog\/aufdersuchenachdenbuntenvoegeln\/files\/2023\/11\/DSC07936-min-300x200.jpg 300w, https:\/\/kulturweit.blog\/aufdersuchenachdenbuntenvoegeln\/files\/2023\/11\/DSC07936-min-768x512.jpg 768w\" sizes=\"(max-width: 1024px) 100vw, 1024px\" \/><\/a>\n\t\t\t<\/div>\n\t\t\t\t<figcaption class='wp-caption-text gallery-caption' id='gallery-1-96'>\n\t\t\t\tLandschaft mit Teich\n\t\t\t\t<\/figcaption><\/figure><figure class='gallery-item'>\n\t\t\t<div class='gallery-icon landscape'>\n\t\t\t\t<a href='https:\/\/kulturweit.blog\/aufdersuchenachdenbuntenvoegeln\/2023\/11\/10\/der-wetterzyklus\/dsc07974-min\/'><img loading=\"lazy\" decoding=\"async\" width=\"1024\" height=\"683\" src=\"https:\/\/kulturweit.blog\/aufdersuchenachdenbuntenvoegeln\/files\/2023\/11\/DSC07974-min.jpg\" class=\"attachment-full size-full\" alt=\"\" aria-describedby=\"gallery-1-94\" srcset=\"https:\/\/kulturweit.blog\/aufdersuchenachdenbuntenvoegeln\/files\/2023\/11\/DSC07974-min.jpg 1024w, https:\/\/kulturweit.blog\/aufdersuchenachdenbuntenvoegeln\/files\/2023\/11\/DSC07974-min-300x200.jpg 300w, https:\/\/kulturweit.blog\/aufdersuchenachdenbuntenvoegeln\/files\/2023\/11\/DSC07974-min-768x512.jpg 768w\" sizes=\"(max-width: 1024px) 100vw, 1024px\" \/><\/a>\n\t\t\t<\/div>\n\t\t\t\t<figcaption class='wp-caption-text gallery-caption' id='gallery-1-94'>\n\t\t\t\tLandschaft mit Baum\n\t\t\t\t<\/figcaption><\/figure><figure class='gallery-item'>\n\t\t\t<div class='gallery-icon landscape'>\n\t\t\t\t<a href='https:\/\/kulturweit.blog\/aufdersuchenachdenbuntenvoegeln\/2023\/11\/10\/der-wetterzyklus\/dsc07964-min\/'><img loading=\"lazy\" decoding=\"async\" width=\"1024\" height=\"683\" src=\"https:\/\/kulturweit.blog\/aufdersuchenachdenbuntenvoegeln\/files\/2023\/11\/DSC07964-min.jpg\" class=\"attachment-full size-full\" alt=\"\" aria-describedby=\"gallery-1-93\" srcset=\"https:\/\/kulturweit.blog\/aufdersuchenachdenbuntenvoegeln\/files\/2023\/11\/DSC07964-min.jpg 1024w, https:\/\/kulturweit.blog\/aufdersuchenachdenbuntenvoegeln\/files\/2023\/11\/DSC07964-min-300x200.jpg 300w, https:\/\/kulturweit.blog\/aufdersuchenachdenbuntenvoegeln\/files\/2023\/11\/DSC07964-min-768x512.jpg 768w\" sizes=\"(max-width: 1024px) 100vw, 1024px\" \/><\/a>\n\t\t\t<\/div>\n\t\t\t\t<figcaption class='wp-caption-text gallery-caption' id='gallery-1-93'>\n\t\t\t\tCapybara (als Haustier gehalten)\n\t\t\t\t<\/figcaption><\/figure>\n\t\t<\/div>\n\n<p>&nbsp;<\/p>\n","protected":false},"excerpt":{"rendered":"<p>Es ist hei\u00df. Es regnet. Es k\u00fchlt ab. Es erw\u00e4rmt sich wieder. Woche um Woche. Bisher verlief das Wetter hier in diesem Zyklus und die Phase \u201cEs regnet.\u201d lag unbeweglich \u00fcber der letzten Woche. Deutscher Herbst im uruguayischen Fr\u00fchling. Der K\u00e4lteeinbruch hielt sich hartn\u00e4ckig und das Wetter war ungem\u00fctlich, Drinnenbleibe-Wetter, Suppen-ess-Wetter, Tee-und-Kekse-Wetter.\u00a0 Der Sommer gibt &hellip; <a href=\"https:\/\/kulturweit.blog\/aufdersuchenachdenbuntenvoegeln\/2023\/11\/10\/der-wetterzyklus\/\" class=\"more-link\"><span class=\"screen-reader-text\">Der Wetterzyklus<\/span> weiterlesen<\/a><\/p>\n","protected":false},"author":3232,"featured_media":97,"comment_status":"open","ping_status":"open","sticky":false,"template":"","format":"standard","meta":{"footnotes":""},"categories":[12,1,15],"tags":[63,53,59,54,56,58,60,57,55],"class_list":["post-87","post","type-post","status-publish","format-standard","has-post-thumbnail","hentry","category-kulturweitblog","category-allgemein","category-ausflug","tag-fray-bentos","tag-freiwilligendienst","tag-fsj","tag-fsj-im-ausland","tag-fsj-in-suedamerika","tag-kulturweit","tag-leben-in-uruguay","tag-suedamerika","tag-uruguay"],"amp_enabled":true,"_links":{"self":[{"href":"https:\/\/kulturweit.blog\/aufdersuchenachdenbuntenvoegeln\/wp-json\/wp\/v2\/posts\/87"}],"collection":[{"href":"https:\/\/kulturweit.blog\/aufdersuchenachdenbuntenvoegeln\/wp-json\/wp\/v2\/posts"}],"about":[{"href":"https:\/\/kulturweit.blog\/aufdersuchenachdenbuntenvoegeln\/wp-json\/wp\/v2\/types\/post"}],"author":[{"embeddable":true,"href":"https:\/\/kulturweit.blog\/aufdersuchenachdenbuntenvoegeln\/wp-json\/wp\/v2\/users\/3232"}],"replies":[{"embeddable":true,"href":"https:\/\/kulturweit.blog\/aufdersuchenachdenbuntenvoegeln\/wp-json\/wp\/v2\/comments?post=87"}],"version-history":[{"count":1,"href":"https:\/\/kulturweit.blog\/aufdersuchenachdenbuntenvoegeln\/wp-json\/wp\/v2\/posts\/87\/revisions"}],"predecessor-version":[{"id":98,"href":"https:\/\/kulturweit.blog\/aufdersuchenachdenbuntenvoegeln\/wp-json\/wp\/v2\/posts\/87\/revisions\/98"}],"wp:featuredmedia":[{"embeddable":true,"href":"https:\/\/kulturweit.blog\/aufdersuchenachdenbuntenvoegeln\/wp-json\/wp\/v2\/media\/97"}],"wp:attachment":[{"href":"https:\/\/kulturweit.blog\/aufdersuchenachdenbuntenvoegeln\/wp-json\/wp\/v2\/media?parent=87"}],"wp:term":[{"taxonomy":"category","embeddable":true,"href":"https:\/\/kulturweit.blog\/aufdersuchenachdenbuntenvoegeln\/wp-json\/wp\/v2\/categories?post=87"},{"taxonomy":"post_tag","embeddable":true,"href":"https:\/\/kulturweit.blog\/aufdersuchenachdenbuntenvoegeln\/wp-json\/wp\/v2\/tags?post=87"}],"curies":[{"name":"wp","href":"https:\/\/api.w.org\/{rel}","templated":true}]}}