{"id":73,"date":"2023-10-12T19:06:34","date_gmt":"2023-10-12T17:06:34","guid":{"rendered":"https:\/\/kulturweit.blog\/aufdersuchenachdenbuntenvoegeln\/?p=73"},"modified":"2023-11-06T15:26:13","modified_gmt":"2023-11-06T14:26:13","slug":"wer-besucht-ein-museum-zur-industriellen-revolution-in-uruguay-oder-europaeer-in-campern-auf-dem-weg-nach-sueden","status":"publish","type":"post","link":"https:\/\/kulturweit.blog\/aufdersuchenachdenbuntenvoegeln\/2023\/10\/12\/wer-besucht-ein-museum-zur-industriellen-revolution-in-uruguay-oder-europaeer-in-campern-auf-dem-weg-nach-sueden\/","title":{"rendered":"Wer besucht ein Museum zur Industriellen Revolution in Uruguay? oder: Europ\u00e4er in Campern auf dem Weg nach S\u00fcden"},"content":{"rendered":"<p><span style=\"font-weight: 400\">Gerade jetzt, am Ende des Jahres sind unter der Woche vor allem Schulklassen im Museum. Schulkinder tragen hier eine Art Uniform, n\u00e4mlich einen wei\u00dfen Kittel, den sie \u00fcber ihre normale Kleidung ziehen und der sie wie eine Horde winzig kleiner Apotheker erscheinen l\u00e4sst. Manchmal tragen sie auch noch eine gro\u00dfe dunkelblaue Schleife um den Hals, M\u00e4dchen wie Jungen; es gibt aber auch Schulen, die ihre eigene Kleidung haben. Dann kommen alle Kinder im gleichen Bordeauxrot oder Marineblau und der Name ihrer Schule prangt auf T-Shirts, Pullovern und Hosen.<\/span><\/p>\n<p><span style=\"font-weight: 400\">Letztes Wochenende fand in Uruguay der D\u00eda del Patrimonio statt, also der Tag des Nationalerbes, an dem Museen, Denkm\u00e4ler und historische St\u00e4tten ihre Pforten der Allgemeinheit \u00f6ffnen. Das diesj\u00e4hrige Motto war \u201cConstructores de Escuelas y Liceos\u201d (<\/span><i><span style=\"font-weight: 400\">dt. Erbauer von Schulen und Gymnasien)<\/span><\/i><span style=\"font-weight: 400\">, weshalb hier im Museum neben den regul\u00e4ren F\u00fchrungen auch Sonderf\u00fchrungen zum Thema Bildung in der Fabrik stattfanden. In den Anfangsjahren der LEMCO, der Liebig\u2019s Extract of Meat Company, wurden n\u00e4mlich die Kinder der Arbeiter und abends auch die Arbeiter selbst in dem Geb\u00e4ude unterrichtet, in dem sp\u00e4ter der Fleischextrakt hergestellt wurde, mit den Jahren baute man dann aber eine Schule, die bis heute noch besteht und an der ich Tag f\u00fcr Tag vorbeilaufe und die Grundsch\u00fcler:innen spielen und lernen sehe.\u00a0<\/span><\/p>\n<figure id=\"attachment_75\" aria-describedby=\"caption-attachment-75\" style=\"width: 1024px\" class=\"wp-caption aligncenter\"><a href=\"https:\/\/kulturweit.blog\/aufdersuchenachdenbuntenvoegeln\/files\/2023\/10\/DSC07886-min.jpg\"><img loading=\"lazy\" decoding=\"async\" class=\"wp-image-75 size-full\" src=\"https:\/\/kulturweit.blog\/aufdersuchenachdenbuntenvoegeln\/files\/2023\/10\/DSC07886-min.jpg\" alt=\"\" width=\"1024\" height=\"683\" srcset=\"https:\/\/kulturweit.blog\/aufdersuchenachdenbuntenvoegeln\/files\/2023\/10\/DSC07886-min.jpg 1024w, https:\/\/kulturweit.blog\/aufdersuchenachdenbuntenvoegeln\/files\/2023\/10\/DSC07886-min-300x200.jpg 300w, https:\/\/kulturweit.blog\/aufdersuchenachdenbuntenvoegeln\/files\/2023\/10\/DSC07886-min-768x512.jpg 768w\" sizes=\"(max-width: 1024px) 100vw, 1024px\" \/><\/a><figcaption id=\"caption-attachment-75\" class=\"wp-caption-text\">Die R.O.U. Maldonado, ein Schiff der uruguayischen Marine. Legte im Rahmen des D\u00eda del Patrimonio vor dem Museum an.<\/figcaption><\/figure>\n<p><span style=\"font-weight: 400\">Wir hatten bisher doch einige nicht-spanischsprachige Tourist:innen, besonders in den letzten Tagen. Deutsche, Engl\u00e4nder, Niederl\u00e4nder &#8211; beinahe alle haben sie uns in etwa die gleiche Geschichte dar\u00fcber erz\u00e4hlt, was sie hier machen: Sie fahren mit einem Camper durch S\u00fcdamerika. Die meisten haben ihr Gef\u00e4hrt von Europa mit dem Schiff \u00fcbersetzen lassen, fast immer nach Montevideo, sind selbst hinterher geflogen und fahren jetzt Richtung Feuerland, nachdem sie sich Uruguay ein wenig angeschaut haben.\u00a0<\/span><\/p>\n<p><span style=\"font-weight: 400\">In Fray Bentos gibt es eine internationale Br\u00fccke, weshalb sie hier ihren letzten Stopp in Uruguay machen, sich die Fabrik anschauen und dann \u00fcber den R\u00edo Uruguay weiter nach Argentinien fahren. Die j\u00fcngsten dieser Camper:innen waren drei und f\u00fcnf Jahre alt (nat\u00fcrlich in Begleitung ihrer Eltern); viele wollen zehn Monate oder ein Jahr reisen, andere haben keine zeitliche Begrenzung.\u00a0<\/span><\/p>\n<p><span style=\"font-weight: 400\">Hier auf der S\u00fcdhalbkugel wird es Fr\u00fchling und wen es noch weiter in den S\u00fcden zieht, muss jetzt mit seiner Reise anfangen, um den Sommer an diesen k\u00e4ltesten Orten, weit im S\u00fcden verbringen zu k\u00f6nnen. Wie viele Camper \u2013 teils mit riesigen LKWs, teils mit kleineren Wohnmobilen \u2013 wir hier noch mit einer letzten Information zu Uruguay versorgen werden? Wir werden sehen.\u00a0<\/span><\/p>\n","protected":false},"excerpt":{"rendered":"<p>Gerade jetzt, am Ende des Jahres sind unter der Woche vor allem Schulklassen im Museum. Schulkinder tragen hier eine Art Uniform, n\u00e4mlich einen wei\u00dfen Kittel, den sie \u00fcber ihre normale Kleidung ziehen und der sie wie eine Horde winzig kleiner Apotheker erscheinen l\u00e4sst. Manchmal tragen sie auch noch eine gro\u00dfe dunkelblaue Schleife um den Hals, &hellip; <a href=\"https:\/\/kulturweit.blog\/aufdersuchenachdenbuntenvoegeln\/2023\/10\/12\/wer-besucht-ein-museum-zur-industriellen-revolution-in-uruguay-oder-europaeer-in-campern-auf-dem-weg-nach-sueden\/\" class=\"more-link\"><span class=\"screen-reader-text\">Wer besucht ein Museum zur Industriellen Revolution in Uruguay? oder: Europ\u00e4er in Campern auf dem Weg nach S\u00fcden<\/span> weiterlesen<\/a><\/p>\n","protected":false},"author":3232,"featured_media":74,"comment_status":"open","ping_status":"open","sticky":false,"template":"","format":"standard","meta":{"footnotes":""},"categories":[2,3],"tags":[63,53,59,54,56,58,60,57,55],"class_list":["post-73","post","type-post","status-publish","format-standard","has-post-thumbnail","hentry","category-freiwilligenarbeit","category-kulturweit","tag-fray-bentos","tag-freiwilligendienst","tag-fsj","tag-fsj-im-ausland","tag-fsj-in-suedamerika","tag-kulturweit","tag-leben-in-uruguay","tag-suedamerika","tag-uruguay"],"amp_enabled":true,"_links":{"self":[{"href":"https:\/\/kulturweit.blog\/aufdersuchenachdenbuntenvoegeln\/wp-json\/wp\/v2\/posts\/73"}],"collection":[{"href":"https:\/\/kulturweit.blog\/aufdersuchenachdenbuntenvoegeln\/wp-json\/wp\/v2\/posts"}],"about":[{"href":"https:\/\/kulturweit.blog\/aufdersuchenachdenbuntenvoegeln\/wp-json\/wp\/v2\/types\/post"}],"author":[{"embeddable":true,"href":"https:\/\/kulturweit.blog\/aufdersuchenachdenbuntenvoegeln\/wp-json\/wp\/v2\/users\/3232"}],"replies":[{"embeddable":true,"href":"https:\/\/kulturweit.blog\/aufdersuchenachdenbuntenvoegeln\/wp-json\/wp\/v2\/comments?post=73"}],"version-history":[{"count":1,"href":"https:\/\/kulturweit.blog\/aufdersuchenachdenbuntenvoegeln\/wp-json\/wp\/v2\/posts\/73\/revisions"}],"predecessor-version":[{"id":76,"href":"https:\/\/kulturweit.blog\/aufdersuchenachdenbuntenvoegeln\/wp-json\/wp\/v2\/posts\/73\/revisions\/76"}],"wp:featuredmedia":[{"embeddable":true,"href":"https:\/\/kulturweit.blog\/aufdersuchenachdenbuntenvoegeln\/wp-json\/wp\/v2\/media\/74"}],"wp:attachment":[{"href":"https:\/\/kulturweit.blog\/aufdersuchenachdenbuntenvoegeln\/wp-json\/wp\/v2\/media?parent=73"}],"wp:term":[{"taxonomy":"category","embeddable":true,"href":"https:\/\/kulturweit.blog\/aufdersuchenachdenbuntenvoegeln\/wp-json\/wp\/v2\/categories?post=73"},{"taxonomy":"post_tag","embeddable":true,"href":"https:\/\/kulturweit.blog\/aufdersuchenachdenbuntenvoegeln\/wp-json\/wp\/v2\/tags?post=73"}],"curies":[{"name":"wp","href":"https:\/\/api.w.org\/{rel}","templated":true}]}}