{"id":61,"date":"2023-10-04T19:09:42","date_gmt":"2023-10-04T17:09:42","guid":{"rendered":"https:\/\/kulturweit.blog\/aufdersuchenachdenbuntenvoegeln\/?p=61"},"modified":"2023-11-06T15:25:34","modified_gmt":"2023-11-06T14:25:34","slug":"fray-bentos-kleinstadt-am-rio-uruguay","status":"publish","type":"post","link":"https:\/\/kulturweit.blog\/aufdersuchenachdenbuntenvoegeln\/2023\/10\/04\/fray-bentos-kleinstadt-am-rio-uruguay\/","title":{"rendered":"Fray Bentos, Kleinstadt am R\u00edo Uruguay"},"content":{"rendered":"<p><span style=\"font-weight: 400\">Fray Bentos ist eine Kleinstadt am Ufer des R\u00edo Uruguay, ganz im Westen des Landes. Hier ist das Leben <\/span><i><span style=\"font-weight: 400\">tranquilo<\/span><\/i><span style=\"font-weight: 400\">, wie die Einwohner:innen nicht m\u00fcde werden, uns zu versichern.\u00a0<\/span><\/p>\n<p><span style=\"font-weight: 400\">Es gibt unser Museum zur Industriellen Revolution in Uruguay \u2013 die ehemalige Fleischextrakt-Fabrik \u2013 und ein anderes \u00fcber den K\u00fcnstler Luis Alberto Solari, dann noch das Theater Miguel Young (\u201cShung\u201d, wie man hier sagt) und das war es auch schon. Zumindest f\u00fchlt es sich ein wenig danach an.\u00a0<\/span><\/p>\n<p><span style=\"font-weight: 400\">Ganz so ist es dann aber auch wieder nicht. Es sind zwar bisher nur anderthalb Wochen vergangen, aber dennoch f\u00fchlt es sich ein wenig an, als w\u00e4re ich schon ewig hier. Denn obwohl das Leben hier <\/span><i><span style=\"font-weight: 400\">tranquilo<\/span><\/i><span style=\"font-weight: 400\"> ist, ist viel passiert.\u00a0<\/span><\/p>\n<p><span style=\"font-weight: 400\">Zun\u00e4chst einmal wohne ich jetzt irgendwo langfristig und nicht mehr tempor\u00e4r, wie es in Montevideo der Fall war. Das hei\u00dft, ich musste mich einrichten, den Koffer endlich auspacken, putzen, einkaufen und f\u00fcr mich kochen &#8211; und zwar f\u00fcr den Rest des Jahres (und wahrscheinlich auch meines Lebens). Da meine Mitfreiwillige und ich au\u00dferhalb der Stadt wohnen, nimmt der Weg zu den verschiedensten Orten doch einen gr\u00f6\u00dferen Teil des Tages ein. Ich st\u00f6re mich aber nicht daran, jeden Morgen eine Dreiviertelstunde gehen zu m\u00fcssen, denn der Weg f\u00fchrt mich durchs Gr\u00fcne, an Schafen, K\u00fchen, Pferden und V\u00f6geln vorbei.<\/span><\/p>\n<figure id=\"attachment_64\" aria-describedby=\"caption-attachment-64\" style=\"width: 1024px\" class=\"wp-caption aligncenter\"><a href=\"https:\/\/kulturweit.blog\/aufdersuchenachdenbuntenvoegeln\/files\/2023\/10\/DSC07813-min.jpg\"><img loading=\"lazy\" decoding=\"async\" class=\"wp-image-64 size-full\" src=\"https:\/\/kulturweit.blog\/aufdersuchenachdenbuntenvoegeln\/files\/2023\/10\/DSC07813-min.jpg\" alt=\"\" width=\"1024\" height=\"683\" srcset=\"https:\/\/kulturweit.blog\/aufdersuchenachdenbuntenvoegeln\/files\/2023\/10\/DSC07813-min.jpg 1024w, https:\/\/kulturweit.blog\/aufdersuchenachdenbuntenvoegeln\/files\/2023\/10\/DSC07813-min-300x200.jpg 300w, https:\/\/kulturweit.blog\/aufdersuchenachdenbuntenvoegeln\/files\/2023\/10\/DSC07813-min-768x512.jpg 768w\" sizes=\"(max-width: 1024px) 100vw, 1024px\" \/><\/a><figcaption id=\"caption-attachment-64\" class=\"wp-caption-text\">La Mar\u00eda &#8211; Der Ort, an dem ich wohne<\/figcaption><\/figure>\n<p><span style=\"font-weight: 400\">Die <\/span><i><span style=\"font-weight: 400\">Paisaje Cultural Industrial Fray Bentos<\/span><\/i><span style=\"font-weight: 400\">, also das ehemalige Fabrikgel\u00e4nde, umfasst ein gro\u00dfes Areal mit vielen verschiedenen Strukturen. Schon von Weitem sieht man einen Schornstein in den Himmel ragen und auch das kantige Geb\u00e4ude des <\/span><i><span style=\"font-weight: 400\">Frigor\u00edfico<\/span><\/i><span style=\"font-weight: 400\">, des K\u00fchlhauses f\u00fcr die Tonnen und Tonnen an Fleisch, dominiert diesen Uferabschnitt.\u00a0<\/span><\/p>\n<figure id=\"attachment_63\" aria-describedby=\"caption-attachment-63\" style=\"width: 683px\" class=\"wp-caption aligncenter\"><a href=\"https:\/\/kulturweit.blog\/aufdersuchenachdenbuntenvoegeln\/files\/2023\/10\/DSC07841-min.jpg\"><img loading=\"lazy\" decoding=\"async\" class=\"wp-image-63 size-full\" src=\"https:\/\/kulturweit.blog\/aufdersuchenachdenbuntenvoegeln\/files\/2023\/10\/DSC07841-min.jpg\" alt=\"\" width=\"683\" height=\"1024\" srcset=\"https:\/\/kulturweit.blog\/aufdersuchenachdenbuntenvoegeln\/files\/2023\/10\/DSC07841-min.jpg 683w, https:\/\/kulturweit.blog\/aufdersuchenachdenbuntenvoegeln\/files\/2023\/10\/DSC07841-min-300x450.jpg 300w\" sizes=\"(max-width: 683px) 100vw, 683px\" \/><\/a><figcaption id=\"caption-attachment-63\" class=\"wp-caption-text\">Das K\u00fchlhaus<\/figcaption><\/figure>\n<p><span style=\"font-weight: 400\">Unsere Kollegen nahmen uns sehr herzlich auf, aber unser Chef war zum Zeitpunkt unserer Ankunft noch im Urlaub, weshalb niemandem so wirklich klar war, was wir tun sollten. Dementsprechend verbrachten wir diese ersten Tage damit, den anderen Museumsmitarbeitern hinterher zu dackeln und ein Verst\u00e4ndnis f\u00fcr den Ort zu entwickeln.<\/span><\/p>\n<p><span style=\"font-weight: 400\">Als dann unser Chef wieder da war, wurden wir dem Intendente des Departamento R\u00edo Negro vorgestellt, wir erhielten eine F\u00fchrung durch das oben erw\u00e4hnte Theater Young und wir nahmen an einem Vortrag einer Professorin aus Genua zu nachhaltigen Energiekonzepten in Bezug auf Welterbest\u00e4tten teil. Der Vortrag war in Italienisch, Fragen wurden auf Spanisch gestellt und auf wundersame Weise verstanden sich alle pr\u00e4chtig.\u00a0<\/span><\/p>\n<figure id=\"attachment_67\" aria-describedby=\"caption-attachment-67\" style=\"width: 1024px\" class=\"wp-caption aligncenter\"><a href=\"https:\/\/kulturweit.blog\/aufdersuchenachdenbuntenvoegeln\/files\/2023\/10\/DSC07820-min.jpg\"><img loading=\"lazy\" decoding=\"async\" class=\"wp-image-67 size-full\" src=\"https:\/\/kulturweit.blog\/aufdersuchenachdenbuntenvoegeln\/files\/2023\/10\/DSC07820-min.jpg\" alt=\"\" width=\"1024\" height=\"683\" srcset=\"https:\/\/kulturweit.blog\/aufdersuchenachdenbuntenvoegeln\/files\/2023\/10\/DSC07820-min.jpg 1024w, https:\/\/kulturweit.blog\/aufdersuchenachdenbuntenvoegeln\/files\/2023\/10\/DSC07820-min-300x200.jpg 300w, https:\/\/kulturweit.blog\/aufdersuchenachdenbuntenvoegeln\/files\/2023\/10\/DSC07820-min-768x512.jpg 768w\" sizes=\"(max-width: 1024px) 100vw, 1024px\" \/><\/a><figcaption id=\"caption-attachment-67\" class=\"wp-caption-text\">Plaza Constituci\u00f3n<\/figcaption><\/figure>\n<p><span style=\"font-weight: 400\">Am Wochenende wurden wir vom Samtagsmarkt der Stadt entt\u00e4uscht, denn wir hatten doch mit gr\u00f6\u00dferem Marktgeschehen gerechnet, so in der Hauptstadt des Departamento. Daf\u00fcr investierten wir in einem der vielen Gesch\u00e4fte entlang der Calle 18 de Julio in eine Auflauf- und Kuchenform und buken auch gleich Brownies in meinem Gasofen. Die Kuchenform war wohl eine unsere besten Entscheidungen bisher, aber einen Gasofen zum Laufen zu bringen, stellte uns doch vor gr\u00f6\u00dfere Herausforderungen, denn man muss irgendwie gleichzeitig den Knopf dr\u00fccken, an der korrekten \u00d6ffnung das Gas entz\u00fcnden und das alles bei fragw\u00fcrdigen Lichtverh\u00e4ltnissen \u2013 wir haben diese Herausforderung aber erfolgreich gemeistert und die Brownies schmeckten dementsprechend besonders gut.<\/span><\/p>\n<p><span style=\"font-weight: 400\">Dieser Samstag blieb ereignisreich, denn als wir am Abend uns ein kostenloses Konzert einer kleineren Band im Theater anschauen gehen wollten, stie\u00dfen wir zuf\u00e4llig auf die <\/span><i><span style=\"font-weight: 400\">Marcha por la Diversidad<\/span><\/i><span style=\"font-weight: 400\">, also den CSD von Fray Bentos. Statt der Band schauten wir uns dann Dragqueens und lokale K\u00fcnstler:innen an und waren auch noch auf der Afterparty, wo wir unsere ersten Fraybentin@s kennenlernten.<\/span><\/p>\n<p><span style=\"font-weight: 400\">Neue Leute kennenzulernen gestaltet sich bisher nicht allzu einfach, denn ich wei\u00df einfach nicht, wo andere Leute in meinem Alter oder mit meinen Interessen sind. Auf der anderen Seite bin ich noch kaum zwei Wochen hier, weshalb es nicht verwunderlich ist, dass ich noch nicht die ganze Stadt kenne.\u00a0<\/span><\/p>\n<figure id=\"attachment_70\" aria-describedby=\"caption-attachment-70\" style=\"width: 683px\" class=\"wp-caption aligncenter\"><a href=\"https:\/\/kulturweit.blog\/aufdersuchenachdenbuntenvoegeln\/files\/2023\/10\/DSC07855-min.jpg\"><img loading=\"lazy\" decoding=\"async\" class=\"wp-image-70 size-full\" src=\"https:\/\/kulturweit.blog\/aufdersuchenachdenbuntenvoegeln\/files\/2023\/10\/DSC07855-min.jpg\" alt=\"\" width=\"683\" height=\"1024\" srcset=\"https:\/\/kulturweit.blog\/aufdersuchenachdenbuntenvoegeln\/files\/2023\/10\/DSC07855-min.jpg 683w, https:\/\/kulturweit.blog\/aufdersuchenachdenbuntenvoegeln\/files\/2023\/10\/DSC07855-min-300x450.jpg 300w\" sizes=\"(max-width: 683px) 100vw, 683px\" \/><\/a><figcaption id=\"caption-attachment-70\" class=\"wp-caption-text\">Der R\u00edo Negro in Mercedes<\/figcaption><\/figure>\n<p><span style=\"font-weight: 400\">Kenza und ich haben auch schon unseren ersten Ausflug raus aus Fray Bentos hinter uns. Mit dem Bus ging es nach Mercedes, eine nahegelegene Stadt und Hauptstadt des Departamento Soriano. Dort schauten wir uns die wundersch\u00f6ne Rambla am R\u00edo Negro an, wenn wir auch nicht zur Isla del Puerto konnten, da das Wasser zu hoch stand. Hier gibt es auch eine gro\u00dfe Kathedrale und einige Einkaufsl\u00e4den, die zum Bummeln einladen. Ein nasser und dreckiger Labrador versuchte auch sein Bestes, uns zu adoptieren, wir sind ihn aber doch noch losgeworden. Hundebesitzer zu werden, steht nicht auf meiner To-Do-Liste f\u00fcr Uruguay.<\/span><\/p>\n<p><span style=\"font-weight: 400\">Vielleicht kann man jetzt besser nachvollziehen, was ich meinte, als ich sagte, dass es sich anf\u00fchlt, als w\u00fcrde ich schon viel l\u00e4nger hier leben. Es passiert so viel und ich bin gespannt, was noch passieren wird.<\/span><\/p>\n","protected":false},"excerpt":{"rendered":"<p>Fray Bentos ist eine Kleinstadt am Ufer des R\u00edo Uruguay, ganz im Westen des Landes. Hier ist das Leben tranquilo, wie die Einwohner:innen nicht m\u00fcde werden, uns zu versichern.\u00a0 Es gibt unser Museum zur Industriellen Revolution in Uruguay \u2013 die ehemalige Fleischextrakt-Fabrik \u2013 und ein anderes \u00fcber den K\u00fcnstler Luis Alberto Solari, dann noch das &hellip; <a href=\"https:\/\/kulturweit.blog\/aufdersuchenachdenbuntenvoegeln\/2023\/10\/04\/fray-bentos-kleinstadt-am-rio-uruguay\/\" class=\"more-link\"><span class=\"screen-reader-text\">Fray Bentos, Kleinstadt am R\u00edo Uruguay<\/span> weiterlesen<\/a><\/p>\n","protected":false},"author":3232,"featured_media":69,"comment_status":"open","ping_status":"open","sticky":false,"template":"","format":"standard","meta":{"footnotes":""},"categories":[12,1,15],"tags":[63,53,59,54,56,58,60,57,55],"class_list":["post-61","post","type-post","status-publish","format-standard","has-post-thumbnail","hentry","category-kulturweitblog","category-allgemein","category-ausflug","tag-fray-bentos","tag-freiwilligendienst","tag-fsj","tag-fsj-im-ausland","tag-fsj-in-suedamerika","tag-kulturweit","tag-leben-in-uruguay","tag-suedamerika","tag-uruguay"],"amp_enabled":true,"_links":{"self":[{"href":"https:\/\/kulturweit.blog\/aufdersuchenachdenbuntenvoegeln\/wp-json\/wp\/v2\/posts\/61"}],"collection":[{"href":"https:\/\/kulturweit.blog\/aufdersuchenachdenbuntenvoegeln\/wp-json\/wp\/v2\/posts"}],"about":[{"href":"https:\/\/kulturweit.blog\/aufdersuchenachdenbuntenvoegeln\/wp-json\/wp\/v2\/types\/post"}],"author":[{"embeddable":true,"href":"https:\/\/kulturweit.blog\/aufdersuchenachdenbuntenvoegeln\/wp-json\/wp\/v2\/users\/3232"}],"replies":[{"embeddable":true,"href":"https:\/\/kulturweit.blog\/aufdersuchenachdenbuntenvoegeln\/wp-json\/wp\/v2\/comments?post=61"}],"version-history":[{"count":3,"href":"https:\/\/kulturweit.blog\/aufdersuchenachdenbuntenvoegeln\/wp-json\/wp\/v2\/posts\/61\/revisions"}],"predecessor-version":[{"id":71,"href":"https:\/\/kulturweit.blog\/aufdersuchenachdenbuntenvoegeln\/wp-json\/wp\/v2\/posts\/61\/revisions\/71"}],"wp:featuredmedia":[{"embeddable":true,"href":"https:\/\/kulturweit.blog\/aufdersuchenachdenbuntenvoegeln\/wp-json\/wp\/v2\/media\/69"}],"wp:attachment":[{"href":"https:\/\/kulturweit.blog\/aufdersuchenachdenbuntenvoegeln\/wp-json\/wp\/v2\/media?parent=61"}],"wp:term":[{"taxonomy":"category","embeddable":true,"href":"https:\/\/kulturweit.blog\/aufdersuchenachdenbuntenvoegeln\/wp-json\/wp\/v2\/categories?post=61"},{"taxonomy":"post_tag","embeddable":true,"href":"https:\/\/kulturweit.blog\/aufdersuchenachdenbuntenvoegeln\/wp-json\/wp\/v2\/tags?post=61"}],"curies":[{"name":"wp","href":"https:\/\/api.w.org\/{rel}","templated":true}]}}