{"id":56,"date":"2023-09-27T02:44:14","date_gmt":"2023-09-27T00:44:14","guid":{"rendered":"https:\/\/kulturweit.blog\/aufdersuchenachdenbuntenvoegeln\/?p=56"},"modified":"2023-11-06T15:24:55","modified_gmt":"2023-11-06T14:24:55","slug":"10-tage-urlaub","status":"publish","type":"post","link":"https:\/\/kulturweit.blog\/aufdersuchenachdenbuntenvoegeln\/2023\/09\/27\/10-tage-urlaub\/","title":{"rendered":"10 Tage Urlaub"},"content":{"rendered":"<p><span style=\"font-weight: 400\">Nach zehn Tagen Montevideo beginnt nun der eigentliche Freiwilligendienst, fern der Hauptstadt im <\/span><i><span style=\"font-weight: 400\">Interior<\/span><\/i><span style=\"font-weight: 400\">. Ein guter Zeitpunkt also, diese ersten Tage ein wenig zusammenzufassen.\u00a0<\/span><\/p>\n<p><span style=\"font-weight: 400\">Unseren kleinen Ausflug nach <a href=\"https:\/\/kulturweit.blog\/aufdersuchenachdenbuntenvoegeln\/2023\/09\/20\/ein-sommertag-im-winter\/\" target=\"_blank\" rel=\"noopener\">Punta del Este<\/a> habe ich bereits zur Gen\u00fcge ausgef\u00fchrt, aber nat\u00fcrlich haben wir auch Montevideo selbst erkundet. Am Sonntag nahmen wir dazu an einer Stadtf\u00fchrung durch die Altstadt teil, die uns die wichtigsten (Reiter-)Denkm\u00e4ler und Geb\u00e4ude zeigte, aber auch auf die Geschichte von Uruguay einging und die liberale Politik des Landes (Ehe f\u00fcr Alle, Recht auf Abtreibung, Cannabis-Legalisierung) thematisierte.\u00a0<\/span><\/p>\n<p><span style=\"font-weight: 400\">Auf ebendieser F\u00fchrung wurde uns auch eine alternative Herkunft des Namens der Stadt pr\u00e4sentiert: Statt des typischen \u201cIch sehe einen Berg\u201d-Montevideos wird hierbei der Name in Monte-VI-deo aufgeteilt. VI steht jetzt f\u00fcr die r\u00f6mische Zahl und \u201cdeo\u201d f\u00fcr \u201cdel este a oeste\u201d (von Osten nach Westen), da der H\u00fcgel, auf dem sich Montevideo befindet, der sechste von Osten nach Westen gez\u00e4hlt sein soll. (Halte ich diese Erkl\u00e4rung f\u00fcr <\/span><i><span style=\"font-weight: 400\">sehr<\/span><\/i><span style=\"font-weight: 400\"> weit hergeholt? M\u00f6glicherweise.)<\/span><\/p>\n<p><span style=\"font-weight: 400\">Der Sonntag endete aber nicht mit dieser Stadtf\u00fchrung, denn als einige von uns sich durch ein Schild und das schlechte Wetter eine bunte Treppe in der sonst menschenleeren Altstadt hinauflocken lie\u00dfen, entdeckten wir dort eine kleine Fer\u00eda, einen Markt, auf dem alles von Essen, Traumf\u00e4ngern, Tattoos bis zu Sex-Spielzeug dargeboten wurde. Es gab auch die M\u00f6glichkeit, verschiedene Gesellschaftsspiele zu spielen, weshalb wir uns mit der spanisch-sprachigen Version von Taco-Katze-Ziege-K\u00e4se-Pizza (Taco-Gato-Cabra-Queso-Pizza) und einem Spiel, in dem es darum geht, die Haustiere der anderen f\u00fcr das H\u00e4ufchen auf dem Teppich verantwortlich zu machen, den hagelnden Nachmittag vertrieben.\u00a0<\/span><\/p>\n<p><span style=\"font-weight: 400\">Am Montag begann dann der Sprachkurs, den wir bei der Academia Uruguay absolvierten. Morgens waren wir Teil des regul\u00e4ren Unterrichts der Sprachschule, w\u00e4hrend nachmittags semi-private Stunden stattfanden, die nur aus uns Freiwilligen, aufgeteilt nach Niveau-Stufen, bestanden. Am Morgen wurde Grammatik wiederholt und Landeskunde gemacht, was, nachdem ich die Niveaustufe gewechselt hatte, ziemlich spannend war; der beste Teil des Kurses aber waren die Nachmittage. In meiner Gruppe waren wir zu f\u00fcnft und wir verbrachten die erste Einheit mit Sprechen, dann schrieben wir Reizw\u00fcrfel-Geschichten und schauten \u201c<a href=\"https:\/\/www.youtube.com\/@TiranosTembladTV\" target=\"_blank\" rel=\"noopener\">Tiranos temblad<\/a>\u201d, eine Youtube-Sendung, die Beitr\u00e4ge zu Uruguay auf lustige Art und Weise w\u00f6chentlich sammelt und ver\u00f6ffentlicht.\u00a0<\/span><\/p>\n<p><span style=\"font-weight: 400\">Zusammen mit den anderen Freiwilligen hatten wir auch eine Einf\u00fchrung in die Kunst, Mate zu machen (dazu kommt wahrscheinlich irgendwann ein eigener Beitrag) und zum Abschluss f\u00fchrten wir eine kleine Schnitzeljagd durch, deren Preis <\/span><i><span style=\"font-weight: 400\">Alfajores <\/span><\/i><span style=\"font-weight: 400\">waren, ein uruguayisches Geb\u00e4ck, das aus zwei Keksen besteht, die mit Dulce de Leche gef\u00fcllt und mit Schokolade \u00fcberzogen sind.\u00a0<\/span><\/p>\n<p><span style=\"font-weight: 400\">Zwischen Sprachschule, Einkauf und Kochen f\u00fcr neun Leute war so ein Tag schon ganz gut ausgef\u00fcllt, aber gerade am Abend konnten wir dann doch noch die ein oder andere Aktivit\u00e4t hineinquetschen. Wir versuchten uns am Asados, dem f\u00fcr Uruguay (und auch Argentinien) typischen Grillen, was wir im Rahmen unserer M\u00f6glichkeiten nicht schlecht machten \u2013 es fehlten uns schlie\u00dflich essenzielle Hilfsmittel wie Grillzangen.<\/span><\/p>\n<p><span style=\"font-weight: 400\">Auch ein Krimi-Dinner veranstalteten wir, sogar kost\u00fcmiert, zumindest so weit das unsere Koffer hergaben. Es konnte ja niemand mit einem 20er-Motto rechnen! Am Tag des Mordes improvisierten wir aber nicht nur unsere Kost\u00fcme, sondern auch Linsen und Sp\u00e4tzle, was ohne die meisten Gew\u00fcrze, Sp\u00e4tzle-Presse oder auch nur ein Brett als ordentliche Leistung verzeichnet werden darf.\u00a0<\/span><\/p>\n<p><span style=\"font-weight: 400\">In der Hauptstadt darf Kultur nat\u00fcrlich nicht fehlen, weshalb wir \u00fcber die Sprachschule das Ballett \u201cLa Viuda Alegre\u201d besuchten, das die Operette \u201cDie lustige Witwe\u201d adaptiert. Die Vorstellung ist fantastisch, nicht nur im Tanz, sondern auch bei Kost\u00fcm und B\u00fchnenbild \u2013 was mich aber nicht davon abhielt, den Gro\u00dfteil des zweiten Aktes lang gegen meine zufallenden Augen k\u00e4mpfen zu m\u00fcssen.\u00a0<\/span><\/p>\n<p><span style=\"font-weight: 400\">Es ist seltsam, sich von den anderen zu trennen. Zusammen mit dem Vorbereitungsseminar waren wir fast drei Wochen lang quasi ohne Unterbrechung beinander und jetzt verstreuten wir uns in alle Ecken von Uruguay. Ein jeder Urlaub muss eben einmal enden\u2026<\/span><\/p>\n<p><span style=\"font-weight: 400\">Ich freue mich aber auch schon darauf, den tats\u00e4chlichen Freiwilligendienst zu beginnen, zumal die meisten anderen Freiwilligen au\u00dferhalb von Uruguay ihre erste Woche schon hinter sich haben. Mal sehen, was mich in Fray Bentos erwartet \u2013 dazu mehr im n\u00e4chsten Beitrag.\u00a0<\/span><\/p>\n","protected":false},"excerpt":{"rendered":"<p>Nach zehn Tagen Montevideo beginnt nun der eigentliche Freiwilligendienst, fern der Hauptstadt im Interior. Ein guter Zeitpunkt also, diese ersten Tage ein wenig zusammenzufassen.\u00a0 Unseren kleinen Ausflug nach Punta del Este habe ich bereits zur Gen\u00fcge ausgef\u00fchrt, aber nat\u00fcrlich haben wir auch Montevideo selbst erkundet. Am Sonntag nahmen wir dazu an einer Stadtf\u00fchrung durch die &hellip; <a href=\"https:\/\/kulturweit.blog\/aufdersuchenachdenbuntenvoegeln\/2023\/09\/27\/10-tage-urlaub\/\" class=\"more-link\"><span class=\"screen-reader-text\">10 Tage Urlaub<\/span> weiterlesen<\/a><\/p>\n","protected":false},"author":3232,"featured_media":0,"comment_status":"open","ping_status":"open","sticky":false,"template":"","format":"standard","meta":{"footnotes":""},"categories":[12,1,46],"tags":[53,59,54,56,58,60,61,57,55],"class_list":["post-56","post","type-post","status-publish","format-standard","hentry","category-kulturweitblog","category-allgemein","category-freiwillige","tag-freiwilligendienst","tag-fsj","tag-fsj-im-ausland","tag-fsj-in-suedamerika","tag-kulturweit","tag-leben-in-uruguay","tag-montevideo","tag-suedamerika","tag-uruguay"],"amp_enabled":true,"_links":{"self":[{"href":"https:\/\/kulturweit.blog\/aufdersuchenachdenbuntenvoegeln\/wp-json\/wp\/v2\/posts\/56"}],"collection":[{"href":"https:\/\/kulturweit.blog\/aufdersuchenachdenbuntenvoegeln\/wp-json\/wp\/v2\/posts"}],"about":[{"href":"https:\/\/kulturweit.blog\/aufdersuchenachdenbuntenvoegeln\/wp-json\/wp\/v2\/types\/post"}],"author":[{"embeddable":true,"href":"https:\/\/kulturweit.blog\/aufdersuchenachdenbuntenvoegeln\/wp-json\/wp\/v2\/users\/3232"}],"replies":[{"embeddable":true,"href":"https:\/\/kulturweit.blog\/aufdersuchenachdenbuntenvoegeln\/wp-json\/wp\/v2\/comments?post=56"}],"version-history":[{"count":3,"href":"https:\/\/kulturweit.blog\/aufdersuchenachdenbuntenvoegeln\/wp-json\/wp\/v2\/posts\/56\/revisions"}],"predecessor-version":[{"id":59,"href":"https:\/\/kulturweit.blog\/aufdersuchenachdenbuntenvoegeln\/wp-json\/wp\/v2\/posts\/56\/revisions\/59"}],"wp:attachment":[{"href":"https:\/\/kulturweit.blog\/aufdersuchenachdenbuntenvoegeln\/wp-json\/wp\/v2\/media?parent=56"}],"wp:term":[{"taxonomy":"category","embeddable":true,"href":"https:\/\/kulturweit.blog\/aufdersuchenachdenbuntenvoegeln\/wp-json\/wp\/v2\/categories?post=56"},{"taxonomy":"post_tag","embeddable":true,"href":"https:\/\/kulturweit.blog\/aufdersuchenachdenbuntenvoegeln\/wp-json\/wp\/v2\/tags?post=56"}],"curies":[{"name":"wp","href":"https:\/\/api.w.org\/{rel}","templated":true}]}}