{"id":37,"date":"2023-09-20T01:46:13","date_gmt":"2023-09-19T23:46:13","guid":{"rendered":"https:\/\/kulturweit.blog\/aufdersuchenachdenbuntenvoegeln\/?p=37"},"modified":"2023-11-06T15:24:10","modified_gmt":"2023-11-06T14:24:10","slug":"ein-sommertag-im-winter","status":"publish","type":"post","link":"https:\/\/kulturweit.blog\/aufdersuchenachdenbuntenvoegeln\/2023\/09\/20\/ein-sommertag-im-winter\/","title":{"rendered":"Ein Sommertag im Winter"},"content":{"rendered":"<p><span style=\"font-weight: 400\">Als h\u00e4tte sich der Himmel f\u00fcr einen Tag unserer armen Seelen erbarmt, ist der Samstag warm und sonnig, eine willkommene Abwechslung im doch eher kalten und grauen Winter Montevideos, der uns schon am Tag darauf im Regen fast ertr\u00e4nkt.<\/span><\/p>\n<p><span style=\"font-weight: 400\">Doch zur\u00fcck zum Sonnentag. Wir nutzen das Wochenende, um nach Punta del Este zu fahren, ein Badeort zwei Stunden \u00f6stlich von Montevideo. Gerade ist vor der uruguayischen K\u00fcste Walsaison und so ziehe ich nicht ohne die Hoffnung aus, ein solches Tier zu erblicken.\u00a0<\/span><\/p>\n<p><span style=\"font-weight: 400\">Punta del Este ist ein Urlaubsort, wie es ihn wohl zahllos auf dieser Welt gibt. Hotels strecken sich in den Himmel, zwischendrin ducken sich einige kleinere Ferienh\u00e4user mit mehreren Wohnungen, die Restaurants sind aufgrund der Jahreszeit geschlossen, zeugen aber von den Touristenstr\u00f6men, die sich bald schon unaufhaltsam hierher bewegen werden.\u00a0<\/span><\/p>\n<p><span style=\"font-weight: 400\">Es ist recht ruhig heute, auch wenn das gute Wetter einige Besucher:innen herbeigelockt hat. Wie alle guten Touris machen auch wir Kulturweitler zun\u00e4chst einmal ein Gruppenfoto in <\/span><i><span style=\"font-weight: 400\">Los Dedos<\/span><\/i><span style=\"font-weight: 400\">, einer Statur, die auch <\/span><i><span style=\"font-weight: 400\">La Mano<\/span><\/i><span style=\"font-weight: 400\"> oder <\/span><i><span style=\"font-weight: 400\">Hombre emergiendo a la vida<\/span><\/i><span style=\"font-weight: 400\"> hei\u00dft und vom chilenischen K\u00fcnstler Mario Irarr\u00e1zabal Covarrubias 1982 geschaffen wurde.\u00a0\u00a0<\/span><\/p>\n<p><span style=\"font-weight: 400\">Danach spazieren wir den Strand entlang. Der Sand ist fein zwischen meinen Zehen, aber es gibt viele Muscheln, die hier angesp\u00fclt wurden. Das Wasser des Atlantiks ist furchtbar kalt, wenn es meine Zehen ber\u00fchrt, aber das h\u00e4lt weder die vielen Surfer, die den Wellengang nutzen, noch ein paar meiner Mitfreiwillige davon ab, sich hinein zu st\u00fcrzen.\u00a0<\/span><\/p>\n<p><span style=\"font-weight: 400\">Die Spitze der Landzunge auf der sich Punta del Este befindet, Punta de las Salinas, ist der s\u00fcdlichste Punkt Uruguays. Hier treffen sich die Wasser des Rio de la Plata und des Atlantiks und mischen sich in einem den Horizont ausf\u00fcllenden Blau. Wir sitzen eben auf den Felsen an diesem Ende und lassen den Blick in die Weite schweifen, als ein Kopf aus Wellen herauslugt. Ein Seel\u00f6we! Immer wieder lassen sich die Tiere beobachten, wie sie aus den Fluten herausschauen, um Luft zu holen, und sp\u00e4ter sehe ich auch noch einen auf einem Felsen nahe dem Ufer liegen.\u00a0<\/span><\/p>\n<p><span style=\"font-weight: 400\">Ein weiteres Markenzeichen von Punta del Este ist neben seinen Str\u00e4nden der Leuchtturm, der \u00fcber den H\u00e4usern, die nicht h\u00f6her als zwei Stockwerke in diesem Teil der Stadt sein d\u00fcrfen, hervorragt. Neben dem Turm befindet sich noch eine Wetterstation und ein Park mit Palmen &#8211; ein malerischer Ort.\u00a0<\/span><\/p>\n<p><span style=\"font-weight: 400\">Ich sehe zwar keinen Wal mehr in Punta del Este, aber der Tag war dennoch sehr sch\u00f6n.<\/span><\/p>\n<div id='gallery-1' class='gallery galleryid-37 gallery-columns-1 gallery-size-large'><figure class='gallery-item'>\n\t\t\t<div class='gallery-icon landscape'>\n\t\t\t\t<a href='https:\/\/kulturweit.blog\/aufdersuchenachdenbuntenvoegeln\/2023\/09\/20\/ein-sommertag-im-winter\/dsc07757-min\/'><img loading=\"lazy\" decoding=\"async\" width=\"660\" height=\"440\" src=\"https:\/\/kulturweit.blog\/aufdersuchenachdenbuntenvoegeln\/files\/2023\/09\/DSC07757-min.jpg\" class=\"attachment-large size-large\" alt=\"\" aria-describedby=\"gallery-1-45\" srcset=\"https:\/\/kulturweit.blog\/aufdersuchenachdenbuntenvoegeln\/files\/2023\/09\/DSC07757-min.jpg 1024w, https:\/\/kulturweit.blog\/aufdersuchenachdenbuntenvoegeln\/files\/2023\/09\/DSC07757-min-300x200.jpg 300w, https:\/\/kulturweit.blog\/aufdersuchenachdenbuntenvoegeln\/files\/2023\/09\/DSC07757-min-768x512.jpg 768w\" sizes=\"(max-width: 660px) 100vw, 660px\" \/><\/a>\n\t\t\t<\/div>\n\t\t\t\t<figcaption class='wp-caption-text gallery-caption' id='gallery-1-45'>\n\t\t\t\tDer Leuchtturm von Punta del Este\n\t\t\t\t<\/figcaption><\/figure><figure class='gallery-item'>\n\t\t\t<div class='gallery-icon landscape'>\n\t\t\t\t<a href='https:\/\/kulturweit.blog\/aufdersuchenachdenbuntenvoegeln\/2023\/09\/20\/ein-sommertag-im-winter\/dsc07770-min\/'><img loading=\"lazy\" decoding=\"async\" width=\"660\" height=\"440\" src=\"https:\/\/kulturweit.blog\/aufdersuchenachdenbuntenvoegeln\/files\/2023\/09\/DSC07770-min.jpg\" class=\"attachment-large size-large\" alt=\"\" aria-describedby=\"gallery-1-41\" srcset=\"https:\/\/kulturweit.blog\/aufdersuchenachdenbuntenvoegeln\/files\/2023\/09\/DSC07770-min.jpg 1024w, https:\/\/kulturweit.blog\/aufdersuchenachdenbuntenvoegeln\/files\/2023\/09\/DSC07770-min-300x200.jpg 300w, https:\/\/kulturweit.blog\/aufdersuchenachdenbuntenvoegeln\/files\/2023\/09\/DSC07770-min-768x512.jpg 768w\" sizes=\"(max-width: 660px) 100vw, 660px\" \/><\/a>\n\t\t\t<\/div>\n\t\t\t\t<figcaption class='wp-caption-text gallery-caption' id='gallery-1-41'>\n\t\t\t\tEin Seel\u00f6we vor der K\u00fcste\n\t\t\t\t<\/figcaption><\/figure><figure class='gallery-item'>\n\t\t\t<div class='gallery-icon landscape'>\n\t\t\t\t<a href='https:\/\/kulturweit.blog\/aufdersuchenachdenbuntenvoegeln\/2023\/09\/20\/ein-sommertag-im-winter\/dsc07767-min\/'><img loading=\"lazy\" decoding=\"async\" width=\"660\" height=\"440\" src=\"https:\/\/kulturweit.blog\/aufdersuchenachdenbuntenvoegeln\/files\/2023\/09\/DSC07767-min.jpg\" class=\"attachment-large size-large\" alt=\"\" aria-describedby=\"gallery-1-40\" srcset=\"https:\/\/kulturweit.blog\/aufdersuchenachdenbuntenvoegeln\/files\/2023\/09\/DSC07767-min.jpg 1024w, https:\/\/kulturweit.blog\/aufdersuchenachdenbuntenvoegeln\/files\/2023\/09\/DSC07767-min-300x200.jpg 300w, https:\/\/kulturweit.blog\/aufdersuchenachdenbuntenvoegeln\/files\/2023\/09\/DSC07767-min-768x512.jpg 768w\" sizes=\"(max-width: 660px) 100vw, 660px\" \/><\/a>\n\t\t\t<\/div>\n\t\t\t\t<figcaption class='wp-caption-text gallery-caption' id='gallery-1-40'>\n\t\t\t\tOlivenscharben auf den Felsen\n\t\t\t\t<\/figcaption><\/figure><figure class='gallery-item'>\n\t\t\t<div class='gallery-icon landscape'>\n\t\t\t\t<a href='https:\/\/kulturweit.blog\/aufdersuchenachdenbuntenvoegeln\/2023\/09\/20\/ein-sommertag-im-winter\/dsc07706-min\/'><img loading=\"lazy\" decoding=\"async\" width=\"660\" height=\"440\" src=\"https:\/\/kulturweit.blog\/aufdersuchenachdenbuntenvoegeln\/files\/2023\/09\/DSC07706-min.jpg\" class=\"attachment-large size-large\" alt=\"\" aria-describedby=\"gallery-1-44\" srcset=\"https:\/\/kulturweit.blog\/aufdersuchenachdenbuntenvoegeln\/files\/2023\/09\/DSC07706-min.jpg 1024w, https:\/\/kulturweit.blog\/aufdersuchenachdenbuntenvoegeln\/files\/2023\/09\/DSC07706-min-300x200.jpg 300w, https:\/\/kulturweit.blog\/aufdersuchenachdenbuntenvoegeln\/files\/2023\/09\/DSC07706-min-768x512.jpg 768w\" sizes=\"(max-width: 660px) 100vw, 660px\" \/><\/a>\n\t\t\t<\/div>\n\t\t\t\t<figcaption class='wp-caption-text gallery-caption' id='gallery-1-44'>\n\t\t\t\tSurfer in den Wellen \n\t\t\t\t<\/figcaption><\/figure><figure class='gallery-item'>\n\t\t\t<div class='gallery-icon landscape'>\n\t\t\t\t<a href='https:\/\/kulturweit.blog\/aufdersuchenachdenbuntenvoegeln\/2023\/09\/20\/ein-sommertag-im-winter\/dsc07781-min\/'><img loading=\"lazy\" decoding=\"async\" width=\"660\" height=\"440\" src=\"https:\/\/kulturweit.blog\/aufdersuchenachdenbuntenvoegeln\/files\/2023\/09\/DSC07781-min.jpg\" class=\"attachment-large size-large\" alt=\"\" aria-describedby=\"gallery-1-42\" srcset=\"https:\/\/kulturweit.blog\/aufdersuchenachdenbuntenvoegeln\/files\/2023\/09\/DSC07781-min.jpg 1024w, https:\/\/kulturweit.blog\/aufdersuchenachdenbuntenvoegeln\/files\/2023\/09\/DSC07781-min-300x200.jpg 300w, https:\/\/kulturweit.blog\/aufdersuchenachdenbuntenvoegeln\/files\/2023\/09\/DSC07781-min-768x512.jpg 768w\" sizes=\"(max-width: 660px) 100vw, 660px\" \/><\/a>\n\t\t\t<\/div>\n\t\t\t\t<figcaption class='wp-caption-text gallery-caption' id='gallery-1-42'>\n\t\t\t\tDrei Irre beim Baden (Meine lieben Mitfreiwilligen)\n\t\t\t\t<\/figcaption><\/figure>\n\t\t<\/div>\n\n<p>&nbsp;<\/p>\n","protected":false},"excerpt":{"rendered":"<p>Als h\u00e4tte sich der Himmel f\u00fcr einen Tag unserer armen Seelen erbarmt, ist der Samstag warm und sonnig, eine willkommene Abwechslung im doch eher kalten und grauen Winter Montevideos, der uns schon am Tag darauf im Regen fast ertr\u00e4nkt. Doch zur\u00fcck zum Sonnentag. Wir nutzen das Wochenende, um nach Punta del Este zu fahren, ein &hellip; <a href=\"https:\/\/kulturweit.blog\/aufdersuchenachdenbuntenvoegeln\/2023\/09\/20\/ein-sommertag-im-winter\/\" class=\"more-link\"><span class=\"screen-reader-text\">Ein Sommertag im Winter<\/span> weiterlesen<\/a><\/p>\n","protected":false},"author":3232,"featured_media":39,"comment_status":"open","ping_status":"open","sticky":false,"template":"","format":"standard","meta":{"footnotes":""},"categories":[1,15,19,24],"tags":[53,59,54,56,58,60,62,57,55],"class_list":["post-37","post","type-post","status-publish","format-standard","has-post-thumbnail","hentry","category-allgemein","category-ausflug","category-erlebnis","category-gastland","tag-freiwilligendienst","tag-fsj","tag-fsj-im-ausland","tag-fsj-in-suedamerika","tag-kulturweit","tag-leben-in-uruguay","tag-punta-del-este","tag-suedamerika","tag-uruguay"],"amp_enabled":true,"_links":{"self":[{"href":"https:\/\/kulturweit.blog\/aufdersuchenachdenbuntenvoegeln\/wp-json\/wp\/v2\/posts\/37"}],"collection":[{"href":"https:\/\/kulturweit.blog\/aufdersuchenachdenbuntenvoegeln\/wp-json\/wp\/v2\/posts"}],"about":[{"href":"https:\/\/kulturweit.blog\/aufdersuchenachdenbuntenvoegeln\/wp-json\/wp\/v2\/types\/post"}],"author":[{"embeddable":true,"href":"https:\/\/kulturweit.blog\/aufdersuchenachdenbuntenvoegeln\/wp-json\/wp\/v2\/users\/3232"}],"replies":[{"embeddable":true,"href":"https:\/\/kulturweit.blog\/aufdersuchenachdenbuntenvoegeln\/wp-json\/wp\/v2\/comments?post=37"}],"version-history":[{"count":3,"href":"https:\/\/kulturweit.blog\/aufdersuchenachdenbuntenvoegeln\/wp-json\/wp\/v2\/posts\/37\/revisions"}],"predecessor-version":[{"id":54,"href":"https:\/\/kulturweit.blog\/aufdersuchenachdenbuntenvoegeln\/wp-json\/wp\/v2\/posts\/37\/revisions\/54"}],"wp:featuredmedia":[{"embeddable":true,"href":"https:\/\/kulturweit.blog\/aufdersuchenachdenbuntenvoegeln\/wp-json\/wp\/v2\/media\/39"}],"wp:attachment":[{"href":"https:\/\/kulturweit.blog\/aufdersuchenachdenbuntenvoegeln\/wp-json\/wp\/v2\/media?parent=37"}],"wp:term":[{"taxonomy":"category","embeddable":true,"href":"https:\/\/kulturweit.blog\/aufdersuchenachdenbuntenvoegeln\/wp-json\/wp\/v2\/categories?post=37"},{"taxonomy":"post_tag","embeddable":true,"href":"https:\/\/kulturweit.blog\/aufdersuchenachdenbuntenvoegeln\/wp-json\/wp\/v2\/tags?post=37"}],"curies":[{"name":"wp","href":"https:\/\/api.w.org\/{rel}","templated":true}]}}