{"id":33,"date":"2023-09-17T04:54:28","date_gmt":"2023-09-17T02:54:28","guid":{"rendered":"https:\/\/kulturweit.blog\/aufdersuchenachdenbuntenvoegeln\/?p=33"},"modified":"2023-11-06T15:22:57","modified_gmt":"2023-11-06T14:22:57","slug":"auf-der-flucht-vor-der-sonne","status":"publish","type":"post","link":"https:\/\/kulturweit.blog\/aufdersuchenachdenbuntenvoegeln\/2023\/09\/17\/auf-der-flucht-vor-der-sonne\/","title":{"rendered":"Auf der Flucht vor der Sonne"},"content":{"rendered":"<p><span style=\"font-weight: 400\">Es mag die letzte Sekunde in der Heimat sein, der Moment, in dem die Reifen noch f\u00fcr eine Sekunde an der Rollbahn haften, un sich dann endg\u00fcltig l\u00f6sen &#8211; das Flugzeug schwebt dem Himmel entgegen und ist bereits Teil der Ferne. Ebendiesen zentralen Moment der Ausreise verpasse ich jedoch, denn als ich aus einem kurzen Schlaf aufwache, ist Frankfurt schon ein entferntes Lichternetz im Dunkeln.\u00a0<\/span><\/p>\n<p><span style=\"font-weight: 400\">Ich fliege \u00fcber Nacht nach S\u00e3o Paulo, eine Nacht, die l\u00e4nger ist als \u00fcblich und erst auf dem s\u00fcdamerikanischen Kontinent endet. W\u00e4hrend wir sinken, ist der Himmel noch dunkel und nur die hell erleuchteten, modellartigen Hochh\u00e4user strecken ihre flachen D\u00e4cher hoch zum Flugzeug, doch hinter den unendlichen Lichtern der Stadt entflammt das Rot des Morgens den Horizont.\u00a0<\/span><\/p>\n<p><span style=\"font-weight: 400\">Die Sonne steht schon so hoch, dass der Tag eindeutig die D\u00e4mmerung abgel\u00f6st hat, als wir durch den Flughafen irren und zu unserem Anschlussflug eilen. Von uns Uruguayern h\u00e4tten sieben in der gleichen Maschine Richtung Montevideo sitzen sollen, letztlich schaffen aber drei den Umstieg nicht und m\u00fcssen jetzt sp\u00e4ter\/ morgen nachfliegen.\u00a0<\/span><\/p>\n<p><span style=\"font-weight: 400\">Entsprechend leer ist unser Flug nach Montevideo, da ja alle aus der anderen Maschine nicht mitkommen konnten. Ich habe die gesamte Reihe f\u00fcr mich, nutze diesen Luxus aber auch nur, um an meinen Rucksack gelehnt im Sitzen zu schlafen.\u00a0<\/span><\/p>\n<p><span style=\"font-weight: 400\">Wir landen am Morgen des 13. Septembers in Montevideo.<\/span><\/p>\n<p><span style=\"font-weight: 400\">Eine Mitfreiwillige und ich fahren mit dem Bus vom Flughafen in die Innenstadt, was mit gro\u00dfen Koffern nur eine sehr begrenzt empfehlenswerte Entscheidung ist; wer uns aber nachahmen m\u00f6chte oder generell in Uruguay Bus fahren will, sollte vorher wissen, dass man die Busse heranwinken muss, damit sie halten.\u00a0 Die Leute im Bus sind sehr nett ob unserer Situation und tauschen mit uns Pl\u00e4tze, damit wir unsere Koffer ein wenig aus dem Weg r\u00e4umen k\u00f6nnen.\u00a0<\/span><\/p>\n<p><span style=\"font-weight: 400\">Auf der Busfahrt k\u00f6nnen wir einen ersten Einblick in die Stadt gewinnen, wie die H\u00e4user und Stra\u00dfen aussehen, was die Menschen an einem Mittwochmittag so tun. Einzelne Menschen, genauer Polizist:innen, fahren mit uns Bus, ein Mann (auch im Bus) spielt eine spanische Version von <\/span><i><span style=\"font-weight: 400\">Somewhere over the Rainbow<\/span><\/i><span style=\"font-weight: 400\">, \u00fcberall sind Thermoskannen unter Arme geklemmt, an deren Enden H\u00e4nde Mate-Becher halten.\u00a0<\/span><\/p>\n<p><span style=\"font-weight: 400\">Es ist kalt in Montevideo. Nat\u00fcrlich ist es kalt hier, es ist schlie\u00dflich Winter, aber man glaubt doch immer, wenn man mit dem Flieger Richtung S\u00fcden fliegt, dass es w\u00e4rmer werden muss. Nicht hier, hier sind wir so s\u00fcdlich, dass der \u00c4quator ein fernes Band ist, und fern ist auch die ihm eigene W\u00e4rme. Zudem ist es windig und wir m\u00fcde, aber im Licht der Sonne f\u00fchlt es sich bald nicht mehr so schlimm an.\u00a0<\/span><\/p>\n<p><span style=\"font-weight: 400\">Wir, also die Freiwilligen in Uruguay, die nicht in Montevideo arbeiten werden, ziehen \u00fcber den Mittwoch und den Donnerstag in ein AirBnB ein und erkunden die Stadt, denn wir werden zun\u00e4chst alle gemeinsam den Sprachkurs hier in der Hauptstadt machen.\u00a0<\/span><\/p>\n<p><span style=\"font-weight: 400\">Soviel zur Reise und zur Ankunft in Montevideo. \u00dcber unsere gro\u00dfen Abenteuer hier werde ich dann demn\u00e4chst berichten.\u00a0<\/span><\/p>\n","protected":false},"excerpt":{"rendered":"<p>Es mag die letzte Sekunde in der Heimat sein, der Moment, in dem die Reifen noch f\u00fcr eine Sekunde an der Rollbahn haften, un sich dann endg\u00fcltig l\u00f6sen &#8211; das Flugzeug schwebt dem Himmel entgegen und ist bereits Teil der Ferne. Ebendiesen zentralen Moment der Ausreise verpasse ich jedoch, denn als ich aus einem kurzen &hellip; <a href=\"https:\/\/kulturweit.blog\/aufdersuchenachdenbuntenvoegeln\/2023\/09\/17\/auf-der-flucht-vor-der-sonne\/\" class=\"more-link\"><span class=\"screen-reader-text\">Auf der Flucht vor der Sonne<\/span> weiterlesen<\/a><\/p>\n","protected":false},"author":3232,"featured_media":0,"comment_status":"open","ping_status":"open","sticky":false,"template":"","format":"standard","meta":{"footnotes":""},"categories":[1],"tags":[53,59,54,56,58,60,61,57,55],"class_list":["post-33","post","type-post","status-publish","format-standard","hentry","category-allgemein","tag-freiwilligendienst","tag-fsj","tag-fsj-im-ausland","tag-fsj-in-suedamerika","tag-kulturweit","tag-leben-in-uruguay","tag-montevideo","tag-suedamerika","tag-uruguay"],"amp_enabled":true,"_links":{"self":[{"href":"https:\/\/kulturweit.blog\/aufdersuchenachdenbuntenvoegeln\/wp-json\/wp\/v2\/posts\/33"}],"collection":[{"href":"https:\/\/kulturweit.blog\/aufdersuchenachdenbuntenvoegeln\/wp-json\/wp\/v2\/posts"}],"about":[{"href":"https:\/\/kulturweit.blog\/aufdersuchenachdenbuntenvoegeln\/wp-json\/wp\/v2\/types\/post"}],"author":[{"embeddable":true,"href":"https:\/\/kulturweit.blog\/aufdersuchenachdenbuntenvoegeln\/wp-json\/wp\/v2\/users\/3232"}],"replies":[{"embeddable":true,"href":"https:\/\/kulturweit.blog\/aufdersuchenachdenbuntenvoegeln\/wp-json\/wp\/v2\/comments?post=33"}],"version-history":[{"count":1,"href":"https:\/\/kulturweit.blog\/aufdersuchenachdenbuntenvoegeln\/wp-json\/wp\/v2\/posts\/33\/revisions"}],"predecessor-version":[{"id":34,"href":"https:\/\/kulturweit.blog\/aufdersuchenachdenbuntenvoegeln\/wp-json\/wp\/v2\/posts\/33\/revisions\/34"}],"wp:attachment":[{"href":"https:\/\/kulturweit.blog\/aufdersuchenachdenbuntenvoegeln\/wp-json\/wp\/v2\/media?parent=33"}],"wp:term":[{"taxonomy":"category","embeddable":true,"href":"https:\/\/kulturweit.blog\/aufdersuchenachdenbuntenvoegeln\/wp-json\/wp\/v2\/categories?post=33"},{"taxonomy":"post_tag","embeddable":true,"href":"https:\/\/kulturweit.blog\/aufdersuchenachdenbuntenvoegeln\/wp-json\/wp\/v2\/tags?post=33"}],"curies":[{"name":"wp","href":"https:\/\/api.w.org\/{rel}","templated":true}]}}