{"id":251,"date":"2024-07-12T04:23:04","date_gmt":"2024-07-12T02:23:04","guid":{"rendered":"https:\/\/kulturweit.blog\/aufdersuchenachdenbuntenvoegeln\/?p=251"},"modified":"2024-07-12T04:23:04","modified_gmt":"2024-07-12T02:23:04","slug":"in-der-gischt","status":"publish","type":"post","link":"https:\/\/kulturweit.blog\/aufdersuchenachdenbuntenvoegeln\/2024\/07\/12\/in-der-gischt\/","title":{"rendered":"In der Gischt"},"content":{"rendered":"<p>Es ist Juli und damit habe ich einen kleinen, privaten Vorsatz gebrochen: jeden Monat einen Blog-Artikel hochzuladen. Das Problem des Junis war aber, dass nichts passiert war, was einen eigenen Artikel gerechtfertigt h\u00e4tte. Vielmehr war der Monat ein Sammelsurium kleiner Erlebnisse, wie der Besuch mehrere Konzerte, der Vorstellung eines ins Spanische \u00fcbersetzten Gedichtbandes der deutschsprachigen Dichterin \u00d6zlem \u00d6zg\u00fcl D\u00fcndar und kurzen Abstechern nach Colonia, Piri\u00e1polis oder Buenos Aires. Jetzt, im Juli, haben wir aber noch eine letzte Reise gemacht, die ihren eigenen Beitrag wert ist.<\/p>\n<p>Am Samstag in aller Fr\u00fch ging es erst mit dem Bus nach Colonia und von dort mit der F\u00e4hre nach Buenos Aires \u2013 mal wieder. Am F\u00e4hrterminal wurden Kenza und ich von Nora abgeholt und gemeinsam fuhren wir in den Ecoparque, der sich auf dem ehemaligen Zoogel\u00e4nde befindet und heute weiterhin einige Tiere wie Bisons, Giraffen oder Vicu\u00f1as beheimatet. Wir trafen uns dort mit einer kulturweit-Freiwilligen aus Buenos Aires und, \u00fcberraschenderweise, auch mit einem anderen Uruguay-Freiwilligen, der just an diesem Wochenende in der Stadt war.<\/p>\n<p>Nachdem wir uns die Tiere angeschaut hatten, gingen wir gemeinsam essen, bevor es f\u00fcr Kenza, Nora und mich an den Flughafen ging, von wo aus wir nach Puerto Iguaz\u00fa im Nordosten Argentiniens, direkt an der brasilianischen Grenze, flogen. Selbstverst\u00e4ndlich hatten wir uns dorthin aufgemacht, um die Iguaz\u00fa-Wasserf\u00e4lle zu sehen, die, je nachdem, welches Naturmagazin man fragt, die gr\u00f6\u00dften oder zweitgr\u00f6\u00dften Wasserf\u00e4lle der Welt sind.<\/p>\n<p>Man kann die Wasserf\u00e4lle sowohl von der argentinischen als auch von der brasilianischen Seite aus besichtigen und am besten ist es, beides zu tun. F\u00fcr unseren ersten Tag nahmen wir uns die brasilianische Seite vor und \u00fcberquerten mit dem Bus die Grenze (argentinische Grenzstation \u2013 Ausreise \u2013 zweihundert Meter weiterfahren \u2013 brasilianische Grenzstation \u2013 Einreise) und fuhren bis zum Parkeingang. Dort ging alles sehr geordnet zu: Den Parkeintritt kaufte man am Selbstbedienungsschalter und dann reihte man sich in die Schlange ein, die zu den Bussen in Richtung Wasserf\u00e4lle f\u00fchrte. Ab der Bushaltestelle wanderten wir dann am Hang entlang, immer mit Blick auf die verschiedenen Wasserf\u00e4lle, denn in Iguaz\u00fa f\u00e4llt das Wasser nicht nur an einer Stelle, sondern an einer Vielzahl von gr\u00f6\u00dferen und kleineren Steilw\u00e4nden. Die brasilianische Seite ist hierbei die Panorama-Seite, von wo aus man auf die F\u00e4lle blickt, die sich \u00fcber mehrere Stufen und Plateaus in die Tiefe st\u00fcrzen.<\/p>\n<div id='gallery-1' class='gallery galleryid-251 gallery-columns-1 gallery-size-full'><figure class='gallery-item'>\n\t\t\t<div class='gallery-icon landscape'>\n\t\t\t\t<a href='https:\/\/kulturweit.blog\/aufdersuchenachdenbuntenvoegeln\/2024\/07\/12\/in-der-gischt\/dsc02370-min\/'><img loading=\"lazy\" decoding=\"async\" width=\"1024\" height=\"683\" src=\"https:\/\/kulturweit.blog\/aufdersuchenachdenbuntenvoegeln\/files\/2024\/07\/DSC02370-min.jpg\" class=\"attachment-full size-full\" alt=\"\" aria-describedby=\"gallery-1-254\" srcset=\"https:\/\/kulturweit.blog\/aufdersuchenachdenbuntenvoegeln\/files\/2024\/07\/DSC02370-min.jpg 1024w, https:\/\/kulturweit.blog\/aufdersuchenachdenbuntenvoegeln\/files\/2024\/07\/DSC02370-min-300x200.jpg 300w, https:\/\/kulturweit.blog\/aufdersuchenachdenbuntenvoegeln\/files\/2024\/07\/DSC02370-min-768x512.jpg 768w\" sizes=\"(max-width: 1024px) 100vw, 1024px\" \/><\/a>\n\t\t\t<\/div>\n\t\t\t\t<figcaption class='wp-caption-text gallery-caption' id='gallery-1-254'>\n\t\t\t\tDas Panorama der Wasserf\u00e4lle\n\t\t\t\t<\/figcaption><\/figure><figure class='gallery-item'>\n\t\t\t<div class='gallery-icon landscape'>\n\t\t\t\t<a href='https:\/\/kulturweit.blog\/aufdersuchenachdenbuntenvoegeln\/2024\/07\/12\/in-der-gischt\/dsc02397-min\/'><img loading=\"lazy\" decoding=\"async\" width=\"1024\" height=\"683\" src=\"https:\/\/kulturweit.blog\/aufdersuchenachdenbuntenvoegeln\/files\/2024\/07\/DSC02397-min.jpg\" class=\"attachment-full size-full\" alt=\"\" aria-describedby=\"gallery-1-255\" srcset=\"https:\/\/kulturweit.blog\/aufdersuchenachdenbuntenvoegeln\/files\/2024\/07\/DSC02397-min.jpg 1024w, https:\/\/kulturweit.blog\/aufdersuchenachdenbuntenvoegeln\/files\/2024\/07\/DSC02397-min-300x200.jpg 300w, https:\/\/kulturweit.blog\/aufdersuchenachdenbuntenvoegeln\/files\/2024\/07\/DSC02397-min-768x512.jpg 768w\" sizes=\"(max-width: 1024px) 100vw, 1024px\" \/><\/a>\n\t\t\t<\/div>\n\t\t\t\t<figcaption class='wp-caption-text gallery-caption' id='gallery-1-255'>\n\t\t\t\tDie Garganta del Diablo\n\t\t\t\t<\/figcaption><\/figure>\n\t\t<\/div>\n\n<p>Wer sich jetzt bei Wasserf\u00e4llen in Brasilien fr\u00f6hlich-tropische Hitze und Sonnenschein vorstellt, den muss ich entt\u00e4uschen, denn wir waren wohl am k\u00e4ltesten Wochenende des Jahres in Iguaz\u00fa, n\u00e4mlich bei k\u00fchlen 11\u00b0 C und Regen. Blieben wir auf der Wanderung nur angefeuchtet, waren wir sp\u00e4testens nach dem gr\u00f6\u00dften Wasserfall, der Garganta del Diablo (Teufelsschlund) vollkommen durchn\u00e4sst, denn hier trieb der Wind einem das herabfallende Wasser in einem Schwall entgegen. Nass und kalt wie waren, entschieden wir uns gegen einen Besuch im Vogelpark, sondern fuhren hinein nach Foz do Igua\u00e7u, wo wir einer klassischen brasilianischen Sonntagst\u00e4tigkeit nachgingen: Wir gingen in die Mall.<\/p>\n<p>Am n\u00e4chsten Tag war dann die argentinische Seite dran. Wieder nahmen wir den Bus zum Nationalpark, der besonders im Eingangsbereich mehr wie ein Freizeit- als ein Nationalpark erschien. Auf der argentinischen Seite kann man entlang mehrerer (Rund-)Wanderwege nah an die Wasserf\u00e4lle heranwandern und von oben auf das herabst\u00fcrzende Wasser blicken.<\/p>\n<div id='gallery-2' class='gallery galleryid-251 gallery-columns-1 gallery-size-full'><figure class='gallery-item'>\n\t\t\t<div class='gallery-icon landscape'>\n\t\t\t\t<a href='https:\/\/kulturweit.blog\/aufdersuchenachdenbuntenvoegeln\/2024\/07\/12\/in-der-gischt\/dsc02427-min\/'><img loading=\"lazy\" decoding=\"async\" width=\"1024\" height=\"683\" src=\"https:\/\/kulturweit.blog\/aufdersuchenachdenbuntenvoegeln\/files\/2024\/07\/DSC02427-min.jpg\" class=\"attachment-full size-full\" alt=\"\" aria-describedby=\"gallery-2-256\" srcset=\"https:\/\/kulturweit.blog\/aufdersuchenachdenbuntenvoegeln\/files\/2024\/07\/DSC02427-min.jpg 1024w, https:\/\/kulturweit.blog\/aufdersuchenachdenbuntenvoegeln\/files\/2024\/07\/DSC02427-min-300x200.jpg 300w, https:\/\/kulturweit.blog\/aufdersuchenachdenbuntenvoegeln\/files\/2024\/07\/DSC02427-min-768x512.jpg 768w\" sizes=\"(max-width: 1024px) 100vw, 1024px\" \/><\/a>\n\t\t\t<\/div>\n\t\t\t\t<figcaption class='wp-caption-text gallery-caption' id='gallery-2-256'>\n\t\t\t\tBlick auf die Wasserf\u00e4lle I\n\t\t\t\t<\/figcaption><\/figure><figure class='gallery-item'>\n\t\t\t<div class='gallery-icon landscape'>\n\t\t\t\t<a href='https:\/\/kulturweit.blog\/aufdersuchenachdenbuntenvoegeln\/2024\/07\/12\/in-der-gischt\/dsc02462-min\/'><img loading=\"lazy\" decoding=\"async\" width=\"1024\" height=\"683\" src=\"https:\/\/kulturweit.blog\/aufdersuchenachdenbuntenvoegeln\/files\/2024\/07\/DSC02462-min.jpg\" class=\"attachment-full size-full\" alt=\"\" aria-describedby=\"gallery-2-258\" srcset=\"https:\/\/kulturweit.blog\/aufdersuchenachdenbuntenvoegeln\/files\/2024\/07\/DSC02462-min.jpg 1024w, https:\/\/kulturweit.blog\/aufdersuchenachdenbuntenvoegeln\/files\/2024\/07\/DSC02462-min-300x200.jpg 300w, https:\/\/kulturweit.blog\/aufdersuchenachdenbuntenvoegeln\/files\/2024\/07\/DSC02462-min-768x512.jpg 768w\" sizes=\"(max-width: 1024px) 100vw, 1024px\" \/><\/a>\n\t\t\t<\/div>\n\t\t\t\t<figcaption class='wp-caption-text gallery-caption' id='gallery-2-258'>\n\t\t\t\tAm Abgrund I\n\t\t\t\t<\/figcaption><\/figure><figure class='gallery-item'>\n\t\t\t<div class='gallery-icon landscape'>\n\t\t\t\t<a href='https:\/\/kulturweit.blog\/aufdersuchenachdenbuntenvoegeln\/2024\/07\/12\/in-der-gischt\/dsc02440-min\/'><img loading=\"lazy\" decoding=\"async\" width=\"1024\" height=\"683\" src=\"https:\/\/kulturweit.blog\/aufdersuchenachdenbuntenvoegeln\/files\/2024\/07\/DSC02440-min.jpg\" class=\"attachment-full size-full\" alt=\"\" aria-describedby=\"gallery-2-257\" srcset=\"https:\/\/kulturweit.blog\/aufdersuchenachdenbuntenvoegeln\/files\/2024\/07\/DSC02440-min.jpg 1024w, https:\/\/kulturweit.blog\/aufdersuchenachdenbuntenvoegeln\/files\/2024\/07\/DSC02440-min-300x200.jpg 300w, https:\/\/kulturweit.blog\/aufdersuchenachdenbuntenvoegeln\/files\/2024\/07\/DSC02440-min-768x512.jpg 768w\" sizes=\"(max-width: 1024px) 100vw, 1024px\" \/><\/a>\n\t\t\t<\/div>\n\t\t\t\t<figcaption class='wp-caption-text gallery-caption' id='gallery-2-257'>\n\t\t\t\tBlick auf die Wasserf\u00e4lle II\n\t\t\t\t<\/figcaption><\/figure><figure class='gallery-item'>\n\t\t\t<div class='gallery-icon landscape'>\n\t\t\t\t<a href='https:\/\/kulturweit.blog\/aufdersuchenachdenbuntenvoegeln\/2024\/07\/12\/in-der-gischt\/dsc02508-min\/'><img loading=\"lazy\" decoding=\"async\" width=\"1024\" height=\"683\" src=\"https:\/\/kulturweit.blog\/aufdersuchenachdenbuntenvoegeln\/files\/2024\/07\/DSC02508-min.jpg\" class=\"attachment-full size-full\" alt=\"\" aria-describedby=\"gallery-2-261\" srcset=\"https:\/\/kulturweit.blog\/aufdersuchenachdenbuntenvoegeln\/files\/2024\/07\/DSC02508-min.jpg 1024w, https:\/\/kulturweit.blog\/aufdersuchenachdenbuntenvoegeln\/files\/2024\/07\/DSC02508-min-300x200.jpg 300w, https:\/\/kulturweit.blog\/aufdersuchenachdenbuntenvoegeln\/files\/2024\/07\/DSC02508-min-768x512.jpg 768w\" sizes=\"(max-width: 1024px) 100vw, 1024px\" \/><\/a>\n\t\t\t<\/div>\n\t\t\t\t<figcaption class='wp-caption-text gallery-caption' id='gallery-2-261'>\n\t\t\t\tAm Abgrund II\n\t\t\t\t<\/figcaption><\/figure>\n\t\t<\/div>\n\n<p>Neben den Wasserf\u00e4llen sind hier noch die s\u00fcdamerikanischen Nasenb\u00e4ren eine Besucherattraktion, die ohne Scheu sich in die Menschenmassen st\u00fcrzen, besonders wenn sie Nahrungsmittel wittern. Obwohl auf vielen Schildern darauf hingewiesen wird, dass man die Tiere weder f\u00fcttern noch anfassen soll, gibt es dennoch genug Besucher:innen, die sich nicht daran halten: Dann kann es aber passieren, dass so ein Nasenb\u00e4r den Rucksack vom Tisch fegt oder den Burger klaut.<\/p>\n<div id='gallery-3' class='gallery galleryid-251 gallery-columns-1 gallery-size-full'><figure class='gallery-item'>\n\t\t\t<div class='gallery-icon portrait'>\n\t\t\t\t<a href='https:\/\/kulturweit.blog\/aufdersuchenachdenbuntenvoegeln\/2024\/07\/12\/in-der-gischt\/dsc02483-min\/'><img loading=\"lazy\" decoding=\"async\" width=\"683\" height=\"1024\" src=\"https:\/\/kulturweit.blog\/aufdersuchenachdenbuntenvoegeln\/files\/2024\/07\/DSC02483-min.jpg\" class=\"attachment-full size-full\" alt=\"\" aria-describedby=\"gallery-3-259\" srcset=\"https:\/\/kulturweit.blog\/aufdersuchenachdenbuntenvoegeln\/files\/2024\/07\/DSC02483-min.jpg 683w, https:\/\/kulturweit.blog\/aufdersuchenachdenbuntenvoegeln\/files\/2024\/07\/DSC02483-min-300x450.jpg 300w\" sizes=\"(max-width: 683px) 100vw, 683px\" \/><\/a>\n\t\t\t<\/div>\n\t\t\t\t<figcaption class='wp-caption-text gallery-caption' id='gallery-3-259'>\n\t\t\t\tEin s\u00fcdamerikanischer Nasenb\u00e4r vor den Iguaz\u00fa-Wasserf\u00e4llen\n\t\t\t\t<\/figcaption><\/figure><figure class='gallery-item'>\n\t\t\t<div class='gallery-icon landscape'>\n\t\t\t\t<a href='https:\/\/kulturweit.blog\/aufdersuchenachdenbuntenvoegeln\/2024\/07\/12\/in-der-gischt\/dsc02490-min\/'><img loading=\"lazy\" decoding=\"async\" width=\"1024\" height=\"683\" src=\"https:\/\/kulturweit.blog\/aufdersuchenachdenbuntenvoegeln\/files\/2024\/07\/DSC02490-min.jpg\" class=\"attachment-full size-full\" alt=\"\" aria-describedby=\"gallery-3-260\" srcset=\"https:\/\/kulturweit.blog\/aufdersuchenachdenbuntenvoegeln\/files\/2024\/07\/DSC02490-min.jpg 1024w, https:\/\/kulturweit.blog\/aufdersuchenachdenbuntenvoegeln\/files\/2024\/07\/DSC02490-min-300x200.jpg 300w, https:\/\/kulturweit.blog\/aufdersuchenachdenbuntenvoegeln\/files\/2024\/07\/DSC02490-min-768x512.jpg 768w\" sizes=\"(max-width: 1024px) 100vw, 1024px\" \/><\/a>\n\t\t\t<\/div>\n\t\t\t\t<figcaption class='wp-caption-text gallery-caption' id='gallery-3-260'>\n\t\t\t\tEin Kappenblaurabe\n\t\t\t\t<\/figcaption><\/figure>\n\t\t<\/div>\n\n<p>Neben Nasenb\u00e4ren wollten wir auch gerne Tukane sehen, hatten aber tags\u00fcber kein Gl\u00fcck (daf\u00fcr sahen wir sehr spektakul\u00e4re Kappenblauraben). Wir hatten schon fast die Hoffnung aufgegeben (gemeinsam mit der Hoffnung, den Park wieder zu verlassen, denn kurz vor Schlie\u00dfung waren die Wege wie ausgestorben, der Weg zum Ausgang nur sehr schlecht ausgeschildert und wir irrten ein wenig umher), als doch noch ein Tukan durch die B\u00e4ume flog und sich, gemeinsam mit drei oder vier anderen auf einer Baumkrone niederlie\u00df. Wir fanden auch noch den Ausgang und konnten zur\u00fcck nach Puerto Iguaz\u00fa fahren, wo wir mexikanisch essen gingen.<\/p>\n<p>Am n\u00e4chsten Tag hatten wir morgens noch ein wenig Zeit, weshalb wir zum Drei-L\u00e4nder-Eck zwischen Argentinien, Brasilien und Paraguay liefen und Paraguay immerhin aus der Ferne sehen konnten.<\/p>\n<p>Am fr\u00fchen Nachmittag ging es dann mit dem Flieger wieder zur\u00fcck nach Buenos Aires und dann mit einer versp\u00e4teten F\u00e4hre weiter nach Colonia, bis wir sp\u00e4t in der Nacht wieder in Montevideo angekommen waren.<\/p>\n<p>&nbsp;<\/p>\n<p>&nbsp;<\/p>\n<p>&nbsp;<\/p>\n<p>&nbsp;<\/p>\n","protected":false},"excerpt":{"rendered":"<p>Es ist Juli und damit habe ich einen kleinen, privaten Vorsatz gebrochen: jeden Monat einen Blog-Artikel hochzuladen. Das Problem des Junis war aber, dass nichts passiert war, was einen eigenen Artikel gerechtfertigt h\u00e4tte. Vielmehr war der Monat ein Sammelsurium kleiner Erlebnisse, wie der Besuch mehrere Konzerte, der Vorstellung eines ins Spanische \u00fcbersetzten Gedichtbandes der deutschsprachigen &hellip; <a href=\"https:\/\/kulturweit.blog\/aufdersuchenachdenbuntenvoegeln\/2024\/07\/12\/in-der-gischt\/\" class=\"more-link\"><span class=\"screen-reader-text\">In der Gischt<\/span> weiterlesen<\/a><\/p>\n","protected":false},"author":3232,"featured_media":254,"comment_status":"open","ping_status":"open","sticky":false,"template":"","format":"standard","meta":{"footnotes":""},"categories":[1],"tags":[],"class_list":["post-251","post","type-post","status-publish","format-standard","has-post-thumbnail","hentry","category-allgemein"],"amp_enabled":true,"_links":{"self":[{"href":"https:\/\/kulturweit.blog\/aufdersuchenachdenbuntenvoegeln\/wp-json\/wp\/v2\/posts\/251"}],"collection":[{"href":"https:\/\/kulturweit.blog\/aufdersuchenachdenbuntenvoegeln\/wp-json\/wp\/v2\/posts"}],"about":[{"href":"https:\/\/kulturweit.blog\/aufdersuchenachdenbuntenvoegeln\/wp-json\/wp\/v2\/types\/post"}],"author":[{"embeddable":true,"href":"https:\/\/kulturweit.blog\/aufdersuchenachdenbuntenvoegeln\/wp-json\/wp\/v2\/users\/3232"}],"replies":[{"embeddable":true,"href":"https:\/\/kulturweit.blog\/aufdersuchenachdenbuntenvoegeln\/wp-json\/wp\/v2\/comments?post=251"}],"version-history":[{"count":3,"href":"https:\/\/kulturweit.blog\/aufdersuchenachdenbuntenvoegeln\/wp-json\/wp\/v2\/posts\/251\/revisions"}],"predecessor-version":[{"id":263,"href":"https:\/\/kulturweit.blog\/aufdersuchenachdenbuntenvoegeln\/wp-json\/wp\/v2\/posts\/251\/revisions\/263"}],"wp:featuredmedia":[{"embeddable":true,"href":"https:\/\/kulturweit.blog\/aufdersuchenachdenbuntenvoegeln\/wp-json\/wp\/v2\/media\/254"}],"wp:attachment":[{"href":"https:\/\/kulturweit.blog\/aufdersuchenachdenbuntenvoegeln\/wp-json\/wp\/v2\/media?parent=251"}],"wp:term":[{"taxonomy":"category","embeddable":true,"href":"https:\/\/kulturweit.blog\/aufdersuchenachdenbuntenvoegeln\/wp-json\/wp\/v2\/categories?post=251"},{"taxonomy":"post_tag","embeddable":true,"href":"https:\/\/kulturweit.blog\/aufdersuchenachdenbuntenvoegeln\/wp-json\/wp\/v2\/tags?post=251"}],"curies":[{"name":"wp","href":"https:\/\/api.w.org\/{rel}","templated":true}]}}