{"id":244,"date":"2024-05-25T22:46:31","date_gmt":"2024-05-25T20:46:31","guid":{"rendered":"https:\/\/kulturweit.blog\/aufdersuchenachdenbuntenvoegeln\/?p=244"},"modified":"2024-05-25T22:46:31","modified_gmt":"2024-05-25T20:46:31","slug":"mayo-mes-de-la-memoria","status":"publish","type":"post","link":"https:\/\/kulturweit.blog\/aufdersuchenachdenbuntenvoegeln\/2024\/05\/25\/mayo-mes-de-la-memoria\/","title":{"rendered":"Mayo, Mes de la Memoria"},"content":{"rendered":"<p><span style=\"font-weight: 400\">Der Mai ist in Uruguay der Mes de la Memoria (<\/span><i><span style=\"font-weight: 400\">= Erinnerungsmonat<\/span><\/i><span style=\"font-weight: 400\">), w\u00e4hrenddessen der Opfer der Milit\u00e4rdiktatur gedacht wird. Deshalb sieht man zurzeit auch besonders viele Margariten, denen ein Bl\u00fctenblatt fehlt, auf H\u00e4usern, Stra\u00dfen und Spruchb\u00e4ndern abgebildet. Die Margarite ist ein Symbol f\u00fcr diejenigen, die immer noch fehlen und deren Verschwinden nicht aufgekl\u00e4rt wurde.<\/span><\/p>\n<p>&nbsp;<\/p>\n<figure id=\"attachment_247\" aria-describedby=\"caption-attachment-247\" style=\"width: 1024px\" class=\"wp-caption alignnone\"><a href=\"https:\/\/kulturweit.blog\/aufdersuchenachdenbuntenvoegeln\/files\/2024\/05\/DSC02174-min.jpg\"><img loading=\"lazy\" decoding=\"async\" class=\"size-full wp-image-247\" src=\"https:\/\/kulturweit.blog\/aufdersuchenachdenbuntenvoegeln\/files\/2024\/05\/DSC02174-min.jpg\" alt=\"\" width=\"1024\" height=\"683\" srcset=\"https:\/\/kulturweit.blog\/aufdersuchenachdenbuntenvoegeln\/files\/2024\/05\/DSC02174-min.jpg 1024w, https:\/\/kulturweit.blog\/aufdersuchenachdenbuntenvoegeln\/files\/2024\/05\/DSC02174-min-300x200.jpg 300w, https:\/\/kulturweit.blog\/aufdersuchenachdenbuntenvoegeln\/files\/2024\/05\/DSC02174-min-768x512.jpg 768w\" sizes=\"(max-width: 1024px) 100vw, 1024px\" \/><\/a><figcaption id=\"caption-attachment-247\" class=\"wp-caption-text\">D\u00f3nde est\u00e1n? und Margarite vor dem Universit\u00e4tsgeb\u00e4ude<\/figcaption><\/figure>\n<p><span style=\"font-weight: 400\">Jedes Jahr am 20. Mai findet ein Schweigemarsch zum Gedenken an die Opfer, aber auch, um mehr Aufkl\u00e4rung zu fordern, statt. Zigtausende Menschen liefen auch dieses Jahr die Avenida 18 de Julio, eine der zentralen Stra\u00dfen Montevideos, entlang und hielten Schilder mit Bildern der Verschwundenen, aber auch mit Spr\u00fcchen wie \u201cD\u00f3nde est\u00e1n?\u201d (<\/span><i><span style=\"font-weight: 400\">= Wo sind sie?<\/span><\/i><span style=\"font-weight: 400\">). Nat\u00fcrlich verl\u00e4uft der Marsch nicht in vollkommenem Schweigen, daf\u00fcr sind es zu viele Menschen, aber es ist so ruhig, wie eine solche Menschenmasse sein kann. Es brabbelt mal ein Kind, ein Handy klingelt oder jemand schl\u00fcrft seinen Mate, aber wenn man die Augen schlie\u00dft, w\u00fcrde man nicht vermuten, dass man in einer riesigen Menschenmenge steht.\u00a0<\/span><\/p>\n<figure id=\"attachment_246\" aria-describedby=\"caption-attachment-246\" style=\"width: 1024px\" class=\"wp-caption alignnone\"><a href=\"https:\/\/kulturweit.blog\/aufdersuchenachdenbuntenvoegeln\/files\/2024\/05\/DSC02185-min.jpg\"><img loading=\"lazy\" decoding=\"async\" class=\"size-full wp-image-246\" src=\"https:\/\/kulturweit.blog\/aufdersuchenachdenbuntenvoegeln\/files\/2024\/05\/DSC02185-min.jpg\" alt=\"\" width=\"1024\" height=\"683\" srcset=\"https:\/\/kulturweit.blog\/aufdersuchenachdenbuntenvoegeln\/files\/2024\/05\/DSC02185-min.jpg 1024w, https:\/\/kulturweit.blog\/aufdersuchenachdenbuntenvoegeln\/files\/2024\/05\/DSC02185-min-300x200.jpg 300w, https:\/\/kulturweit.blog\/aufdersuchenachdenbuntenvoegeln\/files\/2024\/05\/DSC02185-min-768x512.jpg 768w\" sizes=\"(max-width: 1024px) 100vw, 1024px\" \/><\/a><figcaption id=\"caption-attachment-246\" class=\"wp-caption-text\">Schweigemarsch-Teilnehmer:innen mit Bildern der Verschwundenen<\/figcaption><\/figure>\n<p><span style=\"font-weight: 400\">Gegen Ende des Marsches werden die Namen der Verschwunden vorgelesen und die Masse antwortet nach jedem Namen mit \u201cPresente\u201d (<\/span><i><span style=\"font-weight: 400\">= anwesend<\/span><\/i><span style=\"font-weight: 400\">). Zum Abschluss ert\u00f6nt die Nationalhymne und dann l\u00f6st sich der Marsch auf, es wird wieder laut und die Menschen finden in Geselligkeit zusammen, treffen vielleicht Bekannte und verschwinden, wie auch wir, in den Gassen.<\/span><\/p>\n<p><span style=\"font-weight: 400\">Ich fand diesen Schweigemarsch sehr eindr\u00fccklich anzusehen, besonders da wir keine Woche zuvor bei der pro-pal\u00e4stinensischen Kundgebung dabei waren, die zwar auch sehr geordnet ablief, aber sehr viel lebendiger und lauter war. W\u00e4hrend bei dieser Demonstration lautstark f\u00fcr einen Waffenstillstand proklamiert und gesungen wurde, hing \u00fcber der Veranstaltung am 20. Mai eine andere Art von Schwere und Introspektion.<\/span><\/p>\n<figure id=\"attachment_245\" aria-describedby=\"caption-attachment-245\" style=\"width: 1024px\" class=\"wp-caption alignnone\"><a href=\"https:\/\/kulturweit.blog\/aufdersuchenachdenbuntenvoegeln\/files\/2024\/05\/DSC02144-min.jpg\"><img loading=\"lazy\" decoding=\"async\" class=\"size-full wp-image-245\" src=\"https:\/\/kulturweit.blog\/aufdersuchenachdenbuntenvoegeln\/files\/2024\/05\/DSC02144-min.jpg\" alt=\"\" width=\"1024\" height=\"683\" srcset=\"https:\/\/kulturweit.blog\/aufdersuchenachdenbuntenvoegeln\/files\/2024\/05\/DSC02144-min.jpg 1024w, https:\/\/kulturweit.blog\/aufdersuchenachdenbuntenvoegeln\/files\/2024\/05\/DSC02144-min-300x200.jpg 300w, https:\/\/kulturweit.blog\/aufdersuchenachdenbuntenvoegeln\/files\/2024\/05\/DSC02144-min-768x512.jpg 768w\" sizes=\"(max-width: 1024px) 100vw, 1024px\" \/><\/a><figcaption id=\"caption-attachment-245\" class=\"wp-caption-text\">Ein Eindruck von der pro-pal\u00e4stinensischen Demo<\/figcaption><\/figure>\n<p><span style=\"font-weight: 400\">Aber auch die pro-pal\u00e4stinensische Demonstration wurde in den Kontext des Mes de la Memoria eingeordnet. W\u00e4hrend der Kundgebung am Ende wurden n\u00e4mlich nicht nur Gedichte pal\u00e4stinensischer Autor:innen (in spanischer \u00dcbersetzung) vorgetragen, es sprach auch ein Vertreter von Serpaj*, der betonte, dass der Mes de la Memoria nicht nur die Erinnerung an das Unrecht der Milit\u00e4rdiktatur beinhaltet, sondern auch die Pflicht, gegenw\u00e4rtiges und zuk\u00fcnftiges Unrecht, wie es der Zivilbev\u00f6lkerung in Gaza gegen\u00fcber geschieht, nicht hinzunehmen.<\/span><\/p>\n<p>&nbsp;<\/p>\n<p><span style=\"font-weight: 400\">*Servicio Paz y Justicia (<\/span><i><span style=\"font-weight: 400\">= Frieden- und Gerechtigkeitsdienst<\/span><\/i><span style=\"font-weight: 400\">); setzen sich f\u00fcr die Aufarbeitung der Milit\u00e4rdiktaturen in Lateinamerika und politische Gefangene aus dieser Zeit ein<\/span><\/p>\n","protected":false},"excerpt":{"rendered":"<p>Der Mai ist in Uruguay der Mes de la Memoria (= Erinnerungsmonat), w\u00e4hrenddessen der Opfer der Milit\u00e4rdiktatur gedacht wird. Deshalb sieht man zurzeit auch besonders viele Margariten, denen ein Bl\u00fctenblatt fehlt, auf H\u00e4usern, Stra\u00dfen und Spruchb\u00e4ndern abgebildet. Die Margarite ist ein Symbol f\u00fcr diejenigen, die immer noch fehlen und deren Verschwinden nicht aufgekl\u00e4rt wurde. &nbsp; &hellip; <a href=\"https:\/\/kulturweit.blog\/aufdersuchenachdenbuntenvoegeln\/2024\/05\/25\/mayo-mes-de-la-memoria\/\" class=\"more-link\"><span class=\"screen-reader-text\">Mayo, Mes de la Memoria<\/span> weiterlesen<\/a><\/p>\n","protected":false},"author":3232,"featured_media":247,"comment_status":"open","ping_status":"open","sticky":false,"template":"","format":"standard","meta":{"footnotes":""},"categories":[1],"tags":[],"class_list":["post-244","post","type-post","status-publish","format-standard","has-post-thumbnail","hentry","category-allgemein"],"amp_enabled":true,"_links":{"self":[{"href":"https:\/\/kulturweit.blog\/aufdersuchenachdenbuntenvoegeln\/wp-json\/wp\/v2\/posts\/244"}],"collection":[{"href":"https:\/\/kulturweit.blog\/aufdersuchenachdenbuntenvoegeln\/wp-json\/wp\/v2\/posts"}],"about":[{"href":"https:\/\/kulturweit.blog\/aufdersuchenachdenbuntenvoegeln\/wp-json\/wp\/v2\/types\/post"}],"author":[{"embeddable":true,"href":"https:\/\/kulturweit.blog\/aufdersuchenachdenbuntenvoegeln\/wp-json\/wp\/v2\/users\/3232"}],"replies":[{"embeddable":true,"href":"https:\/\/kulturweit.blog\/aufdersuchenachdenbuntenvoegeln\/wp-json\/wp\/v2\/comments?post=244"}],"version-history":[{"count":2,"href":"https:\/\/kulturweit.blog\/aufdersuchenachdenbuntenvoegeln\/wp-json\/wp\/v2\/posts\/244\/revisions"}],"predecessor-version":[{"id":249,"href":"https:\/\/kulturweit.blog\/aufdersuchenachdenbuntenvoegeln\/wp-json\/wp\/v2\/posts\/244\/revisions\/249"}],"wp:featuredmedia":[{"embeddable":true,"href":"https:\/\/kulturweit.blog\/aufdersuchenachdenbuntenvoegeln\/wp-json\/wp\/v2\/media\/247"}],"wp:attachment":[{"href":"https:\/\/kulturweit.blog\/aufdersuchenachdenbuntenvoegeln\/wp-json\/wp\/v2\/media?parent=244"}],"wp:term":[{"taxonomy":"category","embeddable":true,"href":"https:\/\/kulturweit.blog\/aufdersuchenachdenbuntenvoegeln\/wp-json\/wp\/v2\/categories?post=244"},{"taxonomy":"post_tag","embeddable":true,"href":"https:\/\/kulturweit.blog\/aufdersuchenachdenbuntenvoegeln\/wp-json\/wp\/v2\/tags?post=244"}],"curies":[{"name":"wp","href":"https:\/\/api.w.org\/{rel}","templated":true}]}}