{"id":229,"date":"2024-05-13T20:58:13","date_gmt":"2024-05-13T18:58:13","guid":{"rendered":"https:\/\/kulturweit.blog\/aufdersuchenachdenbuntenvoegeln\/?p=229"},"modified":"2024-05-13T20:58:13","modified_gmt":"2024-05-13T18:58:13","slug":"trinidad-nicht-tobago","status":"publish","type":"post","link":"https:\/\/kulturweit.blog\/aufdersuchenachdenbuntenvoegeln\/2024\/05\/13\/trinidad-nicht-tobago\/","title":{"rendered":"Trinidad, nicht Tobago"},"content":{"rendered":"<p>Kaum in unsere neue Wohnung eingezogen (in der wir innerhalb von f\u00fcnf Tagen schon zwei G\u00e4ste beherbergen mussten\/ durften), werden wir auch schon auf unsere erste Gesch\u00e4ftsreise geschickt: Es geht nach Trinidad, Flores, zu Chris und J\u00e9r\u00e9my.<\/p>\n<p>Doch zun\u00e4chst ein paar Worte zu Montevideo und der Nationalkommission der UNESCO. Wir arbeiten hier im Geb\u00e4ude des Bildungsministeriums in einem Gro\u00dfraumbureau mit denjenigen, die sich um Internationale Kooperation im Ministerium k\u00fcmmern, unter Carmen, unserer Ansprechperson, bei sehr vertr\u00e4glichen Arbeitszeiten, denn unser Tag beginnt erst um die Mittagszeit. Unsere erste gro\u00dfe Aufgabe hier war es, alle UNESCO-Projektschulen des Landes anzutelefonieren und einige Daten abzufragen und in unserer Liste zu aktualisieren. Wir ben\u00f6tigten zwar nur eine Telefonnummer, eine Email-Adresse und den Namen der Direktoren-Person, aber es kam\u00a0 nicht nur einmal vor, dass die Person am anderen Ende des Apparat an diesen wenigen Informationen scheiterte. Gerade der Nachname der Schulleitung stellte eine Herausforderung da, denn zum Teil mussten sie nachfragen, wie er denn \u00fcberhaupt lautete. Wir hatten auch unsere Schwierigkeiten, einige der komplizierteren Namen korrekt zu schreiben, denn ein Buchstabiergesuch stie\u00df manchmal auf Unverst\u00e4ndnis oder m\u00e4ssig n\u00fctzliche Antworten wie \u201cmit y\u201d oder \u201cmit Doppel-l\u201d, ohne aber klar zu machen, wo genau im Wort sich diese Buchstaben befinden sollen.<\/p>\n<p>Als wir etwa die H\u00e4lfte der Schulen antelefoniert hatten, wurden wir in Carmens Bureau beordert, denn sie hatte einen Auftrag f\u00fcr uns: Wir sollten Dienstboten spielen, denn in der n\u00e4chsten Woche w\u00fcrde in Trinidad eine Veranstaltung stattfinden, bei der \u201cRutas UNESCO\u201d-Plaketten feierlich aufgehangen w\u00fcrden, und wir sollten diese als Vorhut am Dienstag dorthin bringen, w\u00e4hrend Carmen und Marcello, unser zweiter Chef, tags darauf zur Veranstaltung nachkommen w\u00fcrden.<\/p>\n<p>Da wir sowieso noch nach Trinidad wollten, schlugen wir eine bezahlte Reise nat\u00fcrlich nicht aus. Ung\u00fcnstig war nur, dass Emily sich f\u00fcr ebendiese Woche aus Rivera angek\u00fcndigt hatte, die nun prompt alleine auf unsere Wohnung aufpassen durfte.<\/p>\n<p>Fr\u00fch morgens (n\u00e4mlich um 6:30 Uhr) nahmen wir den Bus nach Trinidad und zwangen mit unserer fr\u00fchen Ankunft die beiden Trinidader zu einem normalen, f\u00fcr sie jedoch fr\u00fchen Aufstehen. Gemeinsam gingen wir ins Tourismusbureau, wo ihre Einsatzstelle angegliedert ist und lernten den bunten Haufen an Kolleg:innen kennen, von denen wir schon viel geh\u00f6rt hatten. Wir \u00fcbergaben selbstverst\u00e4ndlich auch unsere Boteng\u00fcter, der Grund unseres Kommens, konnten aber sonst nicht mehr allzu viel helfen.<\/p>\n<p>Am Nachmittag fuhr uns Andr\u00e9s, ein \u00e4lterer Kollege der beiden, in seinem klapprigen Uralt-Ford hinaus auf sein Landst\u00fcck, wo er einige Pferde, K\u00fche und Schafe h\u00e4lt.<\/p>\n<figure id=\"attachment_239\" aria-describedby=\"caption-attachment-239\" style=\"width: 683px\" class=\"wp-caption alignnone\"><a href=\"https:\/\/kulturweit.blog\/aufdersuchenachdenbuntenvoegeln\/files\/2024\/05\/DSC01993-min.jpg\"><img loading=\"lazy\" decoding=\"async\" class=\"size-full wp-image-239\" src=\"https:\/\/kulturweit.blog\/aufdersuchenachdenbuntenvoegeln\/files\/2024\/05\/DSC01993-min.jpg\" alt=\"\" width=\"683\" height=\"1024\" srcset=\"https:\/\/kulturweit.blog\/aufdersuchenachdenbuntenvoegeln\/files\/2024\/05\/DSC01993-min.jpg 683w, https:\/\/kulturweit.blog\/aufdersuchenachdenbuntenvoegeln\/files\/2024\/05\/DSC01993-min-300x450.jpg 300w\" sizes=\"(max-width: 683px) 100vw, 683px\" \/><\/a><figcaption id=\"caption-attachment-239\" class=\"wp-caption-text\">Andr\u00e9s&#8216; alter Ford<\/figcaption><\/figure>\n<figure id=\"attachment_233\" aria-describedby=\"caption-attachment-233\" style=\"width: 1024px\" class=\"wp-caption alignnone\"><a href=\"https:\/\/kulturweit.blog\/aufdersuchenachdenbuntenvoegeln\/files\/2024\/05\/DSC02019-min.jpg\"><img loading=\"lazy\" decoding=\"async\" class=\"size-full wp-image-233\" src=\"https:\/\/kulturweit.blog\/aufdersuchenachdenbuntenvoegeln\/files\/2024\/05\/DSC02019-min.jpg\" alt=\"\" width=\"1024\" height=\"683\" srcset=\"https:\/\/kulturweit.blog\/aufdersuchenachdenbuntenvoegeln\/files\/2024\/05\/DSC02019-min.jpg 1024w, https:\/\/kulturweit.blog\/aufdersuchenachdenbuntenvoegeln\/files\/2024\/05\/DSC02019-min-300x200.jpg 300w, https:\/\/kulturweit.blog\/aufdersuchenachdenbuntenvoegeln\/files\/2024\/05\/DSC02019-min-768x512.jpg 768w\" sizes=\"(max-width: 1024px) 100vw, 1024px\" \/><\/a><figcaption id=\"caption-attachment-233\" class=\"wp-caption-text\">Ich auf Andr\u00e9s&#8216; Land (J\u00e9r\u00e9my war in Besitz meiner Kamera)<\/figcaption><\/figure>\n<p>W\u00e4hrend Kenza und ich uns Pizzen geholt hatten, setzten J\u00e9r\u00e9my und Chris auf Chorizos, die sie in ihrem Kamin grillten; ein Spa\u00df, der sich bis sp\u00e4t in die Nacht zog, denn bis das Feuer herabgebrannt und die W\u00fcrste durch waren, verging einiges an Zeit.<\/p>\n<p>Sp\u00e4t am n\u00e4chsten Morgen ging es f\u00fcr uns vier zu den Grutas del Palacio, den Palastgrotten, der Hauptattraktion des gleichnamigen Geoparks, der die kulturweit-Stelle beherbergt. Diese Sandsteinformation, deren Entstehung nicht endg\u00fcltig gekl\u00e4rt ist, war eine der letzten<br \/>\nSehensw\u00fcrdigkeiten, die noch auf meiner Uruguay-Liste stand; leider standen sie aber weitgehend unter Wasser und \u00fcberall schwirrten Moskitos umher \u2013 sehenswert waren sie dennoch.<\/p>\n<div id='gallery-1' class='gallery galleryid-229 gallery-columns-1 gallery-size-full'><figure class='gallery-item'>\n\t\t\t<div class='gallery-icon landscape'>\n\t\t\t\t<a href='https:\/\/kulturweit.blog\/aufdersuchenachdenbuntenvoegeln\/2024\/05\/13\/trinidad-nicht-tobago\/dsc02045-min\/'><img loading=\"lazy\" decoding=\"async\" width=\"1024\" height=\"683\" src=\"https:\/\/kulturweit.blog\/aufdersuchenachdenbuntenvoegeln\/files\/2024\/05\/DSC02045-min.jpg\" class=\"attachment-full size-full\" alt=\"\" aria-describedby=\"gallery-1-234\" srcset=\"https:\/\/kulturweit.blog\/aufdersuchenachdenbuntenvoegeln\/files\/2024\/05\/DSC02045-min.jpg 1024w, https:\/\/kulturweit.blog\/aufdersuchenachdenbuntenvoegeln\/files\/2024\/05\/DSC02045-min-300x200.jpg 300w, https:\/\/kulturweit.blog\/aufdersuchenachdenbuntenvoegeln\/files\/2024\/05\/DSC02045-min-768x512.jpg 768w\" sizes=\"(max-width: 1024px) 100vw, 1024px\" \/><\/a>\n\t\t\t<\/div>\n\t\t\t\t<figcaption class='wp-caption-text gallery-caption' id='gallery-1-234'>\n\t\t\t\tDie Palastgrotten (au\u00dfen)\n\t\t\t\t<\/figcaption><\/figure><figure class='gallery-item'>\n\t\t\t<div class='gallery-icon portrait'>\n\t\t\t\t<a href='https:\/\/kulturweit.blog\/aufdersuchenachdenbuntenvoegeln\/2024\/05\/13\/trinidad-nicht-tobago\/dsc02054-min\/'><img loading=\"lazy\" decoding=\"async\" width=\"683\" height=\"1024\" src=\"https:\/\/kulturweit.blog\/aufdersuchenachdenbuntenvoegeln\/files\/2024\/05\/DSC02054-min.jpg\" class=\"attachment-full size-full\" alt=\"\" aria-describedby=\"gallery-1-236\" srcset=\"https:\/\/kulturweit.blog\/aufdersuchenachdenbuntenvoegeln\/files\/2024\/05\/DSC02054-min.jpg 683w, https:\/\/kulturweit.blog\/aufdersuchenachdenbuntenvoegeln\/files\/2024\/05\/DSC02054-min-300x450.jpg 300w\" sizes=\"(max-width: 683px) 100vw, 683px\" \/><\/a>\n\t\t\t<\/div>\n\t\t\t\t<figcaption class='wp-caption-text gallery-caption' id='gallery-1-236'>\n\t\t\t\tDie Palastgrotten (innen)\n\t\t\t\t<\/figcaption><\/figure><figure class='gallery-item'>\n\t\t\t<div class='gallery-icon landscape'>\n\t\t\t\t<a href='https:\/\/kulturweit.blog\/aufdersuchenachdenbuntenvoegeln\/2024\/05\/13\/trinidad-nicht-tobago\/dsc02052-min\/'><img loading=\"lazy\" decoding=\"async\" width=\"1024\" height=\"683\" src=\"https:\/\/kulturweit.blog\/aufdersuchenachdenbuntenvoegeln\/files\/2024\/05\/DSC02052-min.jpg\" class=\"attachment-full size-full\" alt=\"\" aria-describedby=\"gallery-1-235\" srcset=\"https:\/\/kulturweit.blog\/aufdersuchenachdenbuntenvoegeln\/files\/2024\/05\/DSC02052-min.jpg 1024w, https:\/\/kulturweit.blog\/aufdersuchenachdenbuntenvoegeln\/files\/2024\/05\/DSC02052-min-300x200.jpg 300w, https:\/\/kulturweit.blog\/aufdersuchenachdenbuntenvoegeln\/files\/2024\/05\/DSC02052-min-768x512.jpg 768w\" sizes=\"(max-width: 1024px) 100vw, 1024px\" \/><\/a>\n\t\t\t<\/div>\n\t\t\t\t<figcaption class='wp-caption-text gallery-caption' id='gallery-1-235'>\n\t\t\t\tKenza und ich vor den Grotten\n\t\t\t\t<\/figcaption><\/figure>\n\t\t<\/div>\n\n<p>Am Nachmittag fand im Besucherzentrum der Grutas ein Treffen der Tourismus-Minister:innen der verschiedenen Departamentos statt, das sich bis in den Abend zog. Wir Freiwillige machten Fotos, blieben dann aber in der zweiten H\u00e4lfte der Veranstaltung drau\u00dfen, au\u00dferhalb des Konferenzraumes, denn wir waren doch eher \u00fcberfl\u00fcssig und\u00a0Kenza und ich warteten zudem noch auf unsere Chefs, die heute aus Montevideo anreisen sollten. Am sp\u00e4ten Nachmittag kamen sie dann auch und zum Ende des Treffens konnte feierlich die erste der Plaketten eingeweiht werden, die ab jetzt \u00fcberall im Land die UNESCO-St\u00e4tten kennzeichnen sollen.<\/p>\n<figure id=\"attachment_237\" aria-describedby=\"caption-attachment-237\" style=\"width: 1024px\" class=\"wp-caption alignnone\"><a href=\"https:\/\/kulturweit.blog\/aufdersuchenachdenbuntenvoegeln\/files\/2024\/05\/DSC02070-min.jpg\"><img loading=\"lazy\" decoding=\"async\" class=\"size-full wp-image-237\" src=\"https:\/\/kulturweit.blog\/aufdersuchenachdenbuntenvoegeln\/files\/2024\/05\/DSC02070-min.jpg\" alt=\"\" width=\"1024\" height=\"683\" srcset=\"https:\/\/kulturweit.blog\/aufdersuchenachdenbuntenvoegeln\/files\/2024\/05\/DSC02070-min.jpg 1024w, https:\/\/kulturweit.blog\/aufdersuchenachdenbuntenvoegeln\/files\/2024\/05\/DSC02070-min-300x200.jpg 300w, https:\/\/kulturweit.blog\/aufdersuchenachdenbuntenvoegeln\/files\/2024\/05\/DSC02070-min-768x512.jpg 768w\" sizes=\"(max-width: 1024px) 100vw, 1024px\" \/><\/a><figcaption id=\"caption-attachment-237\" class=\"wp-caption-text\">Einweihung der Plakette<\/figcaption><\/figure>\n<p>Wir halfen beim Abbau und wurden dann zur\u00fcck nach Trinidad gefahren. Das Spiel des ersten Abends wiederholte sich auch an diesem zweiten, denn w\u00e4hrend Kenza und ich uns etwas zu Essen holten, bereiteten die anderen beiden wieder ihr Kamin-Asado zu, heute aber mit Churrasco, also Fleischst\u00fccken, anstelle von W\u00fcrsten.<\/p>\n<figure id=\"attachment_240\" aria-describedby=\"caption-attachment-240\" style=\"width: 1024px\" class=\"wp-caption alignnone\"><a href=\"https:\/\/kulturweit.blog\/aufdersuchenachdenbuntenvoegeln\/files\/2024\/05\/DSC02075-min.jpg\"><img loading=\"lazy\" decoding=\"async\" class=\"size-full wp-image-240\" src=\"https:\/\/kulturweit.blog\/aufdersuchenachdenbuntenvoegeln\/files\/2024\/05\/DSC02075-min.jpg\" alt=\"\" width=\"1024\" height=\"683\" srcset=\"https:\/\/kulturweit.blog\/aufdersuchenachdenbuntenvoegeln\/files\/2024\/05\/DSC02075-min.jpg 1024w, https:\/\/kulturweit.blog\/aufdersuchenachdenbuntenvoegeln\/files\/2024\/05\/DSC02075-min-300x200.jpg 300w, https:\/\/kulturweit.blog\/aufdersuchenachdenbuntenvoegeln\/files\/2024\/05\/DSC02075-min-768x512.jpg 768w\" sizes=\"(max-width: 1024px) 100vw, 1024px\" \/><\/a><figcaption id=\"caption-attachment-240\" class=\"wp-caption-text\">Chris und J\u00e9r\u00e9my beim Kamin-Asado<\/figcaption><\/figure>\n<p>Donnerstag war der l\u00e4ngste Tag, denn wir hatten schon um kurz nach Acht am Sala Larra\u00f1aga, dem Veranstaltungszentrum Trinidads, zu sein. Wir wohnten den Tag \u00fcber einem Geotourismus-Treffen bei, w\u00e4hrend dem verschiedene Gespr\u00e4che auf der B\u00fchne stattfanden. Verschiedene Geoparks des iberoamerikanischen Raumes (da zum Gro\u00dfteil digital leider in bem\u00e4ngelnswerter Qualit\u00e4t) stellten sich vor, drei Projekte f\u00fcr zuk\u00fcnftige Geoparks in Uruguay pr\u00e4sentierten sich und der bestehende Geopark \u201eGrutas del Palacio\u201c gab einen Abriss seines Werdegangs. Die Frage, wie und ob man UNESCO als Marke und Werbung nutzen kann, wurde auch ausf\u00fchrlich besprochen.<\/p>\n<p>Am Abend ging es f\u00fcr uns wieder zur\u00fcck nach Montevideo, denn obwohl freitags noch Veranstaltungen stattgefunden h\u00e4tten, hatten wir am n\u00e4chsten Morgen bereits seit l\u00e4ngerem einen Termin mit dem deutschen Botschafter.<\/p>\n<p>Dementsprechend ging es dann nach einer recht kurzen Nacht zusammen mit Emily (die unsere Wohnung in unserer Absenz gut geh\u00fctet hatte) um 9:30 Uhr zur Botschaft, wo neben uns Kulturweitlern (Maren und ihre Gastschwester waren auch dabei), auch noch zwei Praktikanten der Deutschen Schule und eine Praktikantin des DAADs unter dem freundlichen Blick des Portraits des Bundespr\u00e4sidenten ein Gespr\u00e4ch mit dem Botschafter Eugen Wollfarth f\u00fchrten, bei dem er von seinen T\u00e4tigkeiten in Uruguay und seinem Werdegang im Auslandsdienst erz\u00e4hlte, er sich aber auch nach unseren Eindr\u00fccken von Uruguay erkundete und wir die M\u00f6glichkeit hatten, Fragen zu stellen.<\/p>\n<p>(Nein, leider befindet sich nicht in jedem Raum der Botschaft ein Portrait von Frank-Walter Steinmeier, nur im Foyer\/ Empfangssaal, im Versammlungsraum und im Bureau des Botschafters.)<\/p>\n","protected":false},"excerpt":{"rendered":"<p>Kaum in unsere neue Wohnung eingezogen (in der wir innerhalb von f\u00fcnf Tagen schon zwei G\u00e4ste beherbergen mussten\/ durften), werden wir auch schon auf unsere erste Gesch\u00e4ftsreise geschickt: Es geht nach Trinidad, Flores, zu Chris und J\u00e9r\u00e9my. Doch zun\u00e4chst ein paar Worte zu Montevideo und der Nationalkommission der UNESCO. Wir arbeiten hier im Geb\u00e4ude des &hellip; <a href=\"https:\/\/kulturweit.blog\/aufdersuchenachdenbuntenvoegeln\/2024\/05\/13\/trinidad-nicht-tobago\/\" class=\"more-link\"><span class=\"screen-reader-text\">Trinidad, nicht Tobago<\/span> weiterlesen<\/a><\/p>\n","protected":false},"author":3232,"featured_media":234,"comment_status":"open","ping_status":"open","sticky":false,"template":"","format":"standard","meta":{"footnotes":""},"categories":[1],"tags":[],"class_list":["post-229","post","type-post","status-publish","format-standard","has-post-thumbnail","hentry","category-allgemein"],"amp_enabled":true,"_links":{"self":[{"href":"https:\/\/kulturweit.blog\/aufdersuchenachdenbuntenvoegeln\/wp-json\/wp\/v2\/posts\/229"}],"collection":[{"href":"https:\/\/kulturweit.blog\/aufdersuchenachdenbuntenvoegeln\/wp-json\/wp\/v2\/posts"}],"about":[{"href":"https:\/\/kulturweit.blog\/aufdersuchenachdenbuntenvoegeln\/wp-json\/wp\/v2\/types\/post"}],"author":[{"embeddable":true,"href":"https:\/\/kulturweit.blog\/aufdersuchenachdenbuntenvoegeln\/wp-json\/wp\/v2\/users\/3232"}],"replies":[{"embeddable":true,"href":"https:\/\/kulturweit.blog\/aufdersuchenachdenbuntenvoegeln\/wp-json\/wp\/v2\/comments?post=229"}],"version-history":[{"count":3,"href":"https:\/\/kulturweit.blog\/aufdersuchenachdenbuntenvoegeln\/wp-json\/wp\/v2\/posts\/229\/revisions"}],"predecessor-version":[{"id":242,"href":"https:\/\/kulturweit.blog\/aufdersuchenachdenbuntenvoegeln\/wp-json\/wp\/v2\/posts\/229\/revisions\/242"}],"wp:featuredmedia":[{"embeddable":true,"href":"https:\/\/kulturweit.blog\/aufdersuchenachdenbuntenvoegeln\/wp-json\/wp\/v2\/media\/234"}],"wp:attachment":[{"href":"https:\/\/kulturweit.blog\/aufdersuchenachdenbuntenvoegeln\/wp-json\/wp\/v2\/media?parent=229"}],"wp:term":[{"taxonomy":"category","embeddable":true,"href":"https:\/\/kulturweit.blog\/aufdersuchenachdenbuntenvoegeln\/wp-json\/wp\/v2\/categories?post=229"},{"taxonomy":"post_tag","embeddable":true,"href":"https:\/\/kulturweit.blog\/aufdersuchenachdenbuntenvoegeln\/wp-json\/wp\/v2\/tags?post=229"}],"curies":[{"name":"wp","href":"https:\/\/api.w.org\/{rel}","templated":true}]}}