{"id":214,"date":"2024-04-25T02:50:31","date_gmt":"2024-04-25T00:50:31","guid":{"rendered":"https:\/\/kulturweit.blog\/aufdersuchenachdenbuntenvoegeln\/?p=214"},"modified":"2024-04-25T02:50:31","modified_gmt":"2024-04-25T00:50:31","slug":"auf-schotterstrassen-durch-uruguay-brettern","status":"publish","type":"post","link":"https:\/\/kulturweit.blog\/aufdersuchenachdenbuntenvoegeln\/2024\/04\/25\/auf-schotterstrassen-durch-uruguay-brettern\/","title":{"rendered":"Auf Schotterstra\u00dfen durch Uruguay brettern"},"content":{"rendered":"<p><span style=\"font-weight: 400\">Wie vor doch etwas l\u00e4ngerer Zeit angek\u00fcndigt, folgt nun endlich der Bericht \u00fcber den Besuch meiner Eltern \u2013 surreal, wie lange her es sich anf\u00fchlt, auch wenn es de facto nur etwas mehr als zwei Wochen sind.<\/span><\/p>\n<p><span style=\"font-weight: 400\">Meine Eltern landeten Ende M\u00e4rz in Montevideo und kamen dann \u00fcber Colonia del Sacramento nach Fray Bentos, wo wir ihnen selbstverst\u00e4ndlich das Museum und die besten Pl\u00e4tze zeigten und uns im Gegenzug von ihnen bekochen lie\u00dfen. In ihre Ferienwohnung w\u00e4ren wir auch gerne dauerhaft eingezogen, denn sie hatte zwei Zimmer, war sauber und zentral an der Rambla gelegen, sodass wir nicht mehr so lange zur Arbeit h\u00e4tten laufen m\u00fcssen \u2013 nun gut, solange sind wir nicht mehr in Fray Bentos.<\/span><\/p>\n<p><span style=\"font-weight: 400\">Von Fray Bentos aus fuhren meine Eltern und ich dann Richtung Norden, um uns die Quebradas del Norte mit ihren Wasserf\u00e4llen anzuschauen. Landschaftlich ist der Norden v\u00f6llig anders als der S\u00fcden, es gibt H\u00fcgel (!), die oben abgeflacht sind, und das Land ist noch d\u00fcnner besiedelt. Wir haben eine traumhaft sch\u00f6ne H\u00fctte auf einem H\u00fcgel inmitten von Weiden und am Morgen ziehen G\u00e4nse an meinem Fenster vorbei.\u00a0<\/span><\/p>\n<div id='gallery-1' class='gallery galleryid-214 gallery-columns-1 gallery-size-full'><figure class='gallery-item'>\n\t\t\t<div class='gallery-icon landscape'>\n\t\t\t\t<a href='https:\/\/kulturweit.blog\/aufdersuchenachdenbuntenvoegeln\/2024\/04\/25\/auf-schotterstrassen-durch-uruguay-brettern\/dsc01070-min\/'><img loading=\"lazy\" decoding=\"async\" width=\"1024\" height=\"683\" src=\"https:\/\/kulturweit.blog\/aufdersuchenachdenbuntenvoegeln\/files\/2024\/04\/DSC01070-min.jpg\" class=\"attachment-full size-full\" alt=\"\" aria-describedby=\"gallery-1-215\" srcset=\"https:\/\/kulturweit.blog\/aufdersuchenachdenbuntenvoegeln\/files\/2024\/04\/DSC01070-min.jpg 1024w, https:\/\/kulturweit.blog\/aufdersuchenachdenbuntenvoegeln\/files\/2024\/04\/DSC01070-min-300x200.jpg 300w, https:\/\/kulturweit.blog\/aufdersuchenachdenbuntenvoegeln\/files\/2024\/04\/DSC01070-min-768x512.jpg 768w\" sizes=\"(max-width: 1024px) 100vw, 1024px\" \/><\/a>\n\t\t\t<\/div>\n\t\t\t\t<figcaption class='wp-caption-text gallery-caption' id='gallery-1-215'>\n\t\t\t\tDie H\u00fctte auf der Weide\n\t\t\t\t<\/figcaption><\/figure><figure class='gallery-item'>\n\t\t\t<div class='gallery-icon landscape'>\n\t\t\t\t<a href='https:\/\/kulturweit.blog\/aufdersuchenachdenbuntenvoegeln\/2024\/04\/25\/auf-schotterstrassen-durch-uruguay-brettern\/dsc01152-min\/'><img loading=\"lazy\" decoding=\"async\" width=\"1024\" height=\"683\" src=\"https:\/\/kulturweit.blog\/aufdersuchenachdenbuntenvoegeln\/files\/2024\/04\/DSC01152-min.jpg\" class=\"attachment-full size-full\" alt=\"\" aria-describedby=\"gallery-1-216\" srcset=\"https:\/\/kulturweit.blog\/aufdersuchenachdenbuntenvoegeln\/files\/2024\/04\/DSC01152-min.jpg 1024w, https:\/\/kulturweit.blog\/aufdersuchenachdenbuntenvoegeln\/files\/2024\/04\/DSC01152-min-300x200.jpg 300w, https:\/\/kulturweit.blog\/aufdersuchenachdenbuntenvoegeln\/files\/2024\/04\/DSC01152-min-768x512.jpg 768w\" sizes=\"(max-width: 1024px) 100vw, 1024px\" \/><\/a>\n\t\t\t<\/div>\n\t\t\t\t<figcaption class='wp-caption-text gallery-caption' id='gallery-1-216'>\n\t\t\t\tBesagte G\u00e4nse\n\t\t\t\t<\/figcaption><\/figure><figure class='gallery-item'>\n\t\t\t<div class='gallery-icon landscape'>\n\t\t\t\t<a href='https:\/\/kulturweit.blog\/aufdersuchenachdenbuntenvoegeln\/2024\/04\/25\/auf-schotterstrassen-durch-uruguay-brettern\/dsc01222-min\/'><img loading=\"lazy\" decoding=\"async\" width=\"1024\" height=\"683\" src=\"https:\/\/kulturweit.blog\/aufdersuchenachdenbuntenvoegeln\/files\/2024\/04\/DSC01222-min.jpg\" class=\"attachment-full size-full\" alt=\"\" aria-describedby=\"gallery-1-217\" srcset=\"https:\/\/kulturweit.blog\/aufdersuchenachdenbuntenvoegeln\/files\/2024\/04\/DSC01222-min.jpg 1024w, https:\/\/kulturweit.blog\/aufdersuchenachdenbuntenvoegeln\/files\/2024\/04\/DSC01222-min-300x200.jpg 300w, https:\/\/kulturweit.blog\/aufdersuchenachdenbuntenvoegeln\/files\/2024\/04\/DSC01222-min-768x512.jpg 768w\" sizes=\"(max-width: 1024px) 100vw, 1024px\" \/><\/a>\n\t\t\t<\/div>\n\t\t\t\t<figcaption class='wp-caption-text gallery-caption' id='gallery-1-217'>\n\t\t\t\tWasserfall mit Teich\n\t\t\t\t<\/figcaption><\/figure>\n\t\t<\/div>\n\n<p><span style=\"font-weight: 400\">Das einzige Problem an diesem menschenarmen Norden ist seine Infrastruktur, denn des \u00d6fteren m\u00fcssen wir \u00fcber rote geschotterte Erdstra\u00dfen fahren, auf denen Steine und Staub das Fahrzeug umwirbeln und der Regen tiefe Furchen in die Oberfl\u00e4che gezogen hat.\u00a0<\/span><\/p>\n<p><span style=\"font-weight: 400\">Da das Land d\u00fcnn besiedelt ist, sieht man auch niemanden auf der Stra\u00dfe. Man kann stundenlang fahren, ohne dass einem ein Auto entgegenkommt \u2013 hier will man also auf gar keinen Fall einen Unfall haben.<\/span><\/p>\n<p><span style=\"font-weight: 400\">Auf unserer Fahrt sehen wir die Fu\u00dfstapfen von Dinosauriern, Nandus, die \u00fcber die Wiesen rennen, und nat\u00fcrlich K\u00fche zuhauf.<\/span><\/p>\n<p><span style=\"font-weight: 400\">Wir verbringen auch Zeit auf einer Estancia, wie der letzte Artikel schon erw\u00e4hnte. Die Estancia Los Platanos ist eine touristische Estancia mit zwei Doppel- und einem Familienzimmern, einem \u00fcberdachten Pool und einem urig eingerichteten Wohnzimmer bzw. Aufenthaltsraum. Das Geb\u00e4ude befindet sich seit acht Generationen im Besitz der Familie. Neben Cabalgatas, also Ausritten, kann man hier auch gef\u00fchrte Wanderungen machen, wobei meine Mutter und ich viel \u00fcber die verschiedenen Mikroklimata auf den Weiden lernten, die je nach N\u00e4he zum Bachlauf und weiteren Faktoren das Wachstum unterschiedlichster Pflanzen beg\u00fcnstigen. Hier k\u00f6nnen im Schutz dichter \u00c4ste bachnah auch Farne wachsen, was in Uruguay nicht allzu h\u00e4ufig vorkommt \u2013 in Deutschland m\u00fcsste ich nur ein paar Schritte tun, um einen Farn zu sehen.<\/span><\/p>\n<div id='gallery-2' class='gallery galleryid-214 gallery-columns-1 gallery-size-full'><figure class='gallery-item'>\n\t\t\t<div class='gallery-icon landscape'>\n\t\t\t\t<a href='https:\/\/kulturweit.blog\/aufdersuchenachdenbuntenvoegeln\/2024\/04\/25\/auf-schotterstrassen-durch-uruguay-brettern\/dsc01416-min\/'><img loading=\"lazy\" decoding=\"async\" width=\"1024\" height=\"683\" src=\"https:\/\/kulturweit.blog\/aufdersuchenachdenbuntenvoegeln\/files\/2024\/04\/DSC01416-min.jpg\" class=\"attachment-full size-full\" alt=\"\" aria-describedby=\"gallery-2-220\" srcset=\"https:\/\/kulturweit.blog\/aufdersuchenachdenbuntenvoegeln\/files\/2024\/04\/DSC01416-min.jpg 1024w, https:\/\/kulturweit.blog\/aufdersuchenachdenbuntenvoegeln\/files\/2024\/04\/DSC01416-min-300x200.jpg 300w, https:\/\/kulturweit.blog\/aufdersuchenachdenbuntenvoegeln\/files\/2024\/04\/DSC01416-min-768x512.jpg 768w\" sizes=\"(max-width: 1024px) 100vw, 1024px\" \/><\/a>\n\t\t\t<\/div>\n\t\t\t\t<figcaption class='wp-caption-text gallery-caption' id='gallery-2-220'>\n\t\t\t\tDer Bachlauf auf der Weide\n\t\t\t\t<\/figcaption><\/figure><figure class='gallery-item'>\n\t\t\t<div class='gallery-icon landscape'>\n\t\t\t\t<a href='https:\/\/kulturweit.blog\/aufdersuchenachdenbuntenvoegeln\/2024\/04\/25\/auf-schotterstrassen-durch-uruguay-brettern\/dsc01342-min\/'><img loading=\"lazy\" decoding=\"async\" width=\"1024\" height=\"683\" src=\"https:\/\/kulturweit.blog\/aufdersuchenachdenbuntenvoegeln\/files\/2024\/04\/DSC01342-min.jpg\" class=\"attachment-full size-full\" alt=\"\" aria-describedby=\"gallery-2-219\" srcset=\"https:\/\/kulturweit.blog\/aufdersuchenachdenbuntenvoegeln\/files\/2024\/04\/DSC01342-min.jpg 1024w, https:\/\/kulturweit.blog\/aufdersuchenachdenbuntenvoegeln\/files\/2024\/04\/DSC01342-min-300x200.jpg 300w, https:\/\/kulturweit.blog\/aufdersuchenachdenbuntenvoegeln\/files\/2024\/04\/DSC01342-min-768x512.jpg 768w\" sizes=\"(max-width: 1024px) 100vw, 1024px\" \/><\/a>\n\t\t\t<\/div>\n\t\t\t\t<figcaption class='wp-caption-text gallery-caption' id='gallery-2-219'>\n\t\t\t\tK\u00fche an der Tr\u00e4nke\n\n\t\t\t\t<\/figcaption><\/figure>\n\t\t<\/div>\n\n<p><span style=\"font-weight: 400\">Nat\u00fcrlich haben wir uns auch die K\u00fcste angeschaut: Der kleine Ort La Esmeralda, der im Sommer wohl voller Touristen sein mag, ist jetzt im Fr\u00fchherbst ausgestorben. Wir hatten den kilometerlangen wei\u00dfen Sandstrand fast f\u00fcr uns allein, nur einige K\u00fcstenv\u00f6gel (und tote Pinguine) haben uns Gesellschaft geleistet.\u00a0<\/span><\/p>\n<figure id=\"attachment_221\" aria-describedby=\"caption-attachment-221\" style=\"width: 1024px\" class=\"wp-caption alignnone\"><a href=\"https:\/\/kulturweit.blog\/aufdersuchenachdenbuntenvoegeln\/files\/2024\/04\/DSC01502-min.jpg\"><img loading=\"lazy\" decoding=\"async\" class=\"size-full wp-image-221\" src=\"https:\/\/kulturweit.blog\/aufdersuchenachdenbuntenvoegeln\/files\/2024\/04\/DSC01502-min.jpg\" alt=\"\" width=\"1024\" height=\"683\" srcset=\"https:\/\/kulturweit.blog\/aufdersuchenachdenbuntenvoegeln\/files\/2024\/04\/DSC01502-min.jpg 1024w, https:\/\/kulturweit.blog\/aufdersuchenachdenbuntenvoegeln\/files\/2024\/04\/DSC01502-min-300x200.jpg 300w, https:\/\/kulturweit.blog\/aufdersuchenachdenbuntenvoegeln\/files\/2024\/04\/DSC01502-min-768x512.jpg 768w\" sizes=\"(max-width: 1024px) 100vw, 1024px\" \/><\/a><figcaption id=\"caption-attachment-221\" class=\"wp-caption-text\">Die K\u00fcste bei La Esmeralda<\/figcaption><\/figure>\n<p><span style=\"font-weight: 400\">Hiernach war dann aber Schluss mit der Menschenarmut, denn unser n\u00e4chster Stopp war Punta del Este mit seinen Hochh\u00e4usern und Menschenmengen. Hier hatten wir eine kleine Caba\u00f1a auf einer Estancia, die vorwiegend aus Schrott (altes Holz, Metall etc.) aufgebaut war. Es gab auch einen kommunalen Garten, wo man Kr\u00e4uter und Gem\u00fcse ernten konnte, soweit es reif war.<\/span><\/p>\n<div id='gallery-3' class='gallery galleryid-214 gallery-columns-1 gallery-size-full'><figure class='gallery-item'>\n\t\t\t<div class='gallery-icon landscape'>\n\t\t\t\t<a href='https:\/\/kulturweit.blog\/aufdersuchenachdenbuntenvoegeln\/2024\/04\/25\/auf-schotterstrassen-durch-uruguay-brettern\/dsc01782-min\/'><img loading=\"lazy\" decoding=\"async\" width=\"1024\" height=\"683\" src=\"https:\/\/kulturweit.blog\/aufdersuchenachdenbuntenvoegeln\/files\/2024\/04\/DSC01782-min.jpg\" class=\"attachment-full size-full\" alt=\"\" aria-describedby=\"gallery-3-223\" srcset=\"https:\/\/kulturweit.blog\/aufdersuchenachdenbuntenvoegeln\/files\/2024\/04\/DSC01782-min.jpg 1024w, https:\/\/kulturweit.blog\/aufdersuchenachdenbuntenvoegeln\/files\/2024\/04\/DSC01782-min-300x200.jpg 300w, https:\/\/kulturweit.blog\/aufdersuchenachdenbuntenvoegeln\/files\/2024\/04\/DSC01782-min-768x512.jpg 768w\" sizes=\"(max-width: 1024px) 100vw, 1024px\" \/><\/a>\n\t\t\t<\/div>\n\t\t\t\t<figcaption class='wp-caption-text gallery-caption' id='gallery-3-223'>\n\t\t\t\tUnsere H\u00fctte mit Br\u00fccke\n\t\t\t\t<\/figcaption><\/figure><figure class='gallery-item'>\n\t\t\t<div class='gallery-icon landscape'>\n\t\t\t\t<a href='https:\/\/kulturweit.blog\/aufdersuchenachdenbuntenvoegeln\/2024\/04\/25\/auf-schotterstrassen-durch-uruguay-brettern\/dsc01771-min\/'><img loading=\"lazy\" decoding=\"async\" width=\"1024\" height=\"683\" src=\"https:\/\/kulturweit.blog\/aufdersuchenachdenbuntenvoegeln\/files\/2024\/04\/DSC01771-min.jpg\" class=\"attachment-full size-full\" alt=\"\" aria-describedby=\"gallery-3-222\" srcset=\"https:\/\/kulturweit.blog\/aufdersuchenachdenbuntenvoegeln\/files\/2024\/04\/DSC01771-min.jpg 1024w, https:\/\/kulturweit.blog\/aufdersuchenachdenbuntenvoegeln\/files\/2024\/04\/DSC01771-min-300x200.jpg 300w, https:\/\/kulturweit.blog\/aufdersuchenachdenbuntenvoegeln\/files\/2024\/04\/DSC01771-min-768x512.jpg 768w\" sizes=\"(max-width: 1024px) 100vw, 1024px\" \/><\/a>\n\t\t\t<\/div>\n\t\t\t\t<figcaption class='wp-caption-text gallery-caption' id='gallery-3-222'>\n\t\t\t\tDer kommunale Garten\n\t\t\t\t<\/figcaption><\/figure>\n\t\t<\/div>\n\n<p><span style=\"font-weight: 400\">Wir besichtigten dort in der N\u00e4he auch Casapueblo, das Haus und Atelier des uruguayischen K\u00fcnstlers Carlos P\u00e1ez Vilar\u00f3, das er selbst (mit anderen) gebaut oder eher geformt hat und was von ihm selbst als Statue zum darin wohnen bezeichnet wurde. Im Inneren sind Kunstwerke ausgestellt, das wahre Highlight ist aber wohl (gerade an sonnigen Tagen) der Blick auf den tiefblauen R\u00edo de la Plata.\u00a0<\/span><\/p>\n<figure id=\"attachment_224\" aria-describedby=\"caption-attachment-224\" style=\"width: 1024px\" class=\"wp-caption aligncenter\"><a href=\"https:\/\/kulturweit.blog\/aufdersuchenachdenbuntenvoegeln\/files\/2024\/04\/DSC01836-min.jpg\"><img loading=\"lazy\" decoding=\"async\" class=\"wp-image-224 size-full\" src=\"https:\/\/kulturweit.blog\/aufdersuchenachdenbuntenvoegeln\/files\/2024\/04\/DSC01836-min.jpg\" alt=\"\" width=\"1024\" height=\"683\" srcset=\"https:\/\/kulturweit.blog\/aufdersuchenachdenbuntenvoegeln\/files\/2024\/04\/DSC01836-min.jpg 1024w, https:\/\/kulturweit.blog\/aufdersuchenachdenbuntenvoegeln\/files\/2024\/04\/DSC01836-min-300x200.jpg 300w, https:\/\/kulturweit.blog\/aufdersuchenachdenbuntenvoegeln\/files\/2024\/04\/DSC01836-min-768x512.jpg 768w\" sizes=\"(max-width: 1024px) 100vw, 1024px\" \/><\/a><figcaption id=\"caption-attachment-224\" class=\"wp-caption-text\">Casapueblo<\/figcaption><\/figure>\n<p><span style=\"font-weight: 400\">Am Ende der gemeinsamen Reise ging es \u00fcber Atlantid\u00e1 mit Adlerkopf und Dieste-Kirche noch nach Montevideo, wo ich tags darauf von meinen Eltern Abschied nahm und wieder zur\u00fcck nach Fray Bentos fuhr.<\/span><\/p>\n<div id='gallery-4' class='gallery galleryid-214 gallery-columns-1 gallery-size-full'><figure class='gallery-item'>\n\t\t\t<div class='gallery-icon landscape'>\n\t\t\t\t<a href='https:\/\/kulturweit.blog\/aufdersuchenachdenbuntenvoegeln\/2024\/04\/25\/auf-schotterstrassen-durch-uruguay-brettern\/dsc01882-min\/'><img loading=\"lazy\" decoding=\"async\" width=\"1024\" height=\"683\" src=\"https:\/\/kulturweit.blog\/aufdersuchenachdenbuntenvoegeln\/files\/2024\/04\/DSC01882-min.jpg\" class=\"attachment-full size-full\" alt=\"\" aria-describedby=\"gallery-4-225\" srcset=\"https:\/\/kulturweit.blog\/aufdersuchenachdenbuntenvoegeln\/files\/2024\/04\/DSC01882-min.jpg 1024w, https:\/\/kulturweit.blog\/aufdersuchenachdenbuntenvoegeln\/files\/2024\/04\/DSC01882-min-300x200.jpg 300w, https:\/\/kulturweit.blog\/aufdersuchenachdenbuntenvoegeln\/files\/2024\/04\/DSC01882-min-768x512.jpg 768w\" sizes=\"(max-width: 1024px) 100vw, 1024px\" \/><\/a>\n\t\t\t<\/div>\n\t\t\t\t<figcaption class='wp-caption-text gallery-caption' id='gallery-4-225'>\n\t\t\t\tDie gewellten W\u00e4nde der Kirche von Atl\u00e1ntida\n\t\t\t\t<\/figcaption><\/figure><figure class='gallery-item'>\n\t\t\t<div class='gallery-icon landscape'>\n\t\t\t\t<a href='https:\/\/kulturweit.blog\/aufdersuchenachdenbuntenvoegeln\/2024\/04\/25\/auf-schotterstrassen-durch-uruguay-brettern\/dsc01886-min\/'><img loading=\"lazy\" decoding=\"async\" width=\"1024\" height=\"683\" src=\"https:\/\/kulturweit.blog\/aufdersuchenachdenbuntenvoegeln\/files\/2024\/04\/DSC01886-min.jpg\" class=\"attachment-full size-full\" alt=\"\" aria-describedby=\"gallery-4-226\" srcset=\"https:\/\/kulturweit.blog\/aufdersuchenachdenbuntenvoegeln\/files\/2024\/04\/DSC01886-min.jpg 1024w, https:\/\/kulturweit.blog\/aufdersuchenachdenbuntenvoegeln\/files\/2024\/04\/DSC01886-min-300x200.jpg 300w, https:\/\/kulturweit.blog\/aufdersuchenachdenbuntenvoegeln\/files\/2024\/04\/DSC01886-min-768x512.jpg 768w\" sizes=\"(max-width: 1024px) 100vw, 1024px\" \/><\/a>\n\t\t\t<\/div>\n\t\t\t\t<figcaption class='wp-caption-text gallery-caption' id='gallery-4-226'>\n\t\t\t\tDas Adlerkopf-Haus\n\t\t\t\t<\/figcaption><\/figure>\n\t\t<\/div>\n\n<p><span style=\"font-weight: 400\">Der Abschied von Montevideo sollte aber nicht lange w\u00e4hren, denn bereits dieser Blog-Artikel wird nicht mehr in einer Kleinstadt am R\u00edo Uruguay, sondern in der Landeshauptstadt verfasst: Kenza und ich verbringen n\u00e4mlich das Ende unseres Freiwilligendienstes in Montevideo an der Nationalkommission der UNESCO.<\/span><\/p>\n","protected":false},"excerpt":{"rendered":"<p>Wie vor doch etwas l\u00e4ngerer Zeit angek\u00fcndigt, folgt nun endlich der Bericht \u00fcber den Besuch meiner Eltern \u2013 surreal, wie lange her es sich anf\u00fchlt, auch wenn es de facto nur etwas mehr als zwei Wochen sind. Meine Eltern landeten Ende M\u00e4rz in Montevideo und kamen dann \u00fcber Colonia del Sacramento nach Fray Bentos, wo &hellip; <a href=\"https:\/\/kulturweit.blog\/aufdersuchenachdenbuntenvoegeln\/2024\/04\/25\/auf-schotterstrassen-durch-uruguay-brettern\/\" class=\"more-link\"><span class=\"screen-reader-text\">Auf Schotterstra\u00dfen durch Uruguay brettern<\/span> weiterlesen<\/a><\/p>\n","protected":false},"author":3232,"featured_media":219,"comment_status":"open","ping_status":"open","sticky":false,"template":"","format":"standard","meta":{"footnotes":""},"categories":[1],"tags":[],"class_list":["post-214","post","type-post","status-publish","format-standard","has-post-thumbnail","hentry","category-allgemein"],"amp_enabled":true,"_links":{"self":[{"href":"https:\/\/kulturweit.blog\/aufdersuchenachdenbuntenvoegeln\/wp-json\/wp\/v2\/posts\/214"}],"collection":[{"href":"https:\/\/kulturweit.blog\/aufdersuchenachdenbuntenvoegeln\/wp-json\/wp\/v2\/posts"}],"about":[{"href":"https:\/\/kulturweit.blog\/aufdersuchenachdenbuntenvoegeln\/wp-json\/wp\/v2\/types\/post"}],"author":[{"embeddable":true,"href":"https:\/\/kulturweit.blog\/aufdersuchenachdenbuntenvoegeln\/wp-json\/wp\/v2\/users\/3232"}],"replies":[{"embeddable":true,"href":"https:\/\/kulturweit.blog\/aufdersuchenachdenbuntenvoegeln\/wp-json\/wp\/v2\/comments?post=214"}],"version-history":[{"count":1,"href":"https:\/\/kulturweit.blog\/aufdersuchenachdenbuntenvoegeln\/wp-json\/wp\/v2\/posts\/214\/revisions"}],"predecessor-version":[{"id":227,"href":"https:\/\/kulturweit.blog\/aufdersuchenachdenbuntenvoegeln\/wp-json\/wp\/v2\/posts\/214\/revisions\/227"}],"wp:featuredmedia":[{"embeddable":true,"href":"https:\/\/kulturweit.blog\/aufdersuchenachdenbuntenvoegeln\/wp-json\/wp\/v2\/media\/219"}],"wp:attachment":[{"href":"https:\/\/kulturweit.blog\/aufdersuchenachdenbuntenvoegeln\/wp-json\/wp\/v2\/media?parent=214"}],"wp:term":[{"taxonomy":"category","embeddable":true,"href":"https:\/\/kulturweit.blog\/aufdersuchenachdenbuntenvoegeln\/wp-json\/wp\/v2\/categories?post=214"},{"taxonomy":"post_tag","embeddable":true,"href":"https:\/\/kulturweit.blog\/aufdersuchenachdenbuntenvoegeln\/wp-json\/wp\/v2\/tags?post=214"}],"curies":[{"name":"wp","href":"https:\/\/api.w.org\/{rel}","templated":true}]}}