{"id":183,"date":"2024-03-18T02:22:01","date_gmt":"2024-03-18T01:22:01","guid":{"rendered":"https:\/\/kulturweit.blog\/aufdersuchenachdenbuntenvoegeln\/?p=183"},"modified":"2024-03-18T02:22:01","modified_gmt":"2024-03-18T01:22:01","slug":"eine-reise-durch-patagonien-und-feuerland","status":"publish","type":"post","link":"https:\/\/kulturweit.blog\/aufdersuchenachdenbuntenvoegeln\/2024\/03\/18\/eine-reise-durch-patagonien-und-feuerland\/","title":{"rendered":"Eine Reise durch Patagonien und Feuerland"},"content":{"rendered":"<p><span style=\"font-weight: 400\">Nach etwa zwei Monaten harter Arbeit und unertr\u00e4glicher uruguayischer Hitze war es an der Zeit, wieder in den Urlaub zu fahren, dieses Mal nach Patagonien, in den S\u00fcden von Chile und Argentinien. Eine Warnung gleich zu Anfang: Dieser Beitrag wird sehr Bilder-lastig.<\/span><\/p>\n<p><span style=\"font-weight: 400\">Nach einer Nacht am Flughafen Ezeiza in Buenos Aires (nicht einmal ann\u00e4hernd so gut wie in Porto Alegre) flogen wir \u00fcber quasi leere Steppe nach El Calafate, wo wir den Perito-Moreno-Gletscher besichtigten. El Calafate ist nach der Calafate-Frucht benannt, die in etwa wie eine Mischung aus einer Blaubeere und einer Zitrone schmeckt.\u00a0<\/span><\/p>\n<div id='gallery-1' class='gallery galleryid-183 gallery-columns-1 gallery-size-full'><figure class='gallery-item'>\n\t\t\t<div class='gallery-icon landscape'>\n\t\t\t\t<a href='https:\/\/kulturweit.blog\/aufdersuchenachdenbuntenvoegeln\/2024\/03\/18\/eine-reise-durch-patagonien-und-feuerland\/dsc09589-min\/'><img loading=\"lazy\" decoding=\"async\" width=\"1024\" height=\"683\" src=\"https:\/\/kulturweit.blog\/aufdersuchenachdenbuntenvoegeln\/files\/2024\/03\/DSC09589-min.jpg\" class=\"attachment-full size-full\" alt=\"\" aria-describedby=\"gallery-1-192\" srcset=\"https:\/\/kulturweit.blog\/aufdersuchenachdenbuntenvoegeln\/files\/2024\/03\/DSC09589-min.jpg 1024w, https:\/\/kulturweit.blog\/aufdersuchenachdenbuntenvoegeln\/files\/2024\/03\/DSC09589-min-300x200.jpg 300w, https:\/\/kulturweit.blog\/aufdersuchenachdenbuntenvoegeln\/files\/2024\/03\/DSC09589-min-768x512.jpg 768w\" sizes=\"(max-width: 1024px) 100vw, 1024px\" \/><\/a>\n\t\t\t<\/div>\n\t\t\t\t<figcaption class='wp-caption-text gallery-caption' id='gallery-1-192'>\n\t\t\t\tAm Lago Argentino\n\t\t\t\t<\/figcaption><\/figure><figure class='gallery-item'>\n\t\t\t<div class='gallery-icon landscape'>\n\t\t\t\t<a href='https:\/\/kulturweit.blog\/aufdersuchenachdenbuntenvoegeln\/2024\/03\/18\/eine-reise-durch-patagonien-und-feuerland\/dsc09630-min\/'><img loading=\"lazy\" decoding=\"async\" width=\"1024\" height=\"683\" src=\"https:\/\/kulturweit.blog\/aufdersuchenachdenbuntenvoegeln\/files\/2024\/03\/DSC09630-min.jpg\" class=\"attachment-full size-full\" alt=\"\" aria-describedby=\"gallery-1-193\" srcset=\"https:\/\/kulturweit.blog\/aufdersuchenachdenbuntenvoegeln\/files\/2024\/03\/DSC09630-min.jpg 1024w, https:\/\/kulturweit.blog\/aufdersuchenachdenbuntenvoegeln\/files\/2024\/03\/DSC09630-min-300x200.jpg 300w, https:\/\/kulturweit.blog\/aufdersuchenachdenbuntenvoegeln\/files\/2024\/03\/DSC09630-min-768x512.jpg 768w\" sizes=\"(max-width: 1024px) 100vw, 1024px\" \/><\/a>\n\t\t\t<\/div>\n\t\t\t\t<figcaption class='wp-caption-text gallery-caption' id='gallery-1-193'>\n\t\t\t\tErster Blick auf den Perito-Moreno-Gletscher\n\t\t\t\t<\/figcaption><\/figure><figure class='gallery-item'>\n\t\t\t<div class='gallery-icon portrait'>\n\t\t\t\t<a href='https:\/\/kulturweit.blog\/aufdersuchenachdenbuntenvoegeln\/2024\/03\/18\/eine-reise-durch-patagonien-und-feuerland\/dsc09703-min\/'><img loading=\"lazy\" decoding=\"async\" width=\"683\" height=\"1024\" src=\"https:\/\/kulturweit.blog\/aufdersuchenachdenbuntenvoegeln\/files\/2024\/03\/DSC09703-min.jpg\" class=\"attachment-full size-full\" alt=\"\" aria-describedby=\"gallery-1-196\" srcset=\"https:\/\/kulturweit.blog\/aufdersuchenachdenbuntenvoegeln\/files\/2024\/03\/DSC09703-min.jpg 683w, https:\/\/kulturweit.blog\/aufdersuchenachdenbuntenvoegeln\/files\/2024\/03\/DSC09703-min-300x450.jpg 300w\" sizes=\"(max-width: 683px) 100vw, 683px\" \/><\/a>\n\t\t\t<\/div>\n\t\t\t\t<figcaption class='wp-caption-text gallery-caption' id='gallery-1-196'>\n\t\t\t\tGletschereis I\n\t\t\t\t<\/figcaption><\/figure><figure class='gallery-item'>\n\t\t\t<div class='gallery-icon landscape'>\n\t\t\t\t<a href='https:\/\/kulturweit.blog\/aufdersuchenachdenbuntenvoegeln\/2024\/03\/18\/eine-reise-durch-patagonien-und-feuerland\/dsc09659-min\/'><img loading=\"lazy\" decoding=\"async\" width=\"1024\" height=\"683\" src=\"https:\/\/kulturweit.blog\/aufdersuchenachdenbuntenvoegeln\/files\/2024\/03\/DSC09659-min.jpg\" class=\"attachment-full size-full\" alt=\"\" aria-describedby=\"gallery-1-194\" srcset=\"https:\/\/kulturweit.blog\/aufdersuchenachdenbuntenvoegeln\/files\/2024\/03\/DSC09659-min.jpg 1024w, https:\/\/kulturweit.blog\/aufdersuchenachdenbuntenvoegeln\/files\/2024\/03\/DSC09659-min-300x200.jpg 300w, https:\/\/kulturweit.blog\/aufdersuchenachdenbuntenvoegeln\/files\/2024\/03\/DSC09659-min-768x512.jpg 768w\" sizes=\"(max-width: 1024px) 100vw, 1024px\" \/><\/a>\n\t\t\t<\/div>\n\t\t\t\t<figcaption class='wp-caption-text gallery-caption' id='gallery-1-194'>\n\t\t\t\tGletschereis II\n\t\t\t\t<\/figcaption><\/figure><figure class='gallery-item'>\n\t\t\t<div class='gallery-icon landscape'>\n\t\t\t\t<a href='https:\/\/kulturweit.blog\/aufdersuchenachdenbuntenvoegeln\/2024\/03\/18\/eine-reise-durch-patagonien-und-feuerland\/dsc09690-min\/'><img loading=\"lazy\" decoding=\"async\" width=\"1024\" height=\"683\" src=\"https:\/\/kulturweit.blog\/aufdersuchenachdenbuntenvoegeln\/files\/2024\/03\/DSC09690-min.jpg\" class=\"attachment-full size-full\" alt=\"\" aria-describedby=\"gallery-1-195\" srcset=\"https:\/\/kulturweit.blog\/aufdersuchenachdenbuntenvoegeln\/files\/2024\/03\/DSC09690-min.jpg 1024w, https:\/\/kulturweit.blog\/aufdersuchenachdenbuntenvoegeln\/files\/2024\/03\/DSC09690-min-300x200.jpg 300w, https:\/\/kulturweit.blog\/aufdersuchenachdenbuntenvoegeln\/files\/2024\/03\/DSC09690-min-768x512.jpg 768w\" sizes=\"(max-width: 1024px) 100vw, 1024px\" \/><\/a>\n\t\t\t<\/div>\n\t\t\t\t<figcaption class='wp-caption-text gallery-caption' id='gallery-1-195'>\n\t\t\t\tGletschereis III\n\t\t\t\t<\/figcaption><\/figure>\n\t\t<\/div>\n\n<p><span style=\"font-weight: 400\">Von El Calafate aus ging es mit dem Bus \u00fcber die chilenische Grenze nach Puerto Natales, einer heimeligen K\u00fcstenstadt, gerade im Vergleich zum touristischen El Calafate. Im naheliegenden Nationalpark Torres del Paine wanderten wir zu ebendiesen Torres del Paine. Die Tour dauert mit ausgiebiger Pause an der Lagune vor den Torres etwa acht Stunden. Bei Puerto Natales wurden (von einem deutschen Abenteurer, Hermann Eberhardt) in einer H\u00f6hle die \u00dcberreste eines Riesenfaultieres (Mylodon) gefunden und diese H\u00f6hle k\u00f6nnte man auch besuchen, leider war das in unserem Zeitplan nicht vorgesehen. Wenn ich wiederkomme, werde ich mir diese aber noch anschauen.\u00a0<\/span><\/p>\n<div id='gallery-2' class='gallery galleryid-183 gallery-columns-1 gallery-size-full'><figure class='gallery-item'>\n\t\t\t<div class='gallery-icon landscape'>\n\t\t\t\t<a href='https:\/\/kulturweit.blog\/aufdersuchenachdenbuntenvoegeln\/2024\/03\/18\/eine-reise-durch-patagonien-und-feuerland\/dsc09817-min\/'><img loading=\"lazy\" decoding=\"async\" width=\"1024\" height=\"683\" src=\"https:\/\/kulturweit.blog\/aufdersuchenachdenbuntenvoegeln\/files\/2024\/03\/DSC09817-min.jpg\" class=\"attachment-full size-full\" alt=\"\" aria-describedby=\"gallery-2-199\" srcset=\"https:\/\/kulturweit.blog\/aufdersuchenachdenbuntenvoegeln\/files\/2024\/03\/DSC09817-min.jpg 1024w, https:\/\/kulturweit.blog\/aufdersuchenachdenbuntenvoegeln\/files\/2024\/03\/DSC09817-min-300x200.jpg 300w, https:\/\/kulturweit.blog\/aufdersuchenachdenbuntenvoegeln\/files\/2024\/03\/DSC09817-min-768x512.jpg 768w\" sizes=\"(max-width: 1024px) 100vw, 1024px\" \/><\/a>\n\t\t\t<\/div>\n\t\t\t\t<figcaption class='wp-caption-text gallery-caption' id='gallery-2-199'>\n\t\t\t\tIm Hafen von Puerto Natales I\n\t\t\t\t<\/figcaption><\/figure><figure class='gallery-item'>\n\t\t\t<div class='gallery-icon landscape'>\n\t\t\t\t<a href='https:\/\/kulturweit.blog\/aufdersuchenachdenbuntenvoegeln\/2024\/03\/18\/eine-reise-durch-patagonien-und-feuerland\/dsc09790-min\/'><img loading=\"lazy\" decoding=\"async\" width=\"1024\" height=\"683\" src=\"https:\/\/kulturweit.blog\/aufdersuchenachdenbuntenvoegeln\/files\/2024\/03\/DSC09790-min.jpg\" class=\"attachment-full size-full\" alt=\"\" aria-describedby=\"gallery-2-198\" srcset=\"https:\/\/kulturweit.blog\/aufdersuchenachdenbuntenvoegeln\/files\/2024\/03\/DSC09790-min.jpg 1024w, https:\/\/kulturweit.blog\/aufdersuchenachdenbuntenvoegeln\/files\/2024\/03\/DSC09790-min-300x200.jpg 300w, https:\/\/kulturweit.blog\/aufdersuchenachdenbuntenvoegeln\/files\/2024\/03\/DSC09790-min-768x512.jpg 768w\" sizes=\"(max-width: 1024px) 100vw, 1024px\" \/><\/a>\n\t\t\t<\/div>\n\t\t\t\t<figcaption class='wp-caption-text gallery-caption' id='gallery-2-198'>\n\t\t\t\tIm Hafen von Puerto Natales II\n\t\t\t\t<\/figcaption><\/figure><figure class='gallery-item'>\n\t\t\t<div class='gallery-icon portrait'>\n\t\t\t\t<a href='https:\/\/kulturweit.blog\/aufdersuchenachdenbuntenvoegeln\/2024\/03\/18\/eine-reise-durch-patagonien-und-feuerland\/dsc09783-min\/'><img loading=\"lazy\" decoding=\"async\" width=\"683\" height=\"1024\" src=\"https:\/\/kulturweit.blog\/aufdersuchenachdenbuntenvoegeln\/files\/2024\/03\/DSC09783-min.jpg\" class=\"attachment-full size-full\" alt=\"\" srcset=\"https:\/\/kulturweit.blog\/aufdersuchenachdenbuntenvoegeln\/files\/2024\/03\/DSC09783-min.jpg 683w, https:\/\/kulturweit.blog\/aufdersuchenachdenbuntenvoegeln\/files\/2024\/03\/DSC09783-min-300x450.jpg 300w\" sizes=\"(max-width: 683px) 100vw, 683px\" \/><\/a>\n\t\t\t<\/div><\/figure><figure class='gallery-item'>\n\t\t\t<div class='gallery-icon landscape'>\n\t\t\t\t<a href='https:\/\/kulturweit.blog\/aufdersuchenachdenbuntenvoegeln\/2024\/03\/18\/eine-reise-durch-patagonien-und-feuerland\/dsc09974-min\/'><img loading=\"lazy\" decoding=\"async\" width=\"1024\" height=\"683\" src=\"https:\/\/kulturweit.blog\/aufdersuchenachdenbuntenvoegeln\/files\/2024\/03\/DSC09974-min.jpg\" class=\"attachment-full size-full\" alt=\"\" aria-describedby=\"gallery-2-203\" srcset=\"https:\/\/kulturweit.blog\/aufdersuchenachdenbuntenvoegeln\/files\/2024\/03\/DSC09974-min.jpg 1024w, https:\/\/kulturweit.blog\/aufdersuchenachdenbuntenvoegeln\/files\/2024\/03\/DSC09974-min-300x200.jpg 300w, https:\/\/kulturweit.blog\/aufdersuchenachdenbuntenvoegeln\/files\/2024\/03\/DSC09974-min-768x512.jpg 768w\" sizes=\"(max-width: 1024px) 100vw, 1024px\" \/><\/a>\n\t\t\t<\/div>\n\t\t\t\t<figcaption class='wp-caption-text gallery-caption' id='gallery-2-203'>\n\t\t\t\tDie Torres del Paine\n\t\t\t\t<\/figcaption><\/figure><figure class='gallery-item'>\n\t\t\t<div class='gallery-icon landscape'>\n\t\t\t\t<a href='https:\/\/kulturweit.blog\/aufdersuchenachdenbuntenvoegeln\/2024\/03\/18\/eine-reise-durch-patagonien-und-feuerland\/dsc09859-min\/'><img loading=\"lazy\" decoding=\"async\" width=\"1024\" height=\"683\" src=\"https:\/\/kulturweit.blog\/aufdersuchenachdenbuntenvoegeln\/files\/2024\/03\/DSC09859-min.jpg\" class=\"attachment-full size-full\" alt=\"\" aria-describedby=\"gallery-2-200\" srcset=\"https:\/\/kulturweit.blog\/aufdersuchenachdenbuntenvoegeln\/files\/2024\/03\/DSC09859-min.jpg 1024w, https:\/\/kulturweit.blog\/aufdersuchenachdenbuntenvoegeln\/files\/2024\/03\/DSC09859-min-300x200.jpg 300w, https:\/\/kulturweit.blog\/aufdersuchenachdenbuntenvoegeln\/files\/2024\/03\/DSC09859-min-768x512.jpg 768w\" sizes=\"(max-width: 1024px) 100vw, 1024px\" \/><\/a>\n\t\t\t<\/div>\n\t\t\t\t<figcaption class='wp-caption-text gallery-caption' id='gallery-2-200'>\n\t\t\t\tLandschaften auf der Wanderung zu den Torres I\n\t\t\t\t<\/figcaption><\/figure><figure class='gallery-item'>\n\t\t\t<div class='gallery-icon landscape'>\n\t\t\t\t<a href='https:\/\/kulturweit.blog\/aufdersuchenachdenbuntenvoegeln\/2024\/03\/18\/eine-reise-durch-patagonien-und-feuerland\/dsc09958-min\/'><img loading=\"lazy\" decoding=\"async\" width=\"1024\" height=\"683\" src=\"https:\/\/kulturweit.blog\/aufdersuchenachdenbuntenvoegeln\/files\/2024\/03\/DSC09958-min.jpg\" class=\"attachment-full size-full\" alt=\"\" aria-describedby=\"gallery-2-201\" srcset=\"https:\/\/kulturweit.blog\/aufdersuchenachdenbuntenvoegeln\/files\/2024\/03\/DSC09958-min.jpg 1024w, https:\/\/kulturweit.blog\/aufdersuchenachdenbuntenvoegeln\/files\/2024\/03\/DSC09958-min-300x200.jpg 300w, https:\/\/kulturweit.blog\/aufdersuchenachdenbuntenvoegeln\/files\/2024\/03\/DSC09958-min-768x512.jpg 768w\" sizes=\"(max-width: 1024px) 100vw, 1024px\" \/><\/a>\n\t\t\t<\/div>\n\t\t\t\t<figcaption class='wp-caption-text gallery-caption' id='gallery-2-201'>\n\t\t\t\tLandschaften auf der Wanderung zu den Torres II\n\t\t\t\t<\/figcaption><\/figure><figure class='gallery-item'>\n\t\t\t<div class='gallery-icon landscape'>\n\t\t\t\t<a href='https:\/\/kulturweit.blog\/aufdersuchenachdenbuntenvoegeln\/2024\/03\/18\/eine-reise-durch-patagonien-und-feuerland\/dsc09969-min\/'><img loading=\"lazy\" decoding=\"async\" width=\"1024\" height=\"683\" src=\"https:\/\/kulturweit.blog\/aufdersuchenachdenbuntenvoegeln\/files\/2024\/03\/DSC09969-min.jpg\" class=\"attachment-full size-full\" alt=\"\" aria-describedby=\"gallery-2-202\" srcset=\"https:\/\/kulturweit.blog\/aufdersuchenachdenbuntenvoegeln\/files\/2024\/03\/DSC09969-min.jpg 1024w, https:\/\/kulturweit.blog\/aufdersuchenachdenbuntenvoegeln\/files\/2024\/03\/DSC09969-min-300x200.jpg 300w, https:\/\/kulturweit.blog\/aufdersuchenachdenbuntenvoegeln\/files\/2024\/03\/DSC09969-min-768x512.jpg 768w\" sizes=\"(max-width: 1024px) 100vw, 1024px\" \/><\/a>\n\t\t\t<\/div>\n\t\t\t\t<figcaption class='wp-caption-text gallery-caption' id='gallery-2-202'>\n\t\t\t\tLandschaften auf der Wanderung zu den Torres III\n\t\t\t\t<\/figcaption><\/figure>\n\t\t<\/div>\n\n<p><span style=\"font-weight: 400\">Der n\u00e4chste Halt war in Punta Arenas, wo wir auf dem Weg Richtung Feuerland eine Nacht verbrachten. Leider war das Wetter zu regnerisch, als dass wir viel gesehen h\u00e4tten. Stattdessen sa\u00dfen wir im Caf\u00e9 und a\u00dfen \u201cKuchen de Ruibarbo\u201d.\u00a0<\/span><\/p>\n<p><a href=\"https:\/\/kulturweit.blog\/aufdersuchenachdenbuntenvoegeln\/files\/2024\/03\/WhatsApp-Bild-2024-03-17-um-22.16.48_5dde4f52.jpg\"><img loading=\"lazy\" decoding=\"async\" class=\"size-full wp-image-204\" src=\"https:\/\/kulturweit.blog\/aufdersuchenachdenbuntenvoegeln\/files\/2024\/03\/WhatsApp-Bild-2024-03-17-um-22.16.48_5dde4f52.jpg\" alt=\"\" width=\"1080\" height=\"1571\" srcset=\"https:\/\/kulturweit.blog\/aufdersuchenachdenbuntenvoegeln\/files\/2024\/03\/WhatsApp-Bild-2024-03-17-um-22.16.48_5dde4f52.jpg 1080w, https:\/\/kulturweit.blog\/aufdersuchenachdenbuntenvoegeln\/files\/2024\/03\/WhatsApp-Bild-2024-03-17-um-22.16.48_5dde4f52-300x436.jpg 300w, https:\/\/kulturweit.blog\/aufdersuchenachdenbuntenvoegeln\/files\/2024\/03\/WhatsApp-Bild-2024-03-17-um-22.16.48_5dde4f52-704x1024.jpg 704w, https:\/\/kulturweit.blog\/aufdersuchenachdenbuntenvoegeln\/files\/2024\/03\/WhatsApp-Bild-2024-03-17-um-22.16.48_5dde4f52-768x1117.jpg 768w, https:\/\/kulturweit.blog\/aufdersuchenachdenbuntenvoegeln\/files\/2024\/03\/WhatsApp-Bild-2024-03-17-um-22.16.48_5dde4f52-1056x1536.jpg 1056w\" sizes=\"(max-width: 1080px) 100vw, 1080px\" \/><\/a><\/p>\n<p><span style=\"font-weight: 400\">Unsere l\u00e4ngste Busfahrt begann in Punta Arenas und f\u00fchrte uns aus Chile heraus und zur\u00fcck nach Argentinien, nach Feuerland. Dazu mussten wir \u00fcber eine doch recht unruhige Magellan-Stra\u00dfe mit der F\u00e4hre \u00fcbersetzen und man munkelt, dass eine Welle, die \u00fcber die Reling geschwappt ist, meine gesamte R\u00fcckseite durchn\u00e4sst hatte, einschlie\u00dflich des Hosenbodens, auf dem ich noch acht Stunden zu sitzen hatte.\u00a0<\/span><\/p>\n<p><span style=\"font-weight: 400\">Die letzten vier Tage verbrachten wir in Ushuaia, der s\u00fcdlichsten Stadt der Welt. Auf zwei Bootstouren im Beagle-Kanal konnten wir die fantastische Fauna beobachten mit Antarktischen Kormoranen, M\u00e4hnenrobben, S\u00fcdlichen Seeb\u00e4ren, Sei-Walen und, zweifelloses Highlight, Pinguinen! Zwei verschiedene Spezies konnten wir zum aktuellen Zeitpunkt auf der Isla Martillo beobachten, n\u00e4mlich die dort dauerhaft wohnenden Eselspinguine und die Sommertouristen, die Magellan-Pinguine. Wir besichtigten auch das (sehr teure) Gef\u00e4ngnis-Museum, wanderten durch eine Regenwolke hindurch zum Glaciar Martial (bzw. seinen \u00dcberresten) und an gr\u00fcnen Buchten die K\u00fcste des Nationalparks Tierra del Fuego entlang.<\/span><\/p>\n<div id='gallery-3' class='gallery galleryid-183 gallery-columns-1 gallery-size-full'><figure class='gallery-item'>\n\t\t\t<div class='gallery-icon landscape'>\n\t\t\t\t<a href='https:\/\/kulturweit.blog\/aufdersuchenachdenbuntenvoegeln\/2024\/03\/18\/eine-reise-durch-patagonien-und-feuerland\/dsc00591-min\/'><img loading=\"lazy\" decoding=\"async\" width=\"1024\" height=\"683\" src=\"https:\/\/kulturweit.blog\/aufdersuchenachdenbuntenvoegeln\/files\/2024\/03\/DSC00591-min.jpg\" class=\"attachment-full size-full\" alt=\"\" aria-describedby=\"gallery-3-190\" srcset=\"https:\/\/kulturweit.blog\/aufdersuchenachdenbuntenvoegeln\/files\/2024\/03\/DSC00591-min.jpg 1024w, https:\/\/kulturweit.blog\/aufdersuchenachdenbuntenvoegeln\/files\/2024\/03\/DSC00591-min-300x200.jpg 300w, https:\/\/kulturweit.blog\/aufdersuchenachdenbuntenvoegeln\/files\/2024\/03\/DSC00591-min-768x512.jpg 768w\" sizes=\"(max-width: 1024px) 100vw, 1024px\" \/><\/a>\n\t\t\t<\/div>\n\t\t\t\t<figcaption class='wp-caption-text gallery-caption' id='gallery-3-190'>\n\t\t\t\tBlick auf Ushuaia\n\t\t\t\t<\/figcaption><\/figure><figure class='gallery-item'>\n\t\t\t<div class='gallery-icon landscape'>\n\t\t\t\t<a href='https:\/\/kulturweit.blog\/aufdersuchenachdenbuntenvoegeln\/2024\/03\/18\/eine-reise-durch-patagonien-und-feuerland\/dsc00261-min\/'><img loading=\"lazy\" decoding=\"async\" width=\"1024\" height=\"683\" src=\"https:\/\/kulturweit.blog\/aufdersuchenachdenbuntenvoegeln\/files\/2024\/03\/DSC00261-min.jpg\" class=\"attachment-full size-full\" alt=\"\" aria-describedby=\"gallery-3-185\" srcset=\"https:\/\/kulturweit.blog\/aufdersuchenachdenbuntenvoegeln\/files\/2024\/03\/DSC00261-min.jpg 1024w, https:\/\/kulturweit.blog\/aufdersuchenachdenbuntenvoegeln\/files\/2024\/03\/DSC00261-min-300x200.jpg 300w, https:\/\/kulturweit.blog\/aufdersuchenachdenbuntenvoegeln\/files\/2024\/03\/DSC00261-min-768x512.jpg 768w\" sizes=\"(max-width: 1024px) 100vw, 1024px\" \/><\/a>\n\t\t\t<\/div>\n\t\t\t\t<figcaption class='wp-caption-text gallery-caption' id='gallery-3-185'>\n\t\t\t\tFaro Les \u00c9claireurs\n\t\t\t\t<\/figcaption><\/figure><figure class='gallery-item'>\n\t\t\t<div class='gallery-icon landscape'>\n\t\t\t\t<a href='https:\/\/kulturweit.blog\/aufdersuchenachdenbuntenvoegeln\/2024\/03\/18\/eine-reise-durch-patagonien-und-feuerland\/dsc00250-min\/'><img loading=\"lazy\" decoding=\"async\" width=\"1024\" height=\"683\" src=\"https:\/\/kulturweit.blog\/aufdersuchenachdenbuntenvoegeln\/files\/2024\/03\/DSC00250-min.jpg\" class=\"attachment-full size-full\" alt=\"\" aria-describedby=\"gallery-3-184\" srcset=\"https:\/\/kulturweit.blog\/aufdersuchenachdenbuntenvoegeln\/files\/2024\/03\/DSC00250-min.jpg 1024w, https:\/\/kulturweit.blog\/aufdersuchenachdenbuntenvoegeln\/files\/2024\/03\/DSC00250-min-300x200.jpg 300w, https:\/\/kulturweit.blog\/aufdersuchenachdenbuntenvoegeln\/files\/2024\/03\/DSC00250-min-768x512.jpg 768w\" sizes=\"(max-width: 1024px) 100vw, 1024px\" \/><\/a>\n\t\t\t<\/div>\n\t\t\t\t<figcaption class='wp-caption-text gallery-caption' id='gallery-3-184'>\n\t\t\t\tSei-Wale\n\t\t\t\t<\/figcaption><\/figure><figure class='gallery-item'>\n\t\t\t<div class='gallery-icon landscape'>\n\t\t\t\t<a href='https:\/\/kulturweit.blog\/aufdersuchenachdenbuntenvoegeln\/2024\/03\/18\/eine-reise-durch-patagonien-und-feuerland\/dsc00361-min\/'><img loading=\"lazy\" decoding=\"async\" width=\"1024\" height=\"683\" src=\"https:\/\/kulturweit.blog\/aufdersuchenachdenbuntenvoegeln\/files\/2024\/03\/DSC00361-min.jpg\" class=\"attachment-full size-full\" alt=\"\" aria-describedby=\"gallery-3-186\" srcset=\"https:\/\/kulturweit.blog\/aufdersuchenachdenbuntenvoegeln\/files\/2024\/03\/DSC00361-min.jpg 1024w, https:\/\/kulturweit.blog\/aufdersuchenachdenbuntenvoegeln\/files\/2024\/03\/DSC00361-min-300x200.jpg 300w, https:\/\/kulturweit.blog\/aufdersuchenachdenbuntenvoegeln\/files\/2024\/03\/DSC00361-min-768x512.jpg 768w\" sizes=\"(max-width: 1024px) 100vw, 1024px\" \/><\/a>\n\t\t\t<\/div>\n\t\t\t\t<figcaption class='wp-caption-text gallery-caption' id='gallery-3-186'>\n\t\t\t\tM\u00e4hnenrobben und Antarktische Kormorane\n\t\t\t\t<\/figcaption><\/figure><figure class='gallery-item'>\n\t\t\t<div class='gallery-icon landscape'>\n\t\t\t\t<a href='https:\/\/kulturweit.blog\/aufdersuchenachdenbuntenvoegeln\/2024\/03\/18\/eine-reise-durch-patagonien-und-feuerland\/dsc00412-min\/'><img loading=\"lazy\" decoding=\"async\" width=\"1024\" height=\"683\" src=\"https:\/\/kulturweit.blog\/aufdersuchenachdenbuntenvoegeln\/files\/2024\/03\/DSC00412-min.jpg\" class=\"attachment-full size-full\" alt=\"\" aria-describedby=\"gallery-3-187\" srcset=\"https:\/\/kulturweit.blog\/aufdersuchenachdenbuntenvoegeln\/files\/2024\/03\/DSC00412-min.jpg 1024w, https:\/\/kulturweit.blog\/aufdersuchenachdenbuntenvoegeln\/files\/2024\/03\/DSC00412-min-300x200.jpg 300w, https:\/\/kulturweit.blog\/aufdersuchenachdenbuntenvoegeln\/files\/2024\/03\/DSC00412-min-768x512.jpg 768w\" sizes=\"(max-width: 1024px) 100vw, 1024px\" \/><\/a>\n\t\t\t<\/div>\n\t\t\t\t<figcaption class='wp-caption-text gallery-caption' id='gallery-3-187'>\n\t\t\t\tAntarktische Kormorane\n\t\t\t\t<\/figcaption><\/figure><figure class='gallery-item'>\n\t\t\t<div class='gallery-icon landscape'>\n\t\t\t\t<a href='https:\/\/kulturweit.blog\/aufdersuchenachdenbuntenvoegeln\/2024\/03\/18\/eine-reise-durch-patagonien-und-feuerland\/dsc00497-min\/'><img loading=\"lazy\" decoding=\"async\" width=\"1024\" height=\"683\" src=\"https:\/\/kulturweit.blog\/aufdersuchenachdenbuntenvoegeln\/files\/2024\/03\/DSC00497-min.jpg\" class=\"attachment-full size-full\" alt=\"\" aria-describedby=\"gallery-3-189\" srcset=\"https:\/\/kulturweit.blog\/aufdersuchenachdenbuntenvoegeln\/files\/2024\/03\/DSC00497-min.jpg 1024w, https:\/\/kulturweit.blog\/aufdersuchenachdenbuntenvoegeln\/files\/2024\/03\/DSC00497-min-300x200.jpg 300w, https:\/\/kulturweit.blog\/aufdersuchenachdenbuntenvoegeln\/files\/2024\/03\/DSC00497-min-768x512.jpg 768w\" sizes=\"(max-width: 1024px) 100vw, 1024px\" \/><\/a>\n\t\t\t<\/div>\n\t\t\t\t<figcaption class='wp-caption-text gallery-caption' id='gallery-3-189'>\n\t\t\t\tEselspinguine\n\t\t\t\t<\/figcaption><\/figure><figure class='gallery-item'>\n\t\t\t<div class='gallery-icon landscape'>\n\t\t\t\t<a href='https:\/\/kulturweit.blog\/aufdersuchenachdenbuntenvoegeln\/2024\/03\/18\/eine-reise-durch-patagonien-und-feuerland\/dsc00444-min\/'><img loading=\"lazy\" decoding=\"async\" width=\"1024\" height=\"683\" src=\"https:\/\/kulturweit.blog\/aufdersuchenachdenbuntenvoegeln\/files\/2024\/03\/DSC00444-min.jpg\" class=\"attachment-full size-full\" alt=\"\" aria-describedby=\"gallery-3-188\" srcset=\"https:\/\/kulturweit.blog\/aufdersuchenachdenbuntenvoegeln\/files\/2024\/03\/DSC00444-min.jpg 1024w, https:\/\/kulturweit.blog\/aufdersuchenachdenbuntenvoegeln\/files\/2024\/03\/DSC00444-min-300x200.jpg 300w, https:\/\/kulturweit.blog\/aufdersuchenachdenbuntenvoegeln\/files\/2024\/03\/DSC00444-min-768x512.jpg 768w\" sizes=\"(max-width: 1024px) 100vw, 1024px\" \/><\/a>\n\t\t\t<\/div>\n\t\t\t\t<figcaption class='wp-caption-text gallery-caption' id='gallery-3-188'>\n\t\t\t\tMagellan-Pinguin\n\t\t\t\t<\/figcaption><\/figure><figure class='gallery-item'>\n\t\t\t<div class='gallery-icon portrait'>\n\t\t\t\t<a href='https:\/\/kulturweit.blog\/aufdersuchenachdenbuntenvoegeln\/2024\/03\/18\/eine-reise-durch-patagonien-und-feuerland\/dsc00635-min\/'><img loading=\"lazy\" decoding=\"async\" width=\"683\" height=\"1024\" src=\"https:\/\/kulturweit.blog\/aufdersuchenachdenbuntenvoegeln\/files\/2024\/03\/DSC00635-min.jpg\" class=\"attachment-full size-full\" alt=\"\" aria-describedby=\"gallery-3-191\" srcset=\"https:\/\/kulturweit.blog\/aufdersuchenachdenbuntenvoegeln\/files\/2024\/03\/DSC00635-min.jpg 683w, https:\/\/kulturweit.blog\/aufdersuchenachdenbuntenvoegeln\/files\/2024\/03\/DSC00635-min-300x450.jpg 300w\" sizes=\"(max-width: 683px) 100vw, 683px\" \/><\/a>\n\t\t\t<\/div>\n\t\t\t\t<figcaption class='wp-caption-text gallery-caption' id='gallery-3-191'>\n\t\t\t\tIn den Wolken befindet sich der Glaciar Martial\n\t\t\t\t<\/figcaption><\/figure>\n\t\t<\/div>\n\n<p><span style=\"font-weight: 400\">Obwohl ich am liebsten da geblieben w\u00e4re, mussten wir nat\u00fcrlich wieder zur\u00fcck nach Uruguay, weshalb wir Sonntagabends nach Buenos Aires flogen, dort den Tag verbrachten, erfolglos Dollar suchten und keine Postkarten verschickten, weil die argentinische Post pro Karte 6\u20ac verlangt, bevor es zur\u00fcck nach Fray Bentos ging, wo wir auch noch ganz geschwind in unsere n\u00e4chste Unterkunft umzogen. (Keine Empfehlung, obwohl alles reibungslos funktioniert hat.)<\/span><\/p>\n<p>&nbsp;<\/p>\n<p><span style=\"font-weight: 400\">Patagonien und Tierra del Fuego waren bisher die eindrucksvollsten Orte dieses Jahres und ich vermute, dass sie au\u00dfer Konkurrenz bleiben werden, nicht nur wegen ihrer au\u00dfergew\u00f6hnlichen Landschaften, sondern auch, weil ich mit ihnen eine dieser Stellen gesehen habe, von denen ich noch vor einigen Jahren in den Reiseberichten eines Darwin gelesen hatte und seitdem sehen wollte \u2013 Ich war nicht entt\u00e4uscht.<\/span><\/p>\n<p>&nbsp;<\/p>\n","protected":false},"excerpt":{"rendered":"<p>Nach etwa zwei Monaten harter Arbeit und unertr\u00e4glicher uruguayischer Hitze war es an der Zeit, wieder in den Urlaub zu fahren, dieses Mal nach Patagonien, in den S\u00fcden von Chile und Argentinien. Eine Warnung gleich zu Anfang: Dieser Beitrag wird sehr Bilder-lastig. Nach einer Nacht am Flughafen Ezeiza in Buenos Aires (nicht einmal ann\u00e4hernd so &hellip; <a href=\"https:\/\/kulturweit.blog\/aufdersuchenachdenbuntenvoegeln\/2024\/03\/18\/eine-reise-durch-patagonien-und-feuerland\/\" class=\"more-link\"><span class=\"screen-reader-text\">Eine Reise durch Patagonien und Feuerland<\/span> weiterlesen<\/a><\/p>\n","protected":false},"author":3232,"featured_media":194,"comment_status":"open","ping_status":"open","sticky":false,"template":"","format":"standard","meta":{"footnotes":""},"categories":[1],"tags":[],"class_list":["post-183","post","type-post","status-publish","format-standard","has-post-thumbnail","hentry","category-allgemein"],"amp_enabled":true,"_links":{"self":[{"href":"https:\/\/kulturweit.blog\/aufdersuchenachdenbuntenvoegeln\/wp-json\/wp\/v2\/posts\/183"}],"collection":[{"href":"https:\/\/kulturweit.blog\/aufdersuchenachdenbuntenvoegeln\/wp-json\/wp\/v2\/posts"}],"about":[{"href":"https:\/\/kulturweit.blog\/aufdersuchenachdenbuntenvoegeln\/wp-json\/wp\/v2\/types\/post"}],"author":[{"embeddable":true,"href":"https:\/\/kulturweit.blog\/aufdersuchenachdenbuntenvoegeln\/wp-json\/wp\/v2\/users\/3232"}],"replies":[{"embeddable":true,"href":"https:\/\/kulturweit.blog\/aufdersuchenachdenbuntenvoegeln\/wp-json\/wp\/v2\/comments?post=183"}],"version-history":[{"count":1,"href":"https:\/\/kulturweit.blog\/aufdersuchenachdenbuntenvoegeln\/wp-json\/wp\/v2\/posts\/183\/revisions"}],"predecessor-version":[{"id":205,"href":"https:\/\/kulturweit.blog\/aufdersuchenachdenbuntenvoegeln\/wp-json\/wp\/v2\/posts\/183\/revisions\/205"}],"wp:featuredmedia":[{"embeddable":true,"href":"https:\/\/kulturweit.blog\/aufdersuchenachdenbuntenvoegeln\/wp-json\/wp\/v2\/media\/194"}],"wp:attachment":[{"href":"https:\/\/kulturweit.blog\/aufdersuchenachdenbuntenvoegeln\/wp-json\/wp\/v2\/media?parent=183"}],"wp:term":[{"taxonomy":"category","embeddable":true,"href":"https:\/\/kulturweit.blog\/aufdersuchenachdenbuntenvoegeln\/wp-json\/wp\/v2\/categories?post=183"},{"taxonomy":"post_tag","embeddable":true,"href":"https:\/\/kulturweit.blog\/aufdersuchenachdenbuntenvoegeln\/wp-json\/wp\/v2\/tags?post=183"}],"curies":[{"name":"wp","href":"https:\/\/api.w.org\/{rel}","templated":true}]}}