{"id":172,"date":"2024-02-14T16:00:03","date_gmt":"2024-02-14T15:00:03","guid":{"rendered":"https:\/\/kulturweit.blog\/aufdersuchenachdenbuntenvoegeln\/?p=172"},"modified":"2024-02-14T16:00:03","modified_gmt":"2024-02-14T15:00:03","slug":"kulturexkurs-karneval-in-montevideo","status":"publish","type":"post","link":"https:\/\/kulturweit.blog\/aufdersuchenachdenbuntenvoegeln\/2024\/02\/14\/kulturexkurs-karneval-in-montevideo\/","title":{"rendered":"Kulturexkurs: Karneval in Montevideo"},"content":{"rendered":"<p><span style=\"font-weight: 400\">P\u00fcnktlich zum Ende der Faschenacht (in Deutschland) berichte ich nun \u00fcber den Karneval in Uruguay.<\/span><\/p>\n<p><span style=\"font-weight: 400\">Der montevideanische Karneval (der sich doch stark vom brasilianisch gepr\u00e4gten im Norden von Uruguay unterscheidet) ist der l\u00e4ngste der Welt, weshalb ein Gro\u00dfteil von uns Uruguay-Freiwilligen das letzte Wochenende in der Hauptstadt verbracht haben, um uns das Treiben anzuschauen.<\/span><\/p>\n<p><span style=\"font-weight: 400\">Ein zentraler Aspekt waren die Llamadas, die hiesigen Karnevalsumz\u00fcge, bei denen die verschiedenen Candombe-Gruppen (sp\u00e4t-)abends durch die Calle Isla de Flores ziehen.<\/span><\/p>\n<p><span style=\"font-weight: 400\">Der Ablauf innerhalb einer dieser Gruppen ist f\u00fcr gew\u00f6hnlich wie folgt:\u00a0<\/span><\/p>\n<p><span style=\"font-weight: 400\">Zun\u00e4chst kommt ein Banner mit dem Namen der Gruppe, oftmals folgen kleinere mit Sponsoren bzw. Werbung. Danach folgt die Gruppe der Fahnentr\u00e4ger, die ihre Stofffahnen hin und her und auch \u00fcber die sich nach ihnen reckenden H\u00e4nde der Massen schwenken, hiernach einige Personen, die Monde und Sterne an langen St\u00f6cken tragen. Jetzt folgt eine gro\u00dfe Gruppe an T\u00e4nzerinnen, die immer wieder stehen bleiben und in Formation ihren Tanz auff\u00fchren. Hinter ihnen kommen \u00e4ltere Leute, meist in Paaren, die Frauen in wallenden Kleidern (als &#8222;Mama Vieja&#8220;) und die M\u00e4nner in Anzug mit Stock, Hut und Rauschebart, auch wenn letzterer in den seltensten F\u00e4llen echt und oftmals umgeh\u00e4ngt ist.\u00a0<\/span><\/p>\n<p><span style=\"font-weight: 400\">Ihnen folgen ein oder zwei Samba-T\u00e4nzerinnen mit Federschmuck und f\u00fcr gew\u00f6hnlich auch ein bis zwei M\u00e4nner (ihre Tanzpartner?), die besonders farbenfrohe und ausgefallene Anz\u00fcge tragen.<\/span><\/p>\n<p><span style=\"font-weight: 400\">Den Schluss machen die Candombe-Musiker, die unter ohrenbet\u00e4ubendem Trommeln vorbeiziehen. Zu allerletzt kommt nochmals ein Banner, bevor mit gro\u00dfem Abstand die n\u00e4chste Gruppe in etwa gleicher Anordnung folgt. Den leeren Raum zwischen den Gruppen nutzten Kinder, um auf der Stra\u00dfe zu tanzen, und auch die zuschauenden Erwachsenen bewegen sich rhythmisch zur Musik.<\/span><\/p>\n<p><span style=\"font-weight: 400\">(Wir halten nicht bis zum Ende des Zuges durch, sondern gehen \u201cschon\u201d gegen halb Zwei, da wir noch etwas essen wollten.)<\/span><\/p>\n<div id='gallery-1' class='gallery galleryid-172 gallery-columns-1 gallery-size-full'><figure class='gallery-item'>\n\t\t\t<div class='gallery-icon portrait'>\n\t\t\t\t<a href='https:\/\/kulturweit.blog\/aufdersuchenachdenbuntenvoegeln\/2024\/02\/14\/kulturexkurs-karneval-in-montevideo\/dsc09368-min\/'><img loading=\"lazy\" decoding=\"async\" width=\"683\" height=\"1024\" src=\"https:\/\/kulturweit.blog\/aufdersuchenachdenbuntenvoegeln\/files\/2024\/02\/DSC09368-min.jpg\" class=\"attachment-full size-full\" alt=\"\" aria-describedby=\"gallery-1-174\" srcset=\"https:\/\/kulturweit.blog\/aufdersuchenachdenbuntenvoegeln\/files\/2024\/02\/DSC09368-min.jpg 683w, https:\/\/kulturweit.blog\/aufdersuchenachdenbuntenvoegeln\/files\/2024\/02\/DSC09368-min-300x450.jpg 300w\" sizes=\"(max-width: 683px) 100vw, 683px\" \/><\/a>\n\t\t\t<\/div>\n\t\t\t\t<figcaption class='wp-caption-text gallery-caption' id='gallery-1-174'>\n\t\t\t\tDie Fahnenschwinger\n\t\t\t\t<\/figcaption><\/figure><figure class='gallery-item'>\n\t\t\t<div class='gallery-icon portrait'>\n\t\t\t\t<a href='https:\/\/kulturweit.blog\/aufdersuchenachdenbuntenvoegeln\/2024\/02\/14\/kulturexkurs-karneval-in-montevideo\/dsc09372-min\/'><img loading=\"lazy\" decoding=\"async\" width=\"683\" height=\"1024\" src=\"https:\/\/kulturweit.blog\/aufdersuchenachdenbuntenvoegeln\/files\/2024\/02\/DSC09372-min.jpg\" class=\"attachment-full size-full\" alt=\"\" aria-describedby=\"gallery-1-175\" srcset=\"https:\/\/kulturweit.blog\/aufdersuchenachdenbuntenvoegeln\/files\/2024\/02\/DSC09372-min.jpg 683w, https:\/\/kulturweit.blog\/aufdersuchenachdenbuntenvoegeln\/files\/2024\/02\/DSC09372-min-300x450.jpg 300w\" sizes=\"(max-width: 683px) 100vw, 683px\" \/><\/a>\n\t\t\t<\/div>\n\t\t\t\t<figcaption class='wp-caption-text gallery-caption' id='gallery-1-175'>\n\t\t\t\tDie T\u00e4nzerinnengruppe\n\t\t\t\t<\/figcaption><\/figure><figure class='gallery-item'>\n\t\t\t<div class='gallery-icon portrait'>\n\t\t\t\t<a href='https:\/\/kulturweit.blog\/aufdersuchenachdenbuntenvoegeln\/2024\/02\/14\/kulturexkurs-karneval-in-montevideo\/dsc09365-min\/'><img loading=\"lazy\" decoding=\"async\" width=\"683\" height=\"1024\" src=\"https:\/\/kulturweit.blog\/aufdersuchenachdenbuntenvoegeln\/files\/2024\/02\/DSC09365-min.jpg\" class=\"attachment-full size-full\" alt=\"\" aria-describedby=\"gallery-1-173\" srcset=\"https:\/\/kulturweit.blog\/aufdersuchenachdenbuntenvoegeln\/files\/2024\/02\/DSC09365-min.jpg 683w, https:\/\/kulturweit.blog\/aufdersuchenachdenbuntenvoegeln\/files\/2024\/02\/DSC09365-min-300x450.jpg 300w\" sizes=\"(max-width: 683px) 100vw, 683px\" \/><\/a>\n\t\t\t<\/div>\n\t\t\t\t<figcaption class='wp-caption-text gallery-caption' id='gallery-1-173'>\n\t\t\t\tDie Alten\n\t\t\t\t<\/figcaption><\/figure><figure class='gallery-item'>\n\t\t\t<div class='gallery-icon portrait'>\n\t\t\t\t<a href='https:\/\/kulturweit.blog\/aufdersuchenachdenbuntenvoegeln\/2024\/02\/14\/kulturexkurs-karneval-in-montevideo\/dsc09357-min\/'><img loading=\"lazy\" decoding=\"async\" width=\"683\" height=\"1024\" src=\"https:\/\/kulturweit.blog\/aufdersuchenachdenbuntenvoegeln\/files\/2024\/02\/DSC09357-min.jpg\" class=\"attachment-full size-full\" alt=\"\" aria-describedby=\"gallery-1-180\" srcset=\"https:\/\/kulturweit.blog\/aufdersuchenachdenbuntenvoegeln\/files\/2024\/02\/DSC09357-min.jpg 683w, https:\/\/kulturweit.blog\/aufdersuchenachdenbuntenvoegeln\/files\/2024\/02\/DSC09357-min-300x450.jpg 300w\" sizes=\"(max-width: 683px) 100vw, 683px\" \/><\/a>\n\t\t\t<\/div>\n\t\t\t\t<figcaption class='wp-caption-text gallery-caption' id='gallery-1-180'>\n\t\t\t\tDie m\u00e4nnlichen T\u00e4nzer\n\t\t\t\t<\/figcaption><\/figure><figure class='gallery-item'>\n\t\t\t<div class='gallery-icon landscape'>\n\t\t\t\t<a href='https:\/\/kulturweit.blog\/aufdersuchenachdenbuntenvoegeln\/2024\/02\/14\/kulturexkurs-karneval-in-montevideo\/dsc09333-min\/'><img loading=\"lazy\" decoding=\"async\" width=\"1024\" height=\"683\" src=\"https:\/\/kulturweit.blog\/aufdersuchenachdenbuntenvoegeln\/files\/2024\/02\/DSC09333-min.jpg\" class=\"attachment-full size-full\" alt=\"\" aria-describedby=\"gallery-1-179\" srcset=\"https:\/\/kulturweit.blog\/aufdersuchenachdenbuntenvoegeln\/files\/2024\/02\/DSC09333-min.jpg 1024w, https:\/\/kulturweit.blog\/aufdersuchenachdenbuntenvoegeln\/files\/2024\/02\/DSC09333-min-300x200.jpg 300w, https:\/\/kulturweit.blog\/aufdersuchenachdenbuntenvoegeln\/files\/2024\/02\/DSC09333-min-768x512.jpg 768w\" sizes=\"(max-width: 1024px) 100vw, 1024px\" \/><\/a>\n\t\t\t<\/div>\n\t\t\t\t<figcaption class='wp-caption-text gallery-caption' id='gallery-1-179'>\n\t\t\t\tDie Trommler\n\t\t\t\t<\/figcaption><\/figure>\n\t\t<\/div>\n\n<p><span style=\"font-weight: 400\">Ein andere typische Facette des Karnevals hier sind die Theaterwettbewerbe zwischen den verschiedenen Murga- und Humoristengruppen. Die Murga ist eine Form des politischen Gesangstheaters und wird dazu genutzt, die politischen Verh\u00e4ltnisse im Land zu kritisieren. Man kann sich das ein bisschen wie eine Mischung zwischen einem Musical und einer politischen B\u00fcttenrede vorstellen.\u00a0<\/span><\/p>\n<p><span style=\"font-weight: 400\">(Auch bei dieser Veranstaltung halten wir nicht bis zum Schluss durch, sondern gehen noch vor Ende.)<\/span><\/p>\n<figure id=\"attachment_176\" aria-describedby=\"caption-attachment-176\" style=\"width: 1024px\" class=\"wp-caption aligncenter\"><a href=\"https:\/\/kulturweit.blog\/aufdersuchenachdenbuntenvoegeln\/files\/2024\/02\/DSC09392-min.jpg\"><img loading=\"lazy\" decoding=\"async\" class=\"wp-image-176 size-full\" src=\"https:\/\/kulturweit.blog\/aufdersuchenachdenbuntenvoegeln\/files\/2024\/02\/DSC09392-min.jpg\" alt=\"\" width=\"1024\" height=\"683\" srcset=\"https:\/\/kulturweit.blog\/aufdersuchenachdenbuntenvoegeln\/files\/2024\/02\/DSC09392-min.jpg 1024w, https:\/\/kulturweit.blog\/aufdersuchenachdenbuntenvoegeln\/files\/2024\/02\/DSC09392-min-300x200.jpg 300w, https:\/\/kulturweit.blog\/aufdersuchenachdenbuntenvoegeln\/files\/2024\/02\/DSC09392-min-768x512.jpg 768w\" sizes=\"(max-width: 1024px) 100vw, 1024px\" \/><\/a><figcaption id=\"caption-attachment-176\" class=\"wp-caption-text\">Eine Murga<\/figcaption><\/figure>\n<p><span style=\"font-weight: 400\">Was mich \u00fcberrascht hatte, war, dass man den Karneval wirklich nur abends und eben w\u00e4hrend der Veranstaltungen mitbekam, tags\u00fcber sah ich nichts in der Art, auch die H\u00e4user und Schaufenster waren nicht besonders geschm\u00fcckt. Hier dominierte eher die Valentinstagsdeko. <\/span><\/p>\n<p><span style=\"font-weight: 400\">Die \u00fcberwiegend sonnigen Tage verbrachten wir daher in Museen, im Punta Carretas Shopping und im Parque Rod\u00f3, wo wir Unmengen an Churros a\u00dfen. Da wir aber nie zu lange Gl\u00fcck mit dem Wetter in Montevideo haben k\u00f6nnen, verabschiedeten wir uns montags im str\u00f6menden Regen von der Stadt und denjenigen Freiwilligen, die in wenigen Tagen schon wieder nach Deutschland zur\u00fcckreisen.\u00a0<\/span><\/p>\n<figure id=\"attachment_178\" aria-describedby=\"caption-attachment-178\" style=\"width: 683px\" class=\"wp-caption alignnone\"><a href=\"https:\/\/kulturweit.blog\/aufdersuchenachdenbuntenvoegeln\/files\/2024\/02\/DSC09423-min.jpg\"><img loading=\"lazy\" decoding=\"async\" class=\"size-full wp-image-178\" src=\"https:\/\/kulturweit.blog\/aufdersuchenachdenbuntenvoegeln\/files\/2024\/02\/DSC09423-min.jpg\" alt=\"\" width=\"683\" height=\"1024\" srcset=\"https:\/\/kulturweit.blog\/aufdersuchenachdenbuntenvoegeln\/files\/2024\/02\/DSC09423-min.jpg 683w, https:\/\/kulturweit.blog\/aufdersuchenachdenbuntenvoegeln\/files\/2024\/02\/DSC09423-min-300x450.jpg 300w\" sizes=\"(max-width: 683px) 100vw, 683px\" \/><\/a><figcaption id=\"caption-attachment-178\" class=\"wp-caption-text\">Fahrradfahrer im Parque Rod\u00f3<\/figcaption><\/figure>\n<figure id=\"attachment_177\" aria-describedby=\"caption-attachment-177\" style=\"width: 683px\" class=\"wp-caption alignnone\"><a href=\"https:\/\/kulturweit.blog\/aufdersuchenachdenbuntenvoegeln\/files\/2024\/02\/DSC09414-min.jpg\"><img loading=\"lazy\" decoding=\"async\" class=\"size-full wp-image-177\" src=\"https:\/\/kulturweit.blog\/aufdersuchenachdenbuntenvoegeln\/files\/2024\/02\/DSC09414-min.jpg\" alt=\"\" width=\"683\" height=\"1024\" srcset=\"https:\/\/kulturweit.blog\/aufdersuchenachdenbuntenvoegeln\/files\/2024\/02\/DSC09414-min.jpg 683w, https:\/\/kulturweit.blog\/aufdersuchenachdenbuntenvoegeln\/files\/2024\/02\/DSC09414-min-300x450.jpg 300w\" sizes=\"(max-width: 683px) 100vw, 683px\" \/><\/a><figcaption id=\"caption-attachment-177\" class=\"wp-caption-text\">Die Feria de Trist\u00e1n Narvaja<\/figcaption><\/figure>\n","protected":false},"excerpt":{"rendered":"<p>P\u00fcnktlich zum Ende der Faschenacht (in Deutschland) berichte ich nun \u00fcber den Karneval in Uruguay. Der montevideanische Karneval (der sich doch stark vom brasilianisch gepr\u00e4gten im Norden von Uruguay unterscheidet) ist der l\u00e4ngste der Welt, weshalb ein Gro\u00dfteil von uns Uruguay-Freiwilligen das letzte Wochenende in der Hauptstadt verbracht haben, um uns das Treiben anzuschauen. Ein &hellip; <a href=\"https:\/\/kulturweit.blog\/aufdersuchenachdenbuntenvoegeln\/2024\/02\/14\/kulturexkurs-karneval-in-montevideo\/\" class=\"more-link\"><span class=\"screen-reader-text\">Kulturexkurs: Karneval in Montevideo<\/span> weiterlesen<\/a><\/p>\n","protected":false},"author":3232,"featured_media":179,"comment_status":"open","ping_status":"open","sticky":false,"template":"","format":"standard","meta":{"footnotes":""},"categories":[15,24],"tags":[69,61],"class_list":["post-172","post","type-post","status-publish","format-standard","has-post-thumbnail","hentry","category-ausflug","category-gastland","tag-karneval","tag-montevideo"],"amp_enabled":true,"_links":{"self":[{"href":"https:\/\/kulturweit.blog\/aufdersuchenachdenbuntenvoegeln\/wp-json\/wp\/v2\/posts\/172"}],"collection":[{"href":"https:\/\/kulturweit.blog\/aufdersuchenachdenbuntenvoegeln\/wp-json\/wp\/v2\/posts"}],"about":[{"href":"https:\/\/kulturweit.blog\/aufdersuchenachdenbuntenvoegeln\/wp-json\/wp\/v2\/types\/post"}],"author":[{"embeddable":true,"href":"https:\/\/kulturweit.blog\/aufdersuchenachdenbuntenvoegeln\/wp-json\/wp\/v2\/users\/3232"}],"replies":[{"embeddable":true,"href":"https:\/\/kulturweit.blog\/aufdersuchenachdenbuntenvoegeln\/wp-json\/wp\/v2\/comments?post=172"}],"version-history":[{"count":1,"href":"https:\/\/kulturweit.blog\/aufdersuchenachdenbuntenvoegeln\/wp-json\/wp\/v2\/posts\/172\/revisions"}],"predecessor-version":[{"id":181,"href":"https:\/\/kulturweit.blog\/aufdersuchenachdenbuntenvoegeln\/wp-json\/wp\/v2\/posts\/172\/revisions\/181"}],"wp:featuredmedia":[{"embeddable":true,"href":"https:\/\/kulturweit.blog\/aufdersuchenachdenbuntenvoegeln\/wp-json\/wp\/v2\/media\/179"}],"wp:attachment":[{"href":"https:\/\/kulturweit.blog\/aufdersuchenachdenbuntenvoegeln\/wp-json\/wp\/v2\/media?parent=172"}],"wp:term":[{"taxonomy":"category","embeddable":true,"href":"https:\/\/kulturweit.blog\/aufdersuchenachdenbuntenvoegeln\/wp-json\/wp\/v2\/categories?post=172"},{"taxonomy":"post_tag","embeddable":true,"href":"https:\/\/kulturweit.blog\/aufdersuchenachdenbuntenvoegeln\/wp-json\/wp\/v2\/tags?post=172"}],"curies":[{"name":"wp","href":"https:\/\/api.w.org\/{rel}","templated":true}]}}