{"id":154,"date":"2024-01-10T18:05:53","date_gmt":"2024-01-10T17:05:53","guid":{"rendered":"https:\/\/kulturweit.blog\/aufdersuchenachdenbuntenvoegeln\/?p=154"},"modified":"2024-01-10T18:05:53","modified_gmt":"2024-01-10T17:05:53","slug":"aber-was-ist-mit-weihnachten","status":"publish","type":"post","link":"https:\/\/kulturweit.blog\/aufdersuchenachdenbuntenvoegeln\/2024\/01\/10\/aber-was-ist-mit-weihnachten\/","title":{"rendered":"Aber was ist mit Weihnachten?"},"content":{"rendered":"<p><span style=\"font-weight: 400\">Ich kehre nun nicht widerwillig, aber doch mit einer gewissen Unlust zu diesem Stiefkind meiner Berichterstattung \u00fcber mein Auslandsjahr zur\u00fcck (h\u00f6rt einfach den Podcast oder folgt mir auf Instagram, da bekommt ihr in etwa die gleichen Informationen, nur schneller), wo man die dritte Version meiner Erlebnisse zu lesen findet.\u00a0<\/span><\/p>\n<p><span style=\"font-weight: 400\">Die wohl gr\u00f6\u00dfte Sorge meiner Mutter, nachdem Zielland und all das feststanden, war wohl die obige Frage: Wie w\u00fcrde ich Weihnachten verbringen?<\/span><\/p>\n<p><span style=\"font-weight: 400\">Da mittlerweile das Alte Jahr verstrichen ist, kann ich \u00fcber ebendiese Zeit zwischen den Jahren berichten. W\u00e4hrend meines letzten Artikels war ich noch in Atibaia und von dort aus ging es nach Itajobi in die Limettenanbauregion Brasiliens. In dieser Kleinstadt wohnen die Geschwister meiner Tante; ich kam bei ihrem Bruder unter, sie und mein Onkel bei ihrer Schwester. Ich wurde sehr herzlich aufgenommen und verbrachte meine Zeit hier haupts\u00e4chlich mit der Familie und damit, zu essen. Die kleine f\u00fcnfj\u00e4hrige Nichte meiner Tante und die gro\u00dfe Auswahl an Fruchts\u00e4ften, die man \u00fcberall kaufen kann, sind Gr\u00fcnde, warum ich jetzt zumindest die Namen verschiedener Obstsorten auf Portugiesisch kenne.\u00a0<\/span><\/p>\n<div id='gallery-1' class='gallery galleryid-154 gallery-columns-1 gallery-size-full'><figure class='gallery-item'>\n\t\t\t<div class='gallery-icon landscape'>\n\t\t\t\t<a href='https:\/\/kulturweit.blog\/aufdersuchenachdenbuntenvoegeln\/2024\/01\/10\/aber-was-ist-mit-weihnachten\/dsc08697-min\/'><img loading=\"lazy\" decoding=\"async\" width=\"1024\" height=\"683\" src=\"https:\/\/kulturweit.blog\/aufdersuchenachdenbuntenvoegeln\/files\/2024\/01\/DSC08697-min.jpg\" class=\"attachment-full size-full\" alt=\"\" aria-describedby=\"gallery-1-156\" srcset=\"https:\/\/kulturweit.blog\/aufdersuchenachdenbuntenvoegeln\/files\/2024\/01\/DSC08697-min.jpg 1024w, https:\/\/kulturweit.blog\/aufdersuchenachdenbuntenvoegeln\/files\/2024\/01\/DSC08697-min-300x200.jpg 300w, https:\/\/kulturweit.blog\/aufdersuchenachdenbuntenvoegeln\/files\/2024\/01\/DSC08697-min-768x512.jpg 768w\" sizes=\"(max-width: 1024px) 100vw, 1024px\" \/><\/a>\n\t\t\t<\/div>\n\t\t\t\t<figcaption class='wp-caption-text gallery-caption' id='gallery-1-156'>\n\t\t\t\tDie Zufahrt nach Itajobi\n\t\t\t\t<\/figcaption><\/figure><figure class='gallery-item'>\n\t\t\t<div class='gallery-icon portrait'>\n\t\t\t\t<a href='https:\/\/kulturweit.blog\/aufdersuchenachdenbuntenvoegeln\/2024\/01\/10\/aber-was-ist-mit-weihnachten\/dsc08717-min\/'><img loading=\"lazy\" decoding=\"async\" width=\"683\" height=\"1024\" src=\"https:\/\/kulturweit.blog\/aufdersuchenachdenbuntenvoegeln\/files\/2024\/01\/DSC08717-min.jpg\" class=\"attachment-full size-full\" alt=\"\" aria-describedby=\"gallery-1-157\" srcset=\"https:\/\/kulturweit.blog\/aufdersuchenachdenbuntenvoegeln\/files\/2024\/01\/DSC08717-min.jpg 683w, https:\/\/kulturweit.blog\/aufdersuchenachdenbuntenvoegeln\/files\/2024\/01\/DSC08717-min-300x450.jpg 300w\" sizes=\"(max-width: 683px) 100vw, 683px\" \/><\/a>\n\t\t\t<\/div>\n\t\t\t\t<figcaption class='wp-caption-text gallery-caption' id='gallery-1-157'>\n\t\t\t\tBlick \u00fcber ein Zuckerrohrfeld bei Itajobi\n\t\t\t\t<\/figcaption><\/figure>\n\t\t<\/div>\n\n<p><span style=\"font-weight: 400\">\u00dcber das Essen in Brasilien kann ich Gutes berichten: Nat\u00fcrlich gibt es hier eine Vielzahl frischer Fr\u00fcchte, die ich auch in regen Mengen a\u00df, entweder frisch oder zu Saft verarbeitet. Auch das Grundnahrungsmittel, n\u00e4mlich Reis und Bohnen, sagte mir zu. Ein kleineres Gericht, dessen Zubereitung immer noch Fragen in mir aufwirft, ist Tapioca. In Brasilien wird aus relativ grobgemahlenem Manniok ein Fladen in der Pfanne ausgebacken, der dann entweder s\u00fc\u00df oder herzhaft belegt gegessen wird. Wie dieser Fladen zusammenh\u00e4lt, blieb mir ein R\u00e4tsel.<\/span><\/p>\n<div id='gallery-2' class='gallery galleryid-154 gallery-columns-1 gallery-size-full'><figure class='gallery-item'>\n\t\t\t<div class='gallery-icon portrait'>\n\t\t\t\t<a href='https:\/\/kulturweit.blog\/aufdersuchenachdenbuntenvoegeln\/2024\/01\/10\/aber-was-ist-mit-weihnachten\/dsc08869-min\/'><img loading=\"lazy\" decoding=\"async\" width=\"683\" height=\"1024\" src=\"https:\/\/kulturweit.blog\/aufdersuchenachdenbuntenvoegeln\/files\/2024\/01\/DSC08869-min.jpg\" class=\"attachment-full size-full\" alt=\"\" aria-describedby=\"gallery-2-162\" srcset=\"https:\/\/kulturweit.blog\/aufdersuchenachdenbuntenvoegeln\/files\/2024\/01\/DSC08869-min.jpg 683w, https:\/\/kulturweit.blog\/aufdersuchenachdenbuntenvoegeln\/files\/2024\/01\/DSC08869-min-300x450.jpg 300w\" sizes=\"(max-width: 683px) 100vw, 683px\" \/><\/a>\n\t\t\t<\/div>\n\t\t\t\t<figcaption class='wp-caption-text gallery-caption' id='gallery-2-162'>\n\t\t\t\tJackfrucht\n\t\t\t\t<\/figcaption><\/figure><figure class='gallery-item'>\n\t\t\t<div class='gallery-icon landscape'>\n\t\t\t\t<a href='https:\/\/kulturweit.blog\/aufdersuchenachdenbuntenvoegeln\/2024\/01\/10\/aber-was-ist-mit-weihnachten\/dsc08725-min\/'><img loading=\"lazy\" decoding=\"async\" width=\"1024\" height=\"683\" src=\"https:\/\/kulturweit.blog\/aufdersuchenachdenbuntenvoegeln\/files\/2024\/01\/DSC08725-min.jpg\" class=\"attachment-full size-full\" alt=\"\" aria-describedby=\"gallery-2-158\" srcset=\"https:\/\/kulturweit.blog\/aufdersuchenachdenbuntenvoegeln\/files\/2024\/01\/DSC08725-min.jpg 1024w, https:\/\/kulturweit.blog\/aufdersuchenachdenbuntenvoegeln\/files\/2024\/01\/DSC08725-min-300x200.jpg 300w, https:\/\/kulturweit.blog\/aufdersuchenachdenbuntenvoegeln\/files\/2024\/01\/DSC08725-min-768x512.jpg 768w\" sizes=\"(max-width: 1024px) 100vw, 1024px\" \/><\/a>\n\t\t\t<\/div>\n\t\t\t\t<figcaption class='wp-caption-text gallery-caption' id='gallery-2-158'>\n\t\t\t\tManniokwurzel\n\t\t\t\t<\/figcaption><\/figure>\n\t\t<\/div>\n\n<p><span style=\"font-weight: 400\">Wie ich nun so in Brasilien war, fasste ich ziemlich spontan den Entschluss, mir auch Rio de Janeiro anzuschauen. Gesagt, getan \u2013 kaufte ich am ersten Tag noch das Busticket, war ich am n\u00e4chsten schon unterwegs nach Norden.<\/span><\/p>\n<figure id=\"attachment_160\" aria-describedby=\"caption-attachment-160\" style=\"width: 1024px\" class=\"wp-caption alignnone\"><a href=\"https:\/\/kulturweit.blog\/aufdersuchenachdenbuntenvoegeln\/files\/2024\/01\/DSC08821-min.jpg\"><img loading=\"lazy\" decoding=\"async\" class=\"size-full wp-image-160\" src=\"https:\/\/kulturweit.blog\/aufdersuchenachdenbuntenvoegeln\/files\/2024\/01\/DSC08821-min.jpg\" alt=\"\" width=\"1024\" height=\"683\" srcset=\"https:\/\/kulturweit.blog\/aufdersuchenachdenbuntenvoegeln\/files\/2024\/01\/DSC08821-min.jpg 1024w, https:\/\/kulturweit.blog\/aufdersuchenachdenbuntenvoegeln\/files\/2024\/01\/DSC08821-min-300x200.jpg 300w, https:\/\/kulturweit.blog\/aufdersuchenachdenbuntenvoegeln\/files\/2024\/01\/DSC08821-min-768x512.jpg 768w\" sizes=\"(max-width: 1024px) 100vw, 1024px\" \/><\/a><figcaption id=\"caption-attachment-160\" class=\"wp-caption-text\">Blick auf Rio de Janeiro von der Cristo-Statue<\/figcaption><\/figure>\n<p><span style=\"font-weight: 400\">Rio gefiel mir sehr gut und ich hatte auch meine Freude daran, mal wieder alleine zu reisen. Selbstverst\u00e4ndlich schaute ich mir die Cristo-Statue an und lie\u00df die Wellen der Copacabana gegen mich brausen, aber ich lernte auch im <em>Museu Hist\u00f3rico Nacional<\/em> einiges \u00fcber die Geschichte Brasiliens und Rio de Janeiros. Beinahe einen ganzen Tag verbrachte ich auch im Botanischen Garten der Stadt, den ich jedem Besucher, der sich f\u00fcr Pflanzen (und Tiere) interessiert, nur ans Herz legen kann.\u00a0<\/span><\/p>\n<div id='gallery-3' class='gallery galleryid-154 gallery-columns-1 gallery-size-full'><figure class='gallery-item'>\n\t\t\t<div class='gallery-icon landscape'>\n\t\t\t\t<a href='https:\/\/kulturweit.blog\/aufdersuchenachdenbuntenvoegeln\/2024\/01\/10\/aber-was-ist-mit-weihnachten\/dsc08830-min\/'><img loading=\"lazy\" decoding=\"async\" width=\"1024\" height=\"683\" src=\"https:\/\/kulturweit.blog\/aufdersuchenachdenbuntenvoegeln\/files\/2024\/01\/DSC08830-min.jpg\" class=\"attachment-full size-full\" alt=\"\" aria-describedby=\"gallery-3-161\" srcset=\"https:\/\/kulturweit.blog\/aufdersuchenachdenbuntenvoegeln\/files\/2024\/01\/DSC08830-min.jpg 1024w, https:\/\/kulturweit.blog\/aufdersuchenachdenbuntenvoegeln\/files\/2024\/01\/DSC08830-min-300x200.jpg 300w, https:\/\/kulturweit.blog\/aufdersuchenachdenbuntenvoegeln\/files\/2024\/01\/DSC08830-min-768x512.jpg 768w\" sizes=\"(max-width: 1024px) 100vw, 1024px\" \/><\/a>\n\t\t\t<\/div>\n\t\t\t\t<figcaption class='wp-caption-text gallery-caption' id='gallery-3-161'>\n\t\t\t\tCristo Redentor\n\t\t\t\t<\/figcaption><\/figure><figure class='gallery-item'>\n\t\t\t<div class='gallery-icon landscape'>\n\t\t\t\t<a href='https:\/\/kulturweit.blog\/aufdersuchenachdenbuntenvoegeln\/2024\/01\/10\/aber-was-ist-mit-weihnachten\/dsc08804-min\/'><img loading=\"lazy\" decoding=\"async\" width=\"1024\" height=\"683\" src=\"https:\/\/kulturweit.blog\/aufdersuchenachdenbuntenvoegeln\/files\/2024\/01\/DSC08804-min.jpg\" class=\"attachment-full size-full\" alt=\"\" aria-describedby=\"gallery-3-159\" srcset=\"https:\/\/kulturweit.blog\/aufdersuchenachdenbuntenvoegeln\/files\/2024\/01\/DSC08804-min.jpg 1024w, https:\/\/kulturweit.blog\/aufdersuchenachdenbuntenvoegeln\/files\/2024\/01\/DSC08804-min-300x200.jpg 300w, https:\/\/kulturweit.blog\/aufdersuchenachdenbuntenvoegeln\/files\/2024\/01\/DSC08804-min-768x512.jpg 768w\" sizes=\"(max-width: 1024px) 100vw, 1024px\" \/><\/a>\n\t\t\t<\/div>\n\t\t\t\t<figcaption class='wp-caption-text gallery-caption' id='gallery-3-159'>\n\t\t\t\tArcos da Lapa mit der Catedral Metropolitana im Hintergrund\n\t\t\t\t<\/figcaption><\/figure><figure class='gallery-item'>\n\t\t\t<div class='gallery-icon portrait'>\n\t\t\t\t<a href='https:\/\/kulturweit.blog\/aufdersuchenachdenbuntenvoegeln\/2024\/01\/10\/aber-was-ist-mit-weihnachten\/dsc08891-min\/'><img loading=\"lazy\" decoding=\"async\" width=\"683\" height=\"1024\" src=\"https:\/\/kulturweit.blog\/aufdersuchenachdenbuntenvoegeln\/files\/2024\/01\/DSC08891-min.jpg\" class=\"attachment-full size-full\" alt=\"\" aria-describedby=\"gallery-3-163\" srcset=\"https:\/\/kulturweit.blog\/aufdersuchenachdenbuntenvoegeln\/files\/2024\/01\/DSC08891-min.jpg 683w, https:\/\/kulturweit.blog\/aufdersuchenachdenbuntenvoegeln\/files\/2024\/01\/DSC08891-min-300x450.jpg 300w\" sizes=\"(max-width: 683px) 100vw, 683px\" \/><\/a>\n\t\t\t<\/div>\n\t\t\t\t<figcaption class='wp-caption-text gallery-caption' id='gallery-3-163'>\n\t\t\t\tKanonenkugelbaum\n\t\t\t\t<\/figcaption><\/figure><figure class='gallery-item'>\n\t\t\t<div class='gallery-icon landscape'>\n\t\t\t\t<a href='https:\/\/kulturweit.blog\/aufdersuchenachdenbuntenvoegeln\/2024\/01\/10\/aber-was-ist-mit-weihnachten\/dsc08919-min\/'><img loading=\"lazy\" decoding=\"async\" width=\"1024\" height=\"683\" src=\"https:\/\/kulturweit.blog\/aufdersuchenachdenbuntenvoegeln\/files\/2024\/01\/DSC08919-min.jpg\" class=\"attachment-full size-full\" alt=\"\" aria-describedby=\"gallery-3-164\" srcset=\"https:\/\/kulturweit.blog\/aufdersuchenachdenbuntenvoegeln\/files\/2024\/01\/DSC08919-min.jpg 1024w, https:\/\/kulturweit.blog\/aufdersuchenachdenbuntenvoegeln\/files\/2024\/01\/DSC08919-min-300x200.jpg 300w, https:\/\/kulturweit.blog\/aufdersuchenachdenbuntenvoegeln\/files\/2024\/01\/DSC08919-min-768x512.jpg 768w\" sizes=\"(max-width: 1024px) 100vw, 1024px\" \/><\/a>\n\t\t\t<\/div>\n\t\t\t\t<figcaption class='wp-caption-text gallery-caption' id='gallery-3-164'>\n\t\t\t\tEine Eidechse \n\t\t\t\t<\/figcaption><\/figure><figure class='gallery-item'>\n\t\t\t<div class='gallery-icon landscape'>\n\t\t\t\t<a href='https:\/\/kulturweit.blog\/aufdersuchenachdenbuntenvoegeln\/2024\/01\/10\/aber-was-ist-mit-weihnachten\/dsc08963-min\/'><img loading=\"lazy\" decoding=\"async\" width=\"1024\" height=\"683\" src=\"https:\/\/kulturweit.blog\/aufdersuchenachdenbuntenvoegeln\/files\/2024\/01\/DSC08963-min.jpg\" class=\"attachment-full size-full\" alt=\"\" aria-describedby=\"gallery-3-165\" srcset=\"https:\/\/kulturweit.blog\/aufdersuchenachdenbuntenvoegeln\/files\/2024\/01\/DSC08963-min.jpg 1024w, https:\/\/kulturweit.blog\/aufdersuchenachdenbuntenvoegeln\/files\/2024\/01\/DSC08963-min-300x200.jpg 300w, https:\/\/kulturweit.blog\/aufdersuchenachdenbuntenvoegeln\/files\/2024\/01\/DSC08963-min-768x512.jpg 768w\" sizes=\"(max-width: 1024px) 100vw, 1024px\" \/><\/a>\n\t\t\t<\/div>\n\t\t\t\t<figcaption class='wp-caption-text gallery-caption' id='gallery-3-165'>\n\t\t\t\tDas Orchideenhaus des Botanischen Gartens\n\t\t\t\t<\/figcaption><\/figure>\n\t\t<\/div>\n\n<p><span style=\"font-weight: 400\">In Rio kam ich nat\u00fcrlich nicht drum herum, mich mit anderen Freiwilligen zu treffen, die hier entweder ihren Freiwilligendienst absolvieren oder f\u00fcr das Neue Jahr angereist waren (z. T. aus Argentinien und Paraguay!).<\/span><\/p>\n<p><span style=\"font-weight: 400\">Das Jahr wechselte f\u00fcr mich unter spektakul\u00e4rem Feuerwerk an der Copacabana.<\/span><\/p>\n<figure id=\"attachment_166\" aria-describedby=\"caption-attachment-166\" style=\"width: 1024px\" class=\"wp-caption alignnone\"><a href=\"https:\/\/kulturweit.blog\/aufdersuchenachdenbuntenvoegeln\/files\/2024\/01\/DSC09004-min.jpg\"><img loading=\"lazy\" decoding=\"async\" class=\"size-full wp-image-166\" src=\"https:\/\/kulturweit.blog\/aufdersuchenachdenbuntenvoegeln\/files\/2024\/01\/DSC09004-min.jpg\" alt=\"\" width=\"1024\" height=\"683\" srcset=\"https:\/\/kulturweit.blog\/aufdersuchenachdenbuntenvoegeln\/files\/2024\/01\/DSC09004-min.jpg 1024w, https:\/\/kulturweit.blog\/aufdersuchenachdenbuntenvoegeln\/files\/2024\/01\/DSC09004-min-300x200.jpg 300w, https:\/\/kulturweit.blog\/aufdersuchenachdenbuntenvoegeln\/files\/2024\/01\/DSC09004-min-768x512.jpg 768w\" sizes=\"(max-width: 1024px) 100vw, 1024px\" \/><\/a><figcaption id=\"caption-attachment-166\" class=\"wp-caption-text\">Blick auf die Copacabana aus S\u00fcden<\/figcaption><\/figure>\n<p><span style=\"font-weight: 400\">Am 01. Januar ging es dann wieder zur\u00fcck nach Itajobi, ich verbrachte noch ein paar wenige Tage bei der Familie und am 03. ging es schon wieder weiter nach Atibaia. Da ich mir vor meinem R\u00fcckflug noch S\u00e3o Paulo anschauen wollte, nahm ich den Bus dorthin und verbrachte noch zwei Tage in der gr\u00f6\u00dften Stadt Brasiliens. Auch hier traf ich mich wieder mit einigen Freiwilligen. Highlights meiner Zeit in S\u00e3o Paulo waren neben der Pinacoteca, die spannende K\u00fcnstler:innen wie Marta Minuj\u00edn und Cao Fei ausstellte, die Kirche S\u00e3o Bento und das japanische Viertel Liberdade, wo man sich wie in Fernost f\u00fchlt. S\u00e3o Paulo hat die gr\u00f6\u00dfte Gemeinschaft Japaner au\u00dferhalb von Japans, denn Anfang des 20. Jahrhunderts kamen viele Einwanderer hierher, um auf den Kaffeeplantagen zu arbeiten. Die Lebensrealit\u00e4t dieser Einwanderer und den Werdegang der japanischen Bev\u00f6lkerung in Brasilien zeigt das <\/span><i><span style=\"font-weight: 400\">Museu Hist\u00f3rico da Imigra\u00e7\u00e3o Japonesa no Brasil<\/span><\/i><span style=\"font-weight: 400\">.<\/span><\/p>\n<div id='gallery-4' class='gallery galleryid-154 gallery-columns-1 gallery-size-full'><figure class='gallery-item'>\n\t\t\t<div class='gallery-icon landscape'>\n\t\t\t\t<a href='https:\/\/kulturweit.blog\/aufdersuchenachdenbuntenvoegeln\/2024\/01\/10\/aber-was-ist-mit-weihnachten\/dsc09038-min\/'><img loading=\"lazy\" decoding=\"async\" width=\"1024\" height=\"683\" src=\"https:\/\/kulturweit.blog\/aufdersuchenachdenbuntenvoegeln\/files\/2024\/01\/DSC09038-min.jpg\" class=\"attachment-full size-full\" alt=\"\" aria-describedby=\"gallery-4-167\" srcset=\"https:\/\/kulturweit.blog\/aufdersuchenachdenbuntenvoegeln\/files\/2024\/01\/DSC09038-min.jpg 1024w, https:\/\/kulturweit.blog\/aufdersuchenachdenbuntenvoegeln\/files\/2024\/01\/DSC09038-min-300x200.jpg 300w, https:\/\/kulturweit.blog\/aufdersuchenachdenbuntenvoegeln\/files\/2024\/01\/DSC09038-min-768x512.jpg 768w\" sizes=\"(max-width: 1024px) 100vw, 1024px\" \/><\/a>\n\t\t\t<\/div>\n\t\t\t\t<figcaption class='wp-caption-text gallery-caption' id='gallery-4-167'>\n\t\t\t\tDie Esta\u00e7\u00e3o da Luz\n\t\t\t\t<\/figcaption><\/figure><figure class='gallery-item'>\n\t\t\t<div class='gallery-icon landscape'>\n\t\t\t\t<a href='https:\/\/kulturweit.blog\/aufdersuchenachdenbuntenvoegeln\/2024\/01\/10\/aber-was-ist-mit-weihnachten\/dsc09072-min\/'><img loading=\"lazy\" decoding=\"async\" width=\"1024\" height=\"683\" src=\"https:\/\/kulturweit.blog\/aufdersuchenachdenbuntenvoegeln\/files\/2024\/01\/DSC09072-min.jpg\" class=\"attachment-full size-full\" alt=\"\" aria-describedby=\"gallery-4-155\" srcset=\"https:\/\/kulturweit.blog\/aufdersuchenachdenbuntenvoegeln\/files\/2024\/01\/DSC09072-min.jpg 1024w, https:\/\/kulturweit.blog\/aufdersuchenachdenbuntenvoegeln\/files\/2024\/01\/DSC09072-min-300x200.jpg 300w, https:\/\/kulturweit.blog\/aufdersuchenachdenbuntenvoegeln\/files\/2024\/01\/DSC09072-min-768x512.jpg 768w\" sizes=\"(max-width: 1024px) 100vw, 1024px\" \/><\/a>\n\t\t\t<\/div>\n\t\t\t\t<figcaption class='wp-caption-text gallery-caption' id='gallery-4-155'>\n\t\t\t\tMarkt in Liberdade\n\t\t\t\t<\/figcaption><\/figure><figure class='gallery-item'>\n\t\t\t<div class='gallery-icon landscape'>\n\t\t\t\t<a href='https:\/\/kulturweit.blog\/aufdersuchenachdenbuntenvoegeln\/2024\/01\/10\/aber-was-ist-mit-weihnachten\/dsc09069-min\/'><img loading=\"lazy\" decoding=\"async\" width=\"1024\" height=\"683\" src=\"https:\/\/kulturweit.blog\/aufdersuchenachdenbuntenvoegeln\/files\/2024\/01\/DSC09069-min.jpg\" class=\"attachment-full size-full\" alt=\"\" srcset=\"https:\/\/kulturweit.blog\/aufdersuchenachdenbuntenvoegeln\/files\/2024\/01\/DSC09069-min.jpg 1024w, https:\/\/kulturweit.blog\/aufdersuchenachdenbuntenvoegeln\/files\/2024\/01\/DSC09069-min-300x200.jpg 300w, https:\/\/kulturweit.blog\/aufdersuchenachdenbuntenvoegeln\/files\/2024\/01\/DSC09069-min-768x512.jpg 768w\" sizes=\"(max-width: 1024px) 100vw, 1024px\" \/><\/a>\n\t\t\t<\/div><\/figure>\n\t\t<\/div>\n\n<p><span style=\"font-weight: 400\">Obwohl ich viele interessante Dinge auf meiner kleinen Brasilienreise erleben konnte, war ich jetzt am Ende doch froh, wieder nach Uruguay zur\u00fcckzukehren. Auch in Fray Bentos hatte sich einiges ge\u00e4ndert, so hatte ich mittlerweile drei Mitbewohner:innen mehr, doch dar\u00fcber vielleicht ein andermal.\u00a0<\/span><\/p>\n","protected":false},"excerpt":{"rendered":"<p>Ich kehre nun nicht widerwillig, aber doch mit einer gewissen Unlust zu diesem Stiefkind meiner Berichterstattung \u00fcber mein Auslandsjahr zur\u00fcck (h\u00f6rt einfach den Podcast oder folgt mir auf Instagram, da bekommt ihr in etwa die gleichen Informationen, nur schneller), wo man die dritte Version meiner Erlebnisse zu lesen findet.\u00a0 Die wohl gr\u00f6\u00dfte Sorge meiner Mutter, &hellip; <a href=\"https:\/\/kulturweit.blog\/aufdersuchenachdenbuntenvoegeln\/2024\/01\/10\/aber-was-ist-mit-weihnachten\/\" class=\"more-link\"><span class=\"screen-reader-text\">Aber was ist mit Weihnachten?<\/span> weiterlesen<\/a><\/p>\n","protected":false},"author":3232,"featured_media":161,"comment_status":"open","ping_status":"open","sticky":false,"template":"","format":"standard","meta":{"footnotes":""},"categories":[1,38],"tags":[66,53,59,54,56,58,68,67,57],"class_list":["post-154","post","type-post","status-publish","format-standard","has-post-thumbnail","hentry","category-allgemein","category-reise","tag-brasilien","tag-freiwilligendienst","tag-fsj","tag-fsj-im-ausland","tag-fsj-in-suedamerika","tag-kulturweit","tag-reise","tag-sao-paulo","tag-suedamerika"],"amp_enabled":true,"_links":{"self":[{"href":"https:\/\/kulturweit.blog\/aufdersuchenachdenbuntenvoegeln\/wp-json\/wp\/v2\/posts\/154"}],"collection":[{"href":"https:\/\/kulturweit.blog\/aufdersuchenachdenbuntenvoegeln\/wp-json\/wp\/v2\/posts"}],"about":[{"href":"https:\/\/kulturweit.blog\/aufdersuchenachdenbuntenvoegeln\/wp-json\/wp\/v2\/types\/post"}],"author":[{"embeddable":true,"href":"https:\/\/kulturweit.blog\/aufdersuchenachdenbuntenvoegeln\/wp-json\/wp\/v2\/users\/3232"}],"replies":[{"embeddable":true,"href":"https:\/\/kulturweit.blog\/aufdersuchenachdenbuntenvoegeln\/wp-json\/wp\/v2\/comments?post=154"}],"version-history":[{"count":2,"href":"https:\/\/kulturweit.blog\/aufdersuchenachdenbuntenvoegeln\/wp-json\/wp\/v2\/posts\/154\/revisions"}],"predecessor-version":[{"id":170,"href":"https:\/\/kulturweit.blog\/aufdersuchenachdenbuntenvoegeln\/wp-json\/wp\/v2\/posts\/154\/revisions\/170"}],"wp:featuredmedia":[{"embeddable":true,"href":"https:\/\/kulturweit.blog\/aufdersuchenachdenbuntenvoegeln\/wp-json\/wp\/v2\/media\/161"}],"wp:attachment":[{"href":"https:\/\/kulturweit.blog\/aufdersuchenachdenbuntenvoegeln\/wp-json\/wp\/v2\/media?parent=154"}],"wp:term":[{"taxonomy":"category","embeddable":true,"href":"https:\/\/kulturweit.blog\/aufdersuchenachdenbuntenvoegeln\/wp-json\/wp\/v2\/categories?post=154"},{"taxonomy":"post_tag","embeddable":true,"href":"https:\/\/kulturweit.blog\/aufdersuchenachdenbuntenvoegeln\/wp-json\/wp\/v2\/tags?post=154"}],"curies":[{"name":"wp","href":"https:\/\/api.w.org\/{rel}","templated":true}]}}