{"id":143,"date":"2023-12-22T14:03:12","date_gmt":"2023-12-22T13:03:12","guid":{"rendered":"https:\/\/kulturweit.blog\/aufdersuchenachdenbuntenvoegeln\/?p=143"},"modified":"2024-01-10T16:22:18","modified_gmt":"2024-01-10T15:22:18","slug":"in-48-stunden-nach-sao-paulo","status":"publish","type":"post","link":"https:\/\/kulturweit.blog\/aufdersuchenachdenbuntenvoegeln\/2023\/12\/22\/in-48-stunden-nach-sao-paulo\/","title":{"rendered":"In 48 Stunden nach S\u00e3o Paulo"},"content":{"rendered":"<p><span style=\"font-weight: 400\">Mit den Weihnachstagen ganz nah, mache ich mich zu meiner n\u00e4chsten Reise auf: Ich treffe meinen Onkel und meine Tante in Brasilien und meine Reise dorthin ist eine kleine Odyssey.\u00a0<\/span><\/p>\n<figure id=\"attachment_145\" aria-describedby=\"caption-attachment-145\" style=\"width: 1024px\" class=\"wp-caption aligncenter\"><a href=\"https:\/\/kulturweit.blog\/aufdersuchenachdenbuntenvoegeln\/files\/2023\/12\/DSC08612-min.jpg\"><img loading=\"lazy\" decoding=\"async\" class=\"wp-image-145 size-full\" src=\"https:\/\/kulturweit.blog\/aufdersuchenachdenbuntenvoegeln\/files\/2023\/12\/DSC08612-min.jpg\" alt=\"\" width=\"1024\" height=\"683\" srcset=\"https:\/\/kulturweit.blog\/aufdersuchenachdenbuntenvoegeln\/files\/2023\/12\/DSC08612-min.jpg 1024w, https:\/\/kulturweit.blog\/aufdersuchenachdenbuntenvoegeln\/files\/2023\/12\/DSC08612-min-300x200.jpg 300w, https:\/\/kulturweit.blog\/aufdersuchenachdenbuntenvoegeln\/files\/2023\/12\/DSC08612-min-768x512.jpg 768w\" sizes=\"(max-width: 1024px) 100vw, 1024px\" \/><\/a><figcaption id=\"caption-attachment-145\" class=\"wp-caption-text\">Der zentrale Busbahnhof Tres Cruces in Montevideo<\/figcaption><\/figure>\n<p><span style=\"font-weight: 400\">Schritt 1 ist nat\u00fcrlich eine Fahrt nach Montevideo, denn wenn man von Uruguay aus irgendwohin m\u00f6chte, ist das immer der Anfang. Aktuell ist das Wetter wieder schlecht und es regnet viel. Auch dieses Mal pr\u00e4sentiert sich Montevideo grau und wolkenverhangen und damit im perfekten Wetter f\u00fcr einen Museumsbesuch.\u00a0<\/span><\/p>\n<p><span style=\"font-weight: 400\">Im Museo de Artes Visuales werden vor allem uruguayische K\u00fcnstler:innen des 19. und 20. Jahrhundert ausgestellt, die sich gegenseitig beeinflusst hatten und deren Kunst aufeinander aufbaute. Besonders gut gef\u00e4llt mir ein Stil, den das Museum als Plan\u00edsmo Urugayo bezeichnet, bei dem vor allem Pastellfarben mit breiten Strichen oder in Fl\u00e4chen aufgetragen werden.\u00a0<\/span><\/p>\n<div id='gallery-1' class='gallery galleryid-143 gallery-columns-1 gallery-size-full'><figure class='gallery-item'>\n\t\t\t<div class='gallery-icon landscape'>\n\t\t\t\t<a href='https:\/\/kulturweit.blog\/aufdersuchenachdenbuntenvoegeln\/2023\/12\/22\/in-48-stunden-nach-sao-paulo\/dsc08599-min\/'><img loading=\"lazy\" decoding=\"async\" width=\"1024\" height=\"683\" src=\"https:\/\/kulturweit.blog\/aufdersuchenachdenbuntenvoegeln\/files\/2023\/12\/DSC08599-min.jpg\" class=\"attachment-full size-full\" alt=\"\" aria-describedby=\"gallery-1-144\" srcset=\"https:\/\/kulturweit.blog\/aufdersuchenachdenbuntenvoegeln\/files\/2023\/12\/DSC08599-min.jpg 1024w, https:\/\/kulturweit.blog\/aufdersuchenachdenbuntenvoegeln\/files\/2023\/12\/DSC08599-min-300x200.jpg 300w, https:\/\/kulturweit.blog\/aufdersuchenachdenbuntenvoegeln\/files\/2023\/12\/DSC08599-min-768x512.jpg 768w\" sizes=\"(max-width: 1024px) 100vw, 1024px\" \/><\/a>\n\t\t\t<\/div>\n\t\t\t\t<figcaption class='wp-caption-text gallery-caption' id='gallery-1-144'>\n\t\t\t\tBlick auf die Ausstellung\n\t\t\t\t<\/figcaption><\/figure><figure class='gallery-item'>\n\t\t\t<div class='gallery-icon portrait'>\n\t\t\t\t<a href='https:\/\/kulturweit.blog\/aufdersuchenachdenbuntenvoegeln\/2023\/12\/22\/in-48-stunden-nach-sao-paulo\/dsc08588-min\/'><img loading=\"lazy\" decoding=\"async\" width=\"683\" height=\"1024\" src=\"https:\/\/kulturweit.blog\/aufdersuchenachdenbuntenvoegeln\/files\/2023\/12\/DSC08588-min.jpg\" class=\"attachment-full size-full\" alt=\"\" aria-describedby=\"gallery-1-149\" srcset=\"https:\/\/kulturweit.blog\/aufdersuchenachdenbuntenvoegeln\/files\/2023\/12\/DSC08588-min.jpg 683w, https:\/\/kulturweit.blog\/aufdersuchenachdenbuntenvoegeln\/files\/2023\/12\/DSC08588-min-300x450.jpg 300w\" sizes=\"(max-width: 683px) 100vw, 683px\" \/><\/a>\n\t\t\t<\/div>\n\t\t\t\t<figcaption class='wp-caption-text gallery-caption' id='gallery-1-149'>\n\t\t\t\tDetail\n\t\t\t\t<\/figcaption><\/figure><figure class='gallery-item'>\n\t\t\t<div class='gallery-icon portrait'>\n\t\t\t\t<a href='https:\/\/kulturweit.blog\/aufdersuchenachdenbuntenvoegeln\/2023\/12\/22\/in-48-stunden-nach-sao-paulo\/dsc08590-min\/'><img loading=\"lazy\" decoding=\"async\" width=\"683\" height=\"1024\" src=\"https:\/\/kulturweit.blog\/aufdersuchenachdenbuntenvoegeln\/files\/2023\/12\/DSC08590-min.jpg\" class=\"attachment-full size-full\" alt=\"\" aria-describedby=\"gallery-1-150\" srcset=\"https:\/\/kulturweit.blog\/aufdersuchenachdenbuntenvoegeln\/files\/2023\/12\/DSC08590-min.jpg 683w, https:\/\/kulturweit.blog\/aufdersuchenachdenbuntenvoegeln\/files\/2023\/12\/DSC08590-min-300x450.jpg 300w\" sizes=\"(max-width: 683px) 100vw, 683px\" \/><\/a>\n\t\t\t<\/div>\n\t\t\t\t<figcaption class='wp-caption-text gallery-caption' id='gallery-1-150'>\n\t\t\t\tRetrato de Luis E. Pombro (Guillermo Laborde)\n\t\t\t\t<\/figcaption><\/figure>\n\t\t<\/div>\n\n<p><span style=\"font-weight: 400\">Abends geht es dann mit dem Bus Richtung Porto Alegre. Da der Busfahrer die Einreise nach Brasilien regelt, muss man seinen Pass bei ihm abgeben, was mir doch ein mulmiges Gef\u00fchl bereitet, aber an sich ist die Fahrt sehr angenehm und es gibt sogar Snacks (und am Ende meinen Pass zur\u00fcck).\u00a0<\/span><\/p>\n<p><span style=\"font-weight: 400\">In Porto Alegre werde ich dann direkt von zwei Freiwilligen begr\u00fc\u00dft, die ich \u00fcber die anderen Kulturweitler, die leider keine Zeit hatten, kennengelernt habe. Die beiden zeigen mir die Stadt, die sehr sch\u00f6n und gr\u00fcn ist, aber auch furchtbar warm, vor allem im Kontrast zum verregneten Uruguay.\u00a0<\/span><\/p>\n<div id='gallery-2' class='gallery galleryid-143 gallery-columns-1 gallery-size-full'><figure class='gallery-item'>\n\t\t\t<div class='gallery-icon landscape'>\n\t\t\t\t<a href='https:\/\/kulturweit.blog\/aufdersuchenachdenbuntenvoegeln\/2023\/12\/22\/in-48-stunden-nach-sao-paulo\/dsc08628-min\/'><img loading=\"lazy\" decoding=\"async\" width=\"1024\" height=\"683\" src=\"https:\/\/kulturweit.blog\/aufdersuchenachdenbuntenvoegeln\/files\/2023\/12\/DSC08628-min.jpg\" class=\"attachment-full size-full\" alt=\"\" aria-describedby=\"gallery-2-146\" srcset=\"https:\/\/kulturweit.blog\/aufdersuchenachdenbuntenvoegeln\/files\/2023\/12\/DSC08628-min.jpg 1024w, https:\/\/kulturweit.blog\/aufdersuchenachdenbuntenvoegeln\/files\/2023\/12\/DSC08628-min-300x200.jpg 300w, https:\/\/kulturweit.blog\/aufdersuchenachdenbuntenvoegeln\/files\/2023\/12\/DSC08628-min-768x512.jpg 768w\" sizes=\"(max-width: 1024px) 100vw, 1024px\" \/><\/a>\n\t\t\t<\/div>\n\t\t\t\t<figcaption class='wp-caption-text gallery-caption' id='gallery-2-146'>\n\t\t\t\tStra\u00dfe in Porto Alegre\n\t\t\t\t<\/figcaption><\/figure><figure class='gallery-item'>\n\t\t\t<div class='gallery-icon landscape'>\n\t\t\t\t<a href='https:\/\/kulturweit.blog\/aufdersuchenachdenbuntenvoegeln\/2023\/12\/22\/in-48-stunden-nach-sao-paulo\/dsc08632-min\/'><img loading=\"lazy\" decoding=\"async\" width=\"1024\" height=\"683\" src=\"https:\/\/kulturweit.blog\/aufdersuchenachdenbuntenvoegeln\/files\/2023\/12\/DSC08632-min.jpg\" class=\"attachment-full size-full\" alt=\"\" aria-describedby=\"gallery-2-147\" srcset=\"https:\/\/kulturweit.blog\/aufdersuchenachdenbuntenvoegeln\/files\/2023\/12\/DSC08632-min.jpg 1024w, https:\/\/kulturweit.blog\/aufdersuchenachdenbuntenvoegeln\/files\/2023\/12\/DSC08632-min-300x200.jpg 300w, https:\/\/kulturweit.blog\/aufdersuchenachdenbuntenvoegeln\/files\/2023\/12\/DSC08632-min-768x512.jpg 768w\" sizes=\"(max-width: 1024px) 100vw, 1024px\" \/><\/a>\n\t\t\t<\/div>\n\t\t\t\t<figcaption class='wp-caption-text gallery-caption' id='gallery-2-147'>\n\t\t\t\tPark \n\t\t\t\t<\/figcaption><\/figure><figure class='gallery-item'>\n\t\t\t<div class='gallery-icon landscape'>\n\t\t\t\t<a href='https:\/\/kulturweit.blog\/aufdersuchenachdenbuntenvoegeln\/2023\/12\/22\/in-48-stunden-nach-sao-paulo\/dsc08636-min\/'><img loading=\"lazy\" decoding=\"async\" width=\"1024\" height=\"683\" src=\"https:\/\/kulturweit.blog\/aufdersuchenachdenbuntenvoegeln\/files\/2023\/12\/DSC08636-min.jpg\" class=\"attachment-full size-full\" alt=\"\" aria-describedby=\"gallery-2-148\" srcset=\"https:\/\/kulturweit.blog\/aufdersuchenachdenbuntenvoegeln\/files\/2023\/12\/DSC08636-min.jpg 1024w, https:\/\/kulturweit.blog\/aufdersuchenachdenbuntenvoegeln\/files\/2023\/12\/DSC08636-min-300x200.jpg 300w, https:\/\/kulturweit.blog\/aufdersuchenachdenbuntenvoegeln\/files\/2023\/12\/DSC08636-min-768x512.jpg 768w\" sizes=\"(max-width: 1024px) 100vw, 1024px\" \/><\/a>\n\t\t\t<\/div>\n\t\t\t\t<figcaption class='wp-caption-text gallery-caption' id='gallery-2-148'>\n\t\t\t\tFacildade de Medicina\n\t\t\t\t<\/figcaption><\/figure>\n\t\t<\/div>\n\n<p><span style=\"font-weight: 400\">Mittags treffen wir dann auch noch zwei von den anderen Kulturweitlerinnen und essen zusammen A\u00e7ai, die beiden m\u00fcssen dann aber auch bald wieder los, um W\u00e4sche zu machen \u2013 eine wichtige Reisevorbereitung, die man nicht zu lange aufschieben sollte, besonders wenn die Waschmaschine nicht mehr schleudert.\u00a0<\/span><\/p>\n<p><span style=\"font-weight: 400\">Den Abend und die Nacht verbrachte ich dann am Flughafen in Porto Alegre, da mein Flieger erst fr\u00fch am Morgen gehen w\u00fcrde. Die Nacht schlug ich mir mit Tagebuchf\u00fchren, Podcast-H\u00f6ren und Podcast-Schneiden um die Ohren.\u00a0<\/span><\/p>\n<p><span style=\"font-weight: 400\">W\u00e4hrend ich so im Food Court sa\u00df (mitten in der Nacht, wie ich nochmals betonen m\u00f6chte), kam ein M\u00e4dchen von vielleicht 14 Jahren (+\/-) auf mich zu, sprach mich auf Portugiesisch an und reichte mir ein gefaltetes Blatt. Verwirrt \u00f6ffnete ich dieses und damit hatte ich auch den Kontext erhalten, was sie etwa gesagt haben k\u00f6nnte: Sie hatte mich gezeichnet und mir die Zeichnung vermacht! Ich fand zun\u00e4chst einmal ihre k\u00fcnstlerischen F\u00e4higkeiten sehr beeindruckend und fast mehr noch ihren Mut, mir die Zeichnung zu \u00fcberreichen.\u00a0<\/span><\/p>\n<p><span style=\"font-weight: 400\">Etwa um 6 Uhr ging dann mein Flug, nach vielleicht anderthalb Stunden landete ich in S\u00e3o Paulo und wurde dort von meinem Onkel und einem seiner Freunde, der in Brasilien wohnt abgeholt. Wir verbringen jetzt zwei Tage in Atibaia, wo besagter Freund wohnt, und fahren dann ins Inland zur Familie meiner Tante.\u00a0<\/span><\/p>\n","protected":false},"excerpt":{"rendered":"<p>Mit den Weihnachstagen ganz nah, mache ich mich zu meiner n\u00e4chsten Reise auf: Ich treffe meinen Onkel und meine Tante in Brasilien und meine Reise dorthin ist eine kleine Odyssey.\u00a0 Schritt 1 ist nat\u00fcrlich eine Fahrt nach Montevideo, denn wenn man von Uruguay aus irgendwohin m\u00f6chte, ist das immer der Anfang. Aktuell ist das Wetter &hellip; <a href=\"https:\/\/kulturweit.blog\/aufdersuchenachdenbuntenvoegeln\/2023\/12\/22\/in-48-stunden-nach-sao-paulo\/\" class=\"more-link\"><span class=\"screen-reader-text\">In 48 Stunden nach S\u00e3o Paulo<\/span> weiterlesen<\/a><\/p>\n","protected":false},"author":3232,"featured_media":146,"comment_status":"open","ping_status":"open","sticky":false,"template":"","format":"standard","meta":{"footnotes":""},"categories":[19,38],"tags":[66,65,68,67,57],"class_list":["post-143","post","type-post","status-publish","format-standard","has-post-thumbnail","hentry","category-erlebnis","category-reise","tag-brasilien","tag-porto-alegre","tag-reise","tag-sao-paulo","tag-suedamerika"],"amp_enabled":true,"_links":{"self":[{"href":"https:\/\/kulturweit.blog\/aufdersuchenachdenbuntenvoegeln\/wp-json\/wp\/v2\/posts\/143"}],"collection":[{"href":"https:\/\/kulturweit.blog\/aufdersuchenachdenbuntenvoegeln\/wp-json\/wp\/v2\/posts"}],"about":[{"href":"https:\/\/kulturweit.blog\/aufdersuchenachdenbuntenvoegeln\/wp-json\/wp\/v2\/types\/post"}],"author":[{"embeddable":true,"href":"https:\/\/kulturweit.blog\/aufdersuchenachdenbuntenvoegeln\/wp-json\/wp\/v2\/users\/3232"}],"replies":[{"embeddable":true,"href":"https:\/\/kulturweit.blog\/aufdersuchenachdenbuntenvoegeln\/wp-json\/wp\/v2\/comments?post=143"}],"version-history":[{"count":2,"href":"https:\/\/kulturweit.blog\/aufdersuchenachdenbuntenvoegeln\/wp-json\/wp\/v2\/posts\/143\/revisions"}],"predecessor-version":[{"id":153,"href":"https:\/\/kulturweit.blog\/aufdersuchenachdenbuntenvoegeln\/wp-json\/wp\/v2\/posts\/143\/revisions\/153"}],"wp:featuredmedia":[{"embeddable":true,"href":"https:\/\/kulturweit.blog\/aufdersuchenachdenbuntenvoegeln\/wp-json\/wp\/v2\/media\/146"}],"wp:attachment":[{"href":"https:\/\/kulturweit.blog\/aufdersuchenachdenbuntenvoegeln\/wp-json\/wp\/v2\/media?parent=143"}],"wp:term":[{"taxonomy":"category","embeddable":true,"href":"https:\/\/kulturweit.blog\/aufdersuchenachdenbuntenvoegeln\/wp-json\/wp\/v2\/categories?post=143"},{"taxonomy":"post_tag","embeddable":true,"href":"https:\/\/kulturweit.blog\/aufdersuchenachdenbuntenvoegeln\/wp-json\/wp\/v2\/tags?post=143"}],"curies":[{"name":"wp","href":"https:\/\/api.w.org\/{rel}","templated":true}]}}