{"id":11,"date":"2023-09-15T13:28:32","date_gmt":"2023-09-15T11:28:32","guid":{"rendered":"https:\/\/kulturweit.blog\/aufdersuchenachdenbuntenvoegeln\/?p=11"},"modified":"2023-11-06T15:22:07","modified_gmt":"2023-11-06T14:22:07","slug":"wie-beginnt-ein-freiwilligendienst","status":"publish","type":"post","link":"https:\/\/kulturweit.blog\/aufdersuchenachdenbuntenvoegeln\/2023\/09\/15\/wie-beginnt-ein-freiwilligendienst\/","title":{"rendered":"Wie beginnt ein Freiwilligendienst?"},"content":{"rendered":"<p><span style=\"font-weight: 400\">Ganz zu Beginn eines Freiwilligendienstes steht nat\u00fcrlich zun\u00e4chst einmal die Frage, ob man einen FWD machen m\u00f6chte und wenn ja, wo und bei wem. Dann kommt die Anmeldungsphase, man findet heraus, ob man genommen wird und wo es hingeht. Man bereitet sich vor, bucht Fl\u00fcge, l\u00e4sst sich impfen und eines Tages, an einem sonnigen ersten September, steht man pl\u00f6tzlich auf dem Eberswalder Bahnhofsvorplatz mit hunderten anderen jungen Leuten.\u00a0<\/span><\/p>\n<p><span style=\"font-weight: 400\">Das war f\u00fcr mich zumindest der Moment, als der Freiwilligendienst wirklich begann.\u00a0<\/span><\/p>\n<p>&nbsp;<\/p>\n<p><span style=\"font-weight: 400\">Von Eberswalde aus wurden wir Freiwillige mit Shuttle-Bussen zum Seezeit Ressort am Werbellin-See gefahren, wo wir Namensschilder und Zimmer und Homezones zugewiesen bekamen und bald auch schon in das Vorbereitungsseminar starteten.\u00a0<\/span><\/p>\n<p><span style=\"font-weight: 400\">Was ist eine Homezone, mag sich nun der ein oder andere Fragen. Da man bei etwa 330 Freiwilligen kaum inhaltliche Gespr\u00e4che in der gro\u00dfen Gruppe f\u00fchren kann, wurden wir nach unseren Zielorten aufgeteilt Kleingruppen zugewiesen, in denen wir verschiedene Themen besprachen. Darunter waren unsere Erwartungen, W\u00fcnsche und \u00c4ngste f\u00fcr den FWD, aber auch der Umgang mit Stereotypen, die Bedeutung (positiv und negativ) von FWD f\u00fcr die Gesellschaft oder die Gefahren einer einseitigen Berichterstattung.\u00a0<\/span><\/p>\n<p><span style=\"font-weight: 400\">Neben der Arbeit in den Homezones gab es auch mehrere Zeitfenster mit Workshops, zu denen man je nach Interesse hat gehen k\u00f6nnen. Um besonders begehrte Workshops zu bekommen, musste man aber schnell sein, denn die Abrisszettel waren in Windeseile aus.<\/span><\/p>\n<p><span style=\"font-weight: 400\">Mein liebster Workshop des Seminars war der zum Korbflechten. Was hat Korbflechten mit kulturweit zu tun? Korbflechten ist Teil des immateriellen Weltkulturerbes und damit Teil des UNESCO-Verst\u00e4ndnisses von kulturweit.\u00a0<\/span><\/p>\n<p><span style=\"font-weight: 400\">Innerhalb von drei Stunden hatten wir alle, die am Workshop teilnahmen, ein kleines K\u00f6rbchen in gr\u00fcn, schwarz und wei\u00df geflochten. Im Vergleich zu den vielen Input-lastigen Modulen der anderen Seminartage war das Korbflechten auch eine willkommene Abwechslung.\u00a0<\/span><\/p>\n<p>&nbsp;<\/p>\n<p><span style=\"font-weight: 400\">Liest man meinen Text bis hierher, k\u00f6nnte man meinen, dass wir Tag f\u00fcr Tag nur schuften mussten. Ganz so schlimm war es dann auch nicht. Selbstverst\u00e4ndlich waren 10 Tage Seminar sehr anstrengend, das lag aber nicht nur an unserem Arbeitspensum, sondern auch den langen N\u00e4chten, die man miteinander verbrachte und verbringen wollte. Im Umgang mit all den anderen jungen Leuten fand sich jeden Tag noch jemand Neues, mit dem man sich unterhalten konnte, und sei es nur, um herauszufinden, wer wie lange wohin geht.\u00a0<\/span><\/p>\n<p><span style=\"font-weight: 400\">Die Lage am wundersch\u00f6nen Werbellinsee und das warme Wetter waren ein weiteres Highlight des Seminars, da wir Tag f\u00fcr Tag (oder auch nachts) im See schwimmen waren oder den ein oder anderen freien Nachmittag mit Tretboot-Fahren verbrachten. (Ich freue mich schon auf das Nachbereitungsseminar, auch wenn da leider nicht alle vom Vorbereitungsseminar da sein werden.)<\/span><\/p>\n<p>&nbsp;<\/p>\n<p><span style=\"font-weight: 400\">Mir hat das Seminar gro\u00dfen Spa\u00df gemacht, aber eine d\u00fcstere Wolke hing dennoch am Himmel: Leider infizierten sich einige Teilnehmer:innen mit Corona, weshalb gegen Ende immer mehr auch abreisten und die Stimmung allgemein ziemlich mulmig wurde. Leider wurden in diesem Zuge auch viele krank und\/ oder reisten ab, die ich gerne noch n\u00e4her kennengelernt h\u00e4tte &#8211; obwohl ich nat\u00fcrlich vollkommen verstehen kann, dass diejenigen, die krank waren oder Angst davor hatten, krank zu werden, lieber nach Hause gefahren sind.\u00a0<\/span><\/p>\n<p><span style=\"font-weight: 400\">Ich setze meine Hoffnungen aufs Nachbereitungsseminar und etwaige Alumni-Veranstaltungen oder nat\u00fcrlich auf den digitalen Austausch.\u00a0<\/span><\/p>\n<p>&nbsp;<\/p>\n<p><span style=\"font-weight: 400\">Als S\u00fcddeutscher musste ich nach dem Seminar leider noch einmal durch die gesamte Bundesrepublik fahren, was ich \u00fcber Nacht tat. Daf\u00fcr hatte ich dann noch mit einem Freund einen netten Nachmittag in Berlin, den wir im Futurium verbrachten und an dem wir unseren letzten D\u00f6ner hier in Deutschland a\u00dfen.\u00a0<\/span><\/p>\n<p><span style=\"font-weight: 400\">Montagmorgen war ich dann wieder zur\u00fcck in der Heimat, schmiss mein gesamtes Hab und Gut in die Waschmaschine und beendete vorerst meinen Impfmarathon mit der letzten Tollwut-Impfung. Gelbfieber werde ich jetzt wohl erst in Uruguay impfen lassen\u2026<\/span><\/p>\n<p>&nbsp;<\/p>\n<p><span style=\"font-weight: 400\">Den Dienstag verbringe ich damit, mein ganzes Leben auf 23kg und einen gro\u00dfen Rucksack zu beschr\u00e4nken, und dann geht es am Abend nach Frankfurt zum Flughafen, von wo aus es \u00fcber S\u00e2o Paulo nach Montevideo geht. Dazu dann mehr beim n\u00e4chsten Mal.\u00a0<\/span><\/p>\n<p>&nbsp;<\/p>\n","protected":false},"excerpt":{"rendered":"<p>Ganz zu Beginn eines Freiwilligendienstes steht nat\u00fcrlich zun\u00e4chst einmal die Frage, ob man einen FWD machen m\u00f6chte und wenn ja, wo und bei wem. Dann kommt die Anmeldungsphase, man findet heraus, ob man genommen wird und wo es hingeht. Man bereitet sich vor, bucht Fl\u00fcge, l\u00e4sst sich impfen und eines Tages, an einem sonnigen ersten &hellip; <a href=\"https:\/\/kulturweit.blog\/aufdersuchenachdenbuntenvoegeln\/2023\/09\/15\/wie-beginnt-ein-freiwilligendienst\/\" class=\"more-link\"><span class=\"screen-reader-text\">Wie beginnt ein Freiwilligendienst?<\/span> weiterlesen<\/a><\/p>\n","protected":false},"author":3232,"featured_media":13,"comment_status":"open","ping_status":"open","sticky":false,"template":"","format":"standard","meta":{"footnotes":""},"categories":[12,1],"tags":[53,59,54,56,58,60,57,55],"class_list":["post-11","post","type-post","status-publish","format-standard","has-post-thumbnail","hentry","category-kulturweitblog","category-allgemein","tag-freiwilligendienst","tag-fsj","tag-fsj-im-ausland","tag-fsj-in-suedamerika","tag-kulturweit","tag-leben-in-uruguay","tag-suedamerika","tag-uruguay"],"amp_enabled":true,"_links":{"self":[{"href":"https:\/\/kulturweit.blog\/aufdersuchenachdenbuntenvoegeln\/wp-json\/wp\/v2\/posts\/11"}],"collection":[{"href":"https:\/\/kulturweit.blog\/aufdersuchenachdenbuntenvoegeln\/wp-json\/wp\/v2\/posts"}],"about":[{"href":"https:\/\/kulturweit.blog\/aufdersuchenachdenbuntenvoegeln\/wp-json\/wp\/v2\/types\/post"}],"author":[{"embeddable":true,"href":"https:\/\/kulturweit.blog\/aufdersuchenachdenbuntenvoegeln\/wp-json\/wp\/v2\/users\/3232"}],"replies":[{"embeddable":true,"href":"https:\/\/kulturweit.blog\/aufdersuchenachdenbuntenvoegeln\/wp-json\/wp\/v2\/comments?post=11"}],"version-history":[{"count":1,"href":"https:\/\/kulturweit.blog\/aufdersuchenachdenbuntenvoegeln\/wp-json\/wp\/v2\/posts\/11\/revisions"}],"predecessor-version":[{"id":12,"href":"https:\/\/kulturweit.blog\/aufdersuchenachdenbuntenvoegeln\/wp-json\/wp\/v2\/posts\/11\/revisions\/12"}],"wp:featuredmedia":[{"embeddable":true,"href":"https:\/\/kulturweit.blog\/aufdersuchenachdenbuntenvoegeln\/wp-json\/wp\/v2\/media\/13"}],"wp:attachment":[{"href":"https:\/\/kulturweit.blog\/aufdersuchenachdenbuntenvoegeln\/wp-json\/wp\/v2\/media?parent=11"}],"wp:term":[{"taxonomy":"category","embeddable":true,"href":"https:\/\/kulturweit.blog\/aufdersuchenachdenbuntenvoegeln\/wp-json\/wp\/v2\/categories?post=11"},{"taxonomy":"post_tag","embeddable":true,"href":"https:\/\/kulturweit.blog\/aufdersuchenachdenbuntenvoegeln\/wp-json\/wp\/v2\/tags?post=11"}],"curies":[{"name":"wp","href":"https:\/\/api.w.org\/{rel}","templated":true}]}}