{"id":102,"date":"2023-11-26T01:26:19","date_gmt":"2023-11-26T00:26:19","guid":{"rendered":"https:\/\/kulturweit.blog\/aufdersuchenachdenbuntenvoegeln\/?p=102"},"modified":"2023-11-26T01:26:19","modified_gmt":"2023-11-26T00:26:19","slug":"in-buenos-aires-schien-die-sonne","status":"publish","type":"post","link":"https:\/\/kulturweit.blog\/aufdersuchenachdenbuntenvoegeln\/2023\/11\/26\/in-buenos-aires-schien-die-sonne\/","title":{"rendered":"In Buenos Aires schien die Sonne"},"content":{"rendered":"<p><span style=\"font-weight: 400\">In Buenos Aires scheint die Sonne und welche sonnengek\u00fcsste Stadt erscheint nicht fantastisch?\u00a0<\/span><\/p>\n<p><a href=\"https:\/\/kulturweit.blog\/aufdersuchenachdenbuntenvoegeln\/files\/2023\/11\/DSC08046-min.jpg\"><img loading=\"lazy\" decoding=\"async\" class=\"alignnone size-full wp-image-116\" src=\"https:\/\/kulturweit.blog\/aufdersuchenachdenbuntenvoegeln\/files\/2023\/11\/DSC08046-min.jpg\" alt=\"\" width=\"1024\" height=\"683\" srcset=\"https:\/\/kulturweit.blog\/aufdersuchenachdenbuntenvoegeln\/files\/2023\/11\/DSC08046-min.jpg 1024w, https:\/\/kulturweit.blog\/aufdersuchenachdenbuntenvoegeln\/files\/2023\/11\/DSC08046-min-300x200.jpg 300w, https:\/\/kulturweit.blog\/aufdersuchenachdenbuntenvoegeln\/files\/2023\/11\/DSC08046-min-768x512.jpg 768w\" sizes=\"(max-width: 1024px) 100vw, 1024px\" \/><\/a><\/p>\n<p><span style=\"font-weight: 400\">F\u00fcr das Zwischenseminar genossen fast alle Uruguay-Kulturweitler gemeinsam das Gro\u00dfstadtleben in der argentinischen Hauptstadt. Tausende L\u00e4den, die allerhand Dinge feilboten, Museen, Theater, Menschenmassen und Caf\u00e9s \u2013 an jeder Ecke mindestens eines, eher zwei. Unsere Unterkunft war vielleicht zehn Minuten vom Obelisken entfernt, weshalb wir selbst nach den auch mal langen Seminartagen noch Vieles unternehmen konnten.\u00a0<\/span><\/p>\n<p><span style=\"font-weight: 400\">Gerade wenn man aus Uruguay kommt (und Dollar in der Tasche hat), erscheint das von der Wirtschaftskrise gebeutelte Argentinien wie ein Schlaraffenland. Besser, man macht sich nicht zu viele Gedanken \u00fcber die Moral des eigenen Kaufrausches.\u00a0<\/span><\/p>\n<p><span style=\"font-weight: 400\">Nat\u00fcrlich bietet so eine Gro\u00dfstadt aber auch viel mehr Variet\u00e4t. In unserer Stra\u00dfe befanden sich wohl zehn oder mehr Buchhandlungen, voll gepackt bis unters Dach, in denen man sich stundenlang durch vergilbte Seiten w\u00fchlen konnte, bis man etwas fand, das einem zusagte. Selbst wenn nicht, f\u00fchlte sich meine Zeit immer gut genutzt an.<\/span><\/p>\n<p><span style=\"font-weight: 400\">Im Rahmen unseres Kulturausflugs nahmen wir gemeinsam eine Tangostunde, in der es vor allem um die bewusste und zur Musik passende Bewegung ging. Abends und an den Wochenenden klapperten wir die Sehensw\u00fcrdigkeiten ab, Floralis Gen\u00e9rica, Casa Rosada, Recoleta, die verschiedenen Stadtviertel, waren auf dem Markt und auch pl\u00f6tzlich im Gr\u00fcnen, in der Reserva Ecol\u00f3gica. Ich glaube, dass Bilder hier mehr sagen k\u00f6nnen als ich.<\/span><\/p>\n<div id='gallery-1' class='gallery galleryid-102 gallery-columns-1 gallery-size-full'><figure class='gallery-item'>\n\t\t\t<div class='gallery-icon landscape'>\n\t\t\t\t<a href='https:\/\/kulturweit.blog\/aufdersuchenachdenbuntenvoegeln\/2023\/11\/26\/in-buenos-aires-schien-die-sonne\/dsc08178-min\/'><img loading=\"lazy\" decoding=\"async\" width=\"1024\" height=\"683\" src=\"https:\/\/kulturweit.blog\/aufdersuchenachdenbuntenvoegeln\/files\/2023\/11\/DSC08178-min.jpg\" class=\"attachment-full size-full\" alt=\"\" aria-describedby=\"gallery-1-106\" srcset=\"https:\/\/kulturweit.blog\/aufdersuchenachdenbuntenvoegeln\/files\/2023\/11\/DSC08178-min.jpg 1024w, https:\/\/kulturweit.blog\/aufdersuchenachdenbuntenvoegeln\/files\/2023\/11\/DSC08178-min-300x200.jpg 300w, https:\/\/kulturweit.blog\/aufdersuchenachdenbuntenvoegeln\/files\/2023\/11\/DSC08178-min-768x512.jpg 768w\" sizes=\"(max-width: 1024px) 100vw, 1024px\" \/><\/a>\n\t\t\t<\/div>\n\t\t\t\t<figcaption class='wp-caption-text gallery-caption' id='gallery-1-106'>\n\t\t\t\tDer Obelisk\n\t\t\t\t<\/figcaption><\/figure><figure class='gallery-item'>\n\t\t\t<div class='gallery-icon landscape'>\n\t\t\t\t<a href='https:\/\/kulturweit.blog\/aufdersuchenachdenbuntenvoegeln\/2023\/11\/26\/in-buenos-aires-schien-die-sonne\/dsc08359-min\/'><img loading=\"lazy\" decoding=\"async\" width=\"1024\" height=\"683\" src=\"https:\/\/kulturweit.blog\/aufdersuchenachdenbuntenvoegeln\/files\/2023\/11\/DSC08359-min.jpg\" class=\"attachment-full size-full\" alt=\"\" aria-describedby=\"gallery-1-113\" srcset=\"https:\/\/kulturweit.blog\/aufdersuchenachdenbuntenvoegeln\/files\/2023\/11\/DSC08359-min.jpg 1024w, https:\/\/kulturweit.blog\/aufdersuchenachdenbuntenvoegeln\/files\/2023\/11\/DSC08359-min-300x200.jpg 300w, https:\/\/kulturweit.blog\/aufdersuchenachdenbuntenvoegeln\/files\/2023\/11\/DSC08359-min-768x512.jpg 768w\" sizes=\"(max-width: 1024px) 100vw, 1024px\" \/><\/a>\n\t\t\t<\/div>\n\t\t\t\t<figcaption class='wp-caption-text gallery-caption' id='gallery-1-113'>\n\t\t\t\tFloralis Gen\u00e9rica\n\t\t\t\t<\/figcaption><\/figure><figure class='gallery-item'>\n\t\t\t<div class='gallery-icon landscape'>\n\t\t\t\t<a href='https:\/\/kulturweit.blog\/aufdersuchenachdenbuntenvoegeln\/2023\/11\/26\/in-buenos-aires-schien-die-sonne\/dsc08201-min\/'><img loading=\"lazy\" decoding=\"async\" width=\"1024\" height=\"683\" src=\"https:\/\/kulturweit.blog\/aufdersuchenachdenbuntenvoegeln\/files\/2023\/11\/DSC08201-min.jpg\" class=\"attachment-full size-full\" alt=\"\" aria-describedby=\"gallery-1-109\" srcset=\"https:\/\/kulturweit.blog\/aufdersuchenachdenbuntenvoegeln\/files\/2023\/11\/DSC08201-min.jpg 1024w, https:\/\/kulturweit.blog\/aufdersuchenachdenbuntenvoegeln\/files\/2023\/11\/DSC08201-min-300x200.jpg 300w, https:\/\/kulturweit.blog\/aufdersuchenachdenbuntenvoegeln\/files\/2023\/11\/DSC08201-min-768x512.jpg 768w\" sizes=\"(max-width: 1024px) 100vw, 1024px\" \/><\/a>\n\t\t\t<\/div>\n\t\t\t\t<figcaption class='wp-caption-text gallery-caption' id='gallery-1-109'>\n\t\t\t\tBlick \u00fcber die D\u00e4cher der Stadt\n\t\t\t\t<\/figcaption><\/figure><figure class='gallery-item'>\n\t\t\t<div class='gallery-icon landscape'>\n\t\t\t\t<a href='https:\/\/kulturweit.blog\/aufdersuchenachdenbuntenvoegeln\/2023\/11\/26\/in-buenos-aires-schien-die-sonne\/dsc08224-min\/'><img loading=\"lazy\" decoding=\"async\" width=\"1024\" height=\"683\" src=\"https:\/\/kulturweit.blog\/aufdersuchenachdenbuntenvoegeln\/files\/2023\/11\/DSC08224-min.jpg\" class=\"attachment-full size-full\" alt=\"\" aria-describedby=\"gallery-1-111\" srcset=\"https:\/\/kulturweit.blog\/aufdersuchenachdenbuntenvoegeln\/files\/2023\/11\/DSC08224-min.jpg 1024w, https:\/\/kulturweit.blog\/aufdersuchenachdenbuntenvoegeln\/files\/2023\/11\/DSC08224-min-300x200.jpg 300w, https:\/\/kulturweit.blog\/aufdersuchenachdenbuntenvoegeln\/files\/2023\/11\/DSC08224-min-768x512.jpg 768w\" sizes=\"(max-width: 1024px) 100vw, 1024px\" \/><\/a>\n\t\t\t<\/div>\n\t\t\t\t<figcaption class='wp-caption-text gallery-caption' id='gallery-1-111'>\n\t\t\t\tStatue vor dem Parlament\n\t\t\t\t<\/figcaption><\/figure><figure class='gallery-item'>\n\t\t\t<div class='gallery-icon landscape'>\n\t\t\t\t<a href='https:\/\/kulturweit.blog\/aufdersuchenachdenbuntenvoegeln\/2023\/11\/26\/in-buenos-aires-schien-die-sonne\/dsc08187-min\/'><img loading=\"lazy\" decoding=\"async\" width=\"1024\" height=\"683\" src=\"https:\/\/kulturweit.blog\/aufdersuchenachdenbuntenvoegeln\/files\/2023\/11\/DSC08187-min.jpg\" class=\"attachment-full size-full\" alt=\"\" aria-describedby=\"gallery-1-108\" srcset=\"https:\/\/kulturweit.blog\/aufdersuchenachdenbuntenvoegeln\/files\/2023\/11\/DSC08187-min.jpg 1024w, https:\/\/kulturweit.blog\/aufdersuchenachdenbuntenvoegeln\/files\/2023\/11\/DSC08187-min-300x200.jpg 300w, https:\/\/kulturweit.blog\/aufdersuchenachdenbuntenvoegeln\/files\/2023\/11\/DSC08187-min-768x512.jpg 768w\" sizes=\"(max-width: 1024px) 100vw, 1024px\" \/><\/a>\n\t\t\t<\/div>\n\t\t\t\t<figcaption class='wp-caption-text gallery-caption' id='gallery-1-108'>\n\t\t\t\tEin H\u00e4userblock\n\t\t\t\t<\/figcaption><\/figure><figure class='gallery-item'>\n\t\t\t<div class='gallery-icon landscape'>\n\t\t\t\t<a href='https:\/\/kulturweit.blog\/aufdersuchenachdenbuntenvoegeln\/2023\/11\/26\/in-buenos-aires-schien-die-sonne\/dsc08184-min\/'><img loading=\"lazy\" decoding=\"async\" width=\"1024\" height=\"683\" src=\"https:\/\/kulturweit.blog\/aufdersuchenachdenbuntenvoegeln\/files\/2023\/11\/DSC08184-min.jpg\" class=\"attachment-full size-full\" alt=\"\" aria-describedby=\"gallery-1-107\" srcset=\"https:\/\/kulturweit.blog\/aufdersuchenachdenbuntenvoegeln\/files\/2023\/11\/DSC08184-min.jpg 1024w, https:\/\/kulturweit.blog\/aufdersuchenachdenbuntenvoegeln\/files\/2023\/11\/DSC08184-min-300x200.jpg 300w, https:\/\/kulturweit.blog\/aufdersuchenachdenbuntenvoegeln\/files\/2023\/11\/DSC08184-min-768x512.jpg 768w\" sizes=\"(max-width: 1024px) 100vw, 1024px\" \/><\/a>\n\t\t\t<\/div>\n\t\t\t\t<figcaption class='wp-caption-text gallery-caption' id='gallery-1-107'>\n\t\t\t\tEine alte U-Bahn-Station\n\t\t\t\t<\/figcaption><\/figure><figure class='gallery-item'>\n\t\t\t<div class='gallery-icon landscape'>\n\t\t\t\t<a href='https:\/\/kulturweit.blog\/aufdersuchenachdenbuntenvoegeln\/2023\/11\/26\/in-buenos-aires-schien-die-sonne\/dsc08211-min\/'><img loading=\"lazy\" decoding=\"async\" width=\"1024\" height=\"683\" src=\"https:\/\/kulturweit.blog\/aufdersuchenachdenbuntenvoegeln\/files\/2023\/11\/DSC08211-min.jpg\" class=\"attachment-full size-full\" alt=\"\" aria-describedby=\"gallery-1-110\" srcset=\"https:\/\/kulturweit.blog\/aufdersuchenachdenbuntenvoegeln\/files\/2023\/11\/DSC08211-min.jpg 1024w, https:\/\/kulturweit.blog\/aufdersuchenachdenbuntenvoegeln\/files\/2023\/11\/DSC08211-min-300x200.jpg 300w, https:\/\/kulturweit.blog\/aufdersuchenachdenbuntenvoegeln\/files\/2023\/11\/DSC08211-min-768x512.jpg 768w\" sizes=\"(max-width: 1024px) 100vw, 1024px\" \/><\/a>\n\t\t\t<\/div>\n\t\t\t\t<figcaption class='wp-caption-text gallery-caption' id='gallery-1-110'>\n\t\t\t\tDetail in der Confeter\u00eda Ideal\n\t\t\t\t<\/figcaption><\/figure><figure class='gallery-item'>\n\t\t\t<div class='gallery-icon landscape'>\n\t\t\t\t<a href='https:\/\/kulturweit.blog\/aufdersuchenachdenbuntenvoegeln\/2023\/11\/26\/in-buenos-aires-schien-die-sonne\/dsc08285-min\/'><img loading=\"lazy\" decoding=\"async\" width=\"1024\" height=\"683\" src=\"https:\/\/kulturweit.blog\/aufdersuchenachdenbuntenvoegeln\/files\/2023\/11\/DSC08285-min.jpg\" class=\"attachment-full size-full\" alt=\"\" aria-describedby=\"gallery-1-112\" srcset=\"https:\/\/kulturweit.blog\/aufdersuchenachdenbuntenvoegeln\/files\/2023\/11\/DSC08285-min.jpg 1024w, https:\/\/kulturweit.blog\/aufdersuchenachdenbuntenvoegeln\/files\/2023\/11\/DSC08285-min-300x200.jpg 300w, https:\/\/kulturweit.blog\/aufdersuchenachdenbuntenvoegeln\/files\/2023\/11\/DSC08285-min-768x512.jpg 768w\" sizes=\"(max-width: 1024px) 100vw, 1024px\" \/><\/a>\n\t\t\t<\/div>\n\t\t\t\t<figcaption class='wp-caption-text gallery-caption' id='gallery-1-112'>\n\t\t\t\tBlick auf die Stadt\n\t\t\t\t<\/figcaption><\/figure><figure class='gallery-item'>\n\t\t\t<div class='gallery-icon landscape'>\n\t\t\t\t<a href='https:\/\/kulturweit.blog\/aufdersuchenachdenbuntenvoegeln\/2023\/11\/26\/in-buenos-aires-schien-die-sonne\/dsc08090-min\/'><img loading=\"lazy\" decoding=\"async\" width=\"1024\" height=\"683\" src=\"https:\/\/kulturweit.blog\/aufdersuchenachdenbuntenvoegeln\/files\/2023\/11\/DSC08090-min.jpg\" class=\"attachment-full size-full\" alt=\"\" aria-describedby=\"gallery-1-118\" srcset=\"https:\/\/kulturweit.blog\/aufdersuchenachdenbuntenvoegeln\/files\/2023\/11\/DSC08090-min.jpg 1024w, https:\/\/kulturweit.blog\/aufdersuchenachdenbuntenvoegeln\/files\/2023\/11\/DSC08090-min-300x200.jpg 300w, https:\/\/kulturweit.blog\/aufdersuchenachdenbuntenvoegeln\/files\/2023\/11\/DSC08090-min-768x512.jpg 768w\" sizes=\"(max-width: 1024px) 100vw, 1024px\" \/><\/a>\n\t\t\t<\/div>\n\t\t\t\t<figcaption class='wp-caption-text gallery-caption' id='gallery-1-118'>\n\t\t\t\tEngel auf dem Friedhof Recoleta\n\t\t\t\t<\/figcaption><\/figure><figure class='gallery-item'>\n\t\t\t<div class='gallery-icon landscape'>\n\t\t\t\t<a href='https:\/\/kulturweit.blog\/aufdersuchenachdenbuntenvoegeln\/2023\/11\/26\/in-buenos-aires-schien-die-sonne\/dsc08085-min\/'><img loading=\"lazy\" decoding=\"async\" width=\"1024\" height=\"683\" src=\"https:\/\/kulturweit.blog\/aufdersuchenachdenbuntenvoegeln\/files\/2023\/11\/DSC08085-min.jpg\" class=\"attachment-full size-full\" alt=\"\" aria-describedby=\"gallery-1-117\" srcset=\"https:\/\/kulturweit.blog\/aufdersuchenachdenbuntenvoegeln\/files\/2023\/11\/DSC08085-min.jpg 1024w, https:\/\/kulturweit.blog\/aufdersuchenachdenbuntenvoegeln\/files\/2023\/11\/DSC08085-min-300x200.jpg 300w, https:\/\/kulturweit.blog\/aufdersuchenachdenbuntenvoegeln\/files\/2023\/11\/DSC08085-min-768x512.jpg 768w\" sizes=\"(max-width: 1024px) 100vw, 1024px\" \/><\/a>\n\t\t\t<\/div>\n\t\t\t\t<figcaption class='wp-caption-text gallery-caption' id='gallery-1-117'>\n\t\t\t\tDetail auf dem Friedhof Recoleta\n\t\t\t\t<\/figcaption><\/figure><figure class='gallery-item'>\n\t\t\t<div class='gallery-icon landscape'>\n\t\t\t\t<a href='https:\/\/kulturweit.blog\/aufdersuchenachdenbuntenvoegeln\/2023\/11\/26\/in-buenos-aires-schien-die-sonne\/dsc08137-min\/'><img loading=\"lazy\" decoding=\"async\" width=\"1024\" height=\"683\" src=\"https:\/\/kulturweit.blog\/aufdersuchenachdenbuntenvoegeln\/files\/2023\/11\/DSC08137-min.jpg\" class=\"attachment-full size-full\" alt=\"\" aria-describedby=\"gallery-1-105\" srcset=\"https:\/\/kulturweit.blog\/aufdersuchenachdenbuntenvoegeln\/files\/2023\/11\/DSC08137-min.jpg 1024w, https:\/\/kulturweit.blog\/aufdersuchenachdenbuntenvoegeln\/files\/2023\/11\/DSC08137-min-300x200.jpg 300w, https:\/\/kulturweit.blog\/aufdersuchenachdenbuntenvoegeln\/files\/2023\/11\/DSC08137-min-768x512.jpg 768w\" sizes=\"(max-width: 1024px) 100vw, 1024px\" \/><\/a>\n\t\t\t<\/div>\n\t\t\t\t<figcaption class='wp-caption-text gallery-caption' id='gallery-1-105'>\n\t\t\t\tDas Tor zum Barrio Chino\n\t\t\t\t<\/figcaption><\/figure><figure class='gallery-item'>\n\t\t\t<div class='gallery-icon landscape'>\n\t\t\t\t<a href='https:\/\/kulturweit.blog\/aufdersuchenachdenbuntenvoegeln\/2023\/11\/26\/in-buenos-aires-schien-die-sonne\/dsc08379-min\/'><img loading=\"lazy\" decoding=\"async\" width=\"1024\" height=\"683\" src=\"https:\/\/kulturweit.blog\/aufdersuchenachdenbuntenvoegeln\/files\/2023\/11\/DSC08379-min.jpg\" class=\"attachment-full size-full\" alt=\"\" aria-describedby=\"gallery-1-114\" srcset=\"https:\/\/kulturweit.blog\/aufdersuchenachdenbuntenvoegeln\/files\/2023\/11\/DSC08379-min.jpg 1024w, https:\/\/kulturweit.blog\/aufdersuchenachdenbuntenvoegeln\/files\/2023\/11\/DSC08379-min-300x200.jpg 300w, https:\/\/kulturweit.blog\/aufdersuchenachdenbuntenvoegeln\/files\/2023\/11\/DSC08379-min-768x512.jpg 768w\" sizes=\"(max-width: 1024px) 100vw, 1024px\" \/><\/a>\n\t\t\t<\/div>\n\t\t\t\t<figcaption class='wp-caption-text gallery-caption' id='gallery-1-114'>\n\t\t\t\tDer Busbahnhof\n\t\t\t\t<\/figcaption><\/figure>\n\t\t<\/div>\n\n<p><span style=\"font-weight: 400\">In Buenos Aires machte sich nat\u00fcrlich auch die Wahl bemerkbar. Immer wieder fanden Kundgebungen statt, Plakate hingen aus und an Bushaltestellen und W\u00e4nden konnte man Graffiti finden, die sich gegen Milei aussprachen, den sp\u00e4teren Gewinner der Stichwahl. Wir reisten am Tag der Wahl ab, am Nachmittag. Tags\u00fcber war die Stadt ruhig, die Nacht mag anders gewesen sein, aber als wir noch da waren, machte sich dieses Ereignis nur dadurch bemerkbar, dass Museen geschlossen hatten und immer wieder an \u00f6ffentlichen Geb\u00e4uden, die als Wahllokale funktionierten, Listen aushingen, mit denjenigen B\u00fcrger:innen, die hier zur Wahl schreiten m\u00fcssen. In Argentinien gibt es eine Wahlpflicht.<\/span><\/p>\n<p><span style=\"font-weight: 400\">Die Fahrt zur\u00fcck nach Fray Bentos ist recht kurz, gerade einmal drei Stunden brauchen wir hoch nach Gualeguaych\u00fa, denn die Stra\u00dfen sind leer, heute ist kaum jemand unterwegs. Die Landschaft hier ist wirklich flach, nicht wie bei uns im Westen von Uruguay, wo es doch sehr h\u00fcgelig ist. Hier sieht man meilenweit nur Grasland, K\u00fche. In der Ferne geht die Sonne langsam unter.<\/span><\/p>\n<p><span style=\"font-weight: 400\">Wir m\u00fcssen nur noch \u00fcber die internationale Br\u00fccke und schon sind wir wieder zur\u00fcck.\u00a0<\/span><\/p>\n","protected":false},"excerpt":{"rendered":"<p>In Buenos Aires scheint die Sonne und welche sonnengek\u00fcsste Stadt erscheint nicht fantastisch?\u00a0 F\u00fcr das Zwischenseminar genossen fast alle Uruguay-Kulturweitler gemeinsam das Gro\u00dfstadtleben in der argentinischen Hauptstadt. Tausende L\u00e4den, die allerhand Dinge feilboten, Museen, Theater, Menschenmassen und Caf\u00e9s \u2013 an jeder Ecke mindestens eines, eher zwei. Unsere Unterkunft war vielleicht zehn Minuten vom Obelisken entfernt, &hellip; <a href=\"https:\/\/kulturweit.blog\/aufdersuchenachdenbuntenvoegeln\/2023\/11\/26\/in-buenos-aires-schien-die-sonne\/\" class=\"more-link\"><span class=\"screen-reader-text\">In Buenos Aires schien die Sonne<\/span> weiterlesen<\/a><\/p>\n","protected":false},"author":3232,"featured_media":115,"comment_status":"open","ping_status":"open","sticky":false,"template":"","format":"standard","meta":{"footnotes":""},"categories":[15,19,3,38],"tags":[64,53,59,54,56,58,57],"class_list":["post-102","post","type-post","status-publish","format-standard","has-post-thumbnail","hentry","category-ausflug","category-erlebnis","category-kulturweit","category-reise","tag-buenos-aires","tag-freiwilligendienst","tag-fsj","tag-fsj-im-ausland","tag-fsj-in-suedamerika","tag-kulturweit","tag-suedamerika"],"amp_enabled":true,"_links":{"self":[{"href":"https:\/\/kulturweit.blog\/aufdersuchenachdenbuntenvoegeln\/wp-json\/wp\/v2\/posts\/102"}],"collection":[{"href":"https:\/\/kulturweit.blog\/aufdersuchenachdenbuntenvoegeln\/wp-json\/wp\/v2\/posts"}],"about":[{"href":"https:\/\/kulturweit.blog\/aufdersuchenachdenbuntenvoegeln\/wp-json\/wp\/v2\/types\/post"}],"author":[{"embeddable":true,"href":"https:\/\/kulturweit.blog\/aufdersuchenachdenbuntenvoegeln\/wp-json\/wp\/v2\/users\/3232"}],"replies":[{"embeddable":true,"href":"https:\/\/kulturweit.blog\/aufdersuchenachdenbuntenvoegeln\/wp-json\/wp\/v2\/comments?post=102"}],"version-history":[{"count":2,"href":"https:\/\/kulturweit.blog\/aufdersuchenachdenbuntenvoegeln\/wp-json\/wp\/v2\/posts\/102\/revisions"}],"predecessor-version":[{"id":119,"href":"https:\/\/kulturweit.blog\/aufdersuchenachdenbuntenvoegeln\/wp-json\/wp\/v2\/posts\/102\/revisions\/119"}],"wp:featuredmedia":[{"embeddable":true,"href":"https:\/\/kulturweit.blog\/aufdersuchenachdenbuntenvoegeln\/wp-json\/wp\/v2\/media\/115"}],"wp:attachment":[{"href":"https:\/\/kulturweit.blog\/aufdersuchenachdenbuntenvoegeln\/wp-json\/wp\/v2\/media?parent=102"}],"wp:term":[{"taxonomy":"category","embeddable":true,"href":"https:\/\/kulturweit.blog\/aufdersuchenachdenbuntenvoegeln\/wp-json\/wp\/v2\/categories?post=102"},{"taxonomy":"post_tag","embeddable":true,"href":"https:\/\/kulturweit.blog\/aufdersuchenachdenbuntenvoegeln\/wp-json\/wp\/v2\/tags?post=102"}],"curies":[{"name":"wp","href":"https:\/\/api.w.org\/{rel}","templated":true}]}}