{"id":956,"date":"2023-07-31T21:24:08","date_gmt":"2023-08-01T00:24:08","guid":{"rendered":"https:\/\/kulturweit.blog\/argentinienvillageneralbelgrano\/?p=956"},"modified":"2023-07-31T21:29:06","modified_gmt":"2023-08-01T00:29:06","slug":"von-bunten-voegeln-und-weissen-kopftuechern","status":"publish","type":"post","link":"https:\/\/kulturweit.blog\/argentinienvillageneralbelgrano\/2023\/07\/31\/von-bunten-voegeln-und-weissen-kopftuechern\/","title":{"rendered":"Von bunten V\u00f6geln und wei\u00dfen Kopft\u00fcchern"},"content":{"rendered":"<div id=\"attachment_975\" style=\"width: 1034px\" class=\"wp-caption aligncenter\"><a href=\"https:\/\/kulturweit.blog\/argentinienvillageneralbelgrano\/files\/2023\/07\/DSC_0989.jpg\"><img loading=\"lazy\" decoding=\"async\" aria-describedby=\"caption-attachment-975\" class=\"size-full wp-image-975\" src=\"https:\/\/kulturweit.blog\/argentinienvillageneralbelgrano\/files\/2023\/07\/DSC_0989.jpg\" alt=\"\" width=\"1024\" height=\"683\" srcset=\"https:\/\/kulturweit.blog\/argentinienvillageneralbelgrano\/files\/2023\/07\/DSC_0989.jpg 1024w, https:\/\/kulturweit.blog\/argentinienvillageneralbelgrano\/files\/2023\/07\/DSC_0989-300x200.jpg 300w, https:\/\/kulturweit.blog\/argentinienvillageneralbelgrano\/files\/2023\/07\/DSC_0989-800x534.jpg 800w, https:\/\/kulturweit.blog\/argentinienvillageneralbelgrano\/files\/2023\/07\/DSC_0989-768x512.jpg 768w\" sizes=\"(max-width: 1024px) 100vw, 1024px\" \/><\/a><p id=\"caption-attachment-975\" class=\"wp-caption-text\">Bunttukan<\/p><\/div>\n<p><strong>Das Ende meines Freiwilligendienstes in Argentinien r\u00fcckt nun immer n\u00e4her. Sogar die einst in so weiter ferner erscheinenden Winterferien sind mittlerweile sehr ereignisreich an mir vorbeigezogen. Weil dies wahrscheinlich mein letzter Blogeintrag ist, m\u00f6chte ich endlich \u00fcber ein Thema schreiben, was mir schon l\u00e4nger unter den N\u00e4geln brennt.<\/strong><\/p>\n<p>Ein Jahr auf der anderen Seite der Erde zu leben, ist doch eine ziemlich lange Zeit. Deshalb besch\u00e4ftige ich mich gedanklich inzwischen immer mehr mit meiner R\u00fcckkehr. Nat\u00fcrlich freue ich mich aufs Zur\u00fcckkommen, stelle mir aber auch viele Fragen. Wie wird es sein, was wird sich ver\u00e4ndert haben? Eine ehemalige Freiwillige meinte, erst in den Wochen danach habe sie bemerkt, was sie alles gelernt habe. Auf diese Erkenntnisse bin ich auch sehr gespannt. Ich werde sicherlich schon bald anfangen zu packen und versuchen, all die sch\u00f6nen Erinnerungen in meine Rucks\u00e4cke und die gro\u00dfe Reisetasche zu puzzeln, die ich mir hier extra daf\u00fcr kaufen musste. Wirklich erstaunlich, was sich so alles angesammelt hat.<\/p>\n<p>Einige sch\u00f6ne Erinnerungen stammen von meiner kleinen Argentinien Rundreise vor einer Woche in den Winterferien hier. Die Ferien waren zwei Wochen lang und so hatte ich etwas Zeit, um mir noch ein paar St\u00e4dte anzusehen. Ich war in San Juan, Tucum\u00e1n, Resistencia sowie Puerto Iguaz\u00fa. Von Resistencia aus besuchte ich unter anderem den Nationalpark Ischigualasto (\u201cs\u201d und \u201cch\u201d werden getrennt ausgesprochen). Ich war in dem Teil des Parks, der \u201cValle de la Luna\u201d hei\u00dft. Es gibt also eine Menge Mondt\u00e4ler auf der Erde! Das war nun schon mein drittes, nach dem in der Atacama W\u00fcste (Chile) und dem oberhalb von La Paz (Bolivien). Nat\u00fcrlich sind sie alle trotz desselben Namens sehr unterschiedlich. In Ischigualasto gibt es bizarre Gesteinsformationen aus Sandstein. Doch im Vergleich zum Elbsandsteingebirge zu Hause erschienen diese Gebilde sehr br\u00f6selig, die Erosion nagt ziemlich an ihnen. Dennoch f\u00fchrt die Autokolonne, an der jeder Besucher teilnehmen muss, zu einigen spannenden Felsfiguren, die seit eh und je Wind, Sonne und Hitze trotzen. Denn Regen gibt es in diesem Teil Argentiniens eher selten. Und so finden sich \u201cel Valle Pintado\u201d (das bunte Tal), \u201cla Cancha de Bochas\u201d (der Kugelplatz), \u201cel Submarino\u201d (das U-Boot) und \u201c el Hongo\u201d (der Pilz) im Valle de La Luna Argentiniens. Nat\u00fcrlich h\u00e4tte ich gern mehr Zeit zum Gucken und Staunen gehabt, doch die Nationalparkbeauftragten wollten so viele Touristen wie m\u00f6glich in den Park lassen. Und so musste auch meine Kolonne einem Zeitplan folgen.<\/p>\n<div id=\"attachment_960\" style=\"width: 1034px\" class=\"wp-caption aligncenter\"><a href=\"https:\/\/kulturweit.blog\/argentinienvillageneralbelgrano\/files\/2023\/07\/DSC_0277.jpg\"><img loading=\"lazy\" decoding=\"async\" aria-describedby=\"caption-attachment-960\" class=\"size-full wp-image-960\" src=\"https:\/\/kulturweit.blog\/argentinienvillageneralbelgrano\/files\/2023\/07\/DSC_0277.jpg\" alt=\"\" width=\"1024\" height=\"683\" srcset=\"https:\/\/kulturweit.blog\/argentinienvillageneralbelgrano\/files\/2023\/07\/DSC_0277.jpg 1024w, https:\/\/kulturweit.blog\/argentinienvillageneralbelgrano\/files\/2023\/07\/DSC_0277-300x200.jpg 300w, https:\/\/kulturweit.blog\/argentinienvillageneralbelgrano\/files\/2023\/07\/DSC_0277-800x534.jpg 800w, https:\/\/kulturweit.blog\/argentinienvillageneralbelgrano\/files\/2023\/07\/DSC_0277-768x512.jpg 768w\" sizes=\"(max-width: 1024px) 100vw, 1024px\" \/><\/a><p id=\"caption-attachment-960\" class=\"wp-caption-text\">Ein Guanako, es z\u00e4hlt gemeinsam mit den Lamas, Alpacas und Vicu\u00f1as zu den Neuweltkamelen.<\/p><\/div>\n<div id=\"attachment_961\" style=\"width: 1034px\" class=\"wp-caption aligncenter\"><a href=\"https:\/\/kulturweit.blog\/argentinienvillageneralbelgrano\/files\/2023\/07\/DSC_0310.jpg\"><img loading=\"lazy\" decoding=\"async\" aria-describedby=\"caption-attachment-961\" class=\"size-full wp-image-961\" src=\"https:\/\/kulturweit.blog\/argentinienvillageneralbelgrano\/files\/2023\/07\/DSC_0310.jpg\" alt=\"\" width=\"1024\" height=\"683\" srcset=\"https:\/\/kulturweit.blog\/argentinienvillageneralbelgrano\/files\/2023\/07\/DSC_0310.jpg 1024w, https:\/\/kulturweit.blog\/argentinienvillageneralbelgrano\/files\/2023\/07\/DSC_0310-300x200.jpg 300w, https:\/\/kulturweit.blog\/argentinienvillageneralbelgrano\/files\/2023\/07\/DSC_0310-800x534.jpg 800w, https:\/\/kulturweit.blog\/argentinienvillageneralbelgrano\/files\/2023\/07\/DSC_0310-768x512.jpg 768w\" sizes=\"(max-width: 1024px) 100vw, 1024px\" \/><\/a><p id=\"caption-attachment-961\" class=\"wp-caption-text\">Im Hintergrund das U-Boot<\/p><\/div>\n<p>Auch am Ende dieser Reise stand ein Nationalpark, denn ich hatte mir das beeindruckendste f\u00fcr den Schluss aufgehoben: die Iguaz\u00fa-Wasserf\u00e4lle im Norden Argentiniens, am Dreil\u00e4ndereck Paraguay-Brasilien-Argentinien. In Puerto Iguaz\u00fa verbrachte ich dreieinhalb Tage. Somit hatte ich gen\u00fcgend Zeit f\u00fcr alles. Man kann die gr\u00f6\u00dften Wasserf\u00e4lle der Erde sowohl von der argentinischen als auch von der brasilianischen Seite ansehen. Dabei gibt es von der brasilianischen Seite aus einen besseren \u00dcberblick, in Argentinien gibt es hingegen mehr Pfade, die auch n\u00e4her an verschiedenen Stellen f\u00fchren. Ich war auf beiden Seiten. Zurzeit besitzt der R\u00edo Iguaz\u00fa einen sehr hohen Wasserstand, da wurden wir teilweise pitschnass. Insbesondere \u201cel Gargante del diablo\u201d (&#8222;der Teufelsschlund\u201d) war sehr beeindruckend. Dort kann man stundenlang am Gel\u00e4nder des Stegs stehen und einfach nur die schieren Wassermassen bestaunen, die eine ganz eigene Dynamik entfalten, wenn sie so tief hinunterst\u00fcrzen. Einfach nur unfassbar. Wie alles in diesem Nationalpark. Ich konnte gar nicht mehr aufh\u00f6ren, Fotos zu knipsen, jetzt habe ich viele sehr gro\u00dfartige und sehr \u00e4hnliche Fotos auf meiner Speicherkarte.<\/p>\n<p><a href=\"https:\/\/kulturweit.blog\/argentinienvillageneralbelgrano\/files\/2023\/07\/20230721_095053.jpg\"><img loading=\"lazy\" decoding=\"async\" class=\"aligncenter size-full wp-image-959\" src=\"https:\/\/kulturweit.blog\/argentinienvillageneralbelgrano\/files\/2023\/07\/20230721_095053.jpg\" alt=\"\" width=\"1024\" height=\"768\" srcset=\"https:\/\/kulturweit.blog\/argentinienvillageneralbelgrano\/files\/2023\/07\/20230721_095053.jpg 1024w, https:\/\/kulturweit.blog\/argentinienvillageneralbelgrano\/files\/2023\/07\/20230721_095053-300x225.jpg 300w, https:\/\/kulturweit.blog\/argentinienvillageneralbelgrano\/files\/2023\/07\/20230721_095053-800x600.jpg 800w, https:\/\/kulturweit.blog\/argentinienvillageneralbelgrano\/files\/2023\/07\/20230721_095053-768x576.jpg 768w, https:\/\/kulturweit.blog\/argentinienvillageneralbelgrano\/files\/2023\/07\/20230721_095053-160x120.jpg 160w\" sizes=\"(max-width: 1024px) 100vw, 1024px\" \/><\/a> <a href=\"https:\/\/kulturweit.blog\/argentinienvillageneralbelgrano\/files\/2023\/07\/DSC_0627_1.jpg\"><img loading=\"lazy\" decoding=\"async\" class=\"aligncenter size-full wp-image-962\" src=\"https:\/\/kulturweit.blog\/argentinienvillageneralbelgrano\/files\/2023\/07\/DSC_0627_1.jpg\" alt=\"\" width=\"1024\" height=\"683\" srcset=\"https:\/\/kulturweit.blog\/argentinienvillageneralbelgrano\/files\/2023\/07\/DSC_0627_1.jpg 1024w, https:\/\/kulturweit.blog\/argentinienvillageneralbelgrano\/files\/2023\/07\/DSC_0627_1-300x200.jpg 300w, https:\/\/kulturweit.blog\/argentinienvillageneralbelgrano\/files\/2023\/07\/DSC_0627_1-800x534.jpg 800w, https:\/\/kulturweit.blog\/argentinienvillageneralbelgrano\/files\/2023\/07\/DSC_0627_1-768x512.jpg 768w\" sizes=\"(max-width: 1024px) 100vw, 1024px\" \/><\/a> <a href=\"https:\/\/kulturweit.blog\/argentinienvillageneralbelgrano\/files\/2023\/07\/DSC_0659_1_hoeherer-Kontrast.jpg\"><img loading=\"lazy\" decoding=\"async\" class=\"aligncenter size-full wp-image-963\" src=\"https:\/\/kulturweit.blog\/argentinienvillageneralbelgrano\/files\/2023\/07\/DSC_0659_1_hoeherer-Kontrast.jpg\" alt=\"\" width=\"1024\" height=\"683\" srcset=\"https:\/\/kulturweit.blog\/argentinienvillageneralbelgrano\/files\/2023\/07\/DSC_0659_1_hoeherer-Kontrast.jpg 1024w, https:\/\/kulturweit.blog\/argentinienvillageneralbelgrano\/files\/2023\/07\/DSC_0659_1_hoeherer-Kontrast-300x200.jpg 300w, https:\/\/kulturweit.blog\/argentinienvillageneralbelgrano\/files\/2023\/07\/DSC_0659_1_hoeherer-Kontrast-800x534.jpg 800w, https:\/\/kulturweit.blog\/argentinienvillageneralbelgrano\/files\/2023\/07\/DSC_0659_1_hoeherer-Kontrast-768x512.jpg 768w\" sizes=\"(max-width: 1024px) 100vw, 1024px\" \/><\/a> <a href=\"https:\/\/kulturweit.blog\/argentinienvillageneralbelgrano\/files\/2023\/07\/DSC_0685.jpg\"><img loading=\"lazy\" decoding=\"async\" class=\"aligncenter size-full wp-image-958\" src=\"https:\/\/kulturweit.blog\/argentinienvillageneralbelgrano\/files\/2023\/07\/DSC_0685.jpg\" alt=\"\" width=\"1024\" height=\"683\" srcset=\"https:\/\/kulturweit.blog\/argentinienvillageneralbelgrano\/files\/2023\/07\/DSC_0685.jpg 1024w, https:\/\/kulturweit.blog\/argentinienvillageneralbelgrano\/files\/2023\/07\/DSC_0685-300x200.jpg 300w, https:\/\/kulturweit.blog\/argentinienvillageneralbelgrano\/files\/2023\/07\/DSC_0685-800x534.jpg 800w, https:\/\/kulturweit.blog\/argentinienvillageneralbelgrano\/files\/2023\/07\/DSC_0685-768x512.jpg 768w\" sizes=\"(max-width: 1024px) 100vw, 1024px\" \/><\/a><\/p>\n<p>Am letzten Tag besuchte ich au\u00dferdem mit ein paar Leuten aus dem Hostel den Vogelpark im brasilianischen Nationalpark. Dieser nimmt viele V\u00f6gel auf, die nicht mehr ausgewildert werden k\u00f6nnen und beteiligt sich an Artenschutzprojekten. Trotzdem sind nat\u00fcrlich viele K\u00e4fige sehr klein. Dennoch, oder vielleicht gerade deshalb, sind mir ein paar sehr sch\u00f6ne Bilder gelungen.<\/p>\n<div id=\"attachment_977\" style=\"width: 1034px\" class=\"wp-caption aligncenter\"><a href=\"https:\/\/kulturweit.blog\/argentinienvillageneralbelgrano\/files\/2023\/07\/20230731_173742.jpg\"><img loading=\"lazy\" decoding=\"async\" aria-describedby=\"caption-attachment-977\" class=\"size-full wp-image-977\" src=\"https:\/\/kulturweit.blog\/argentinienvillageneralbelgrano\/files\/2023\/07\/20230731_173742.jpg\" alt=\"\" width=\"1024\" height=\"683\" \/><\/a><p id=\"caption-attachment-977\" class=\"wp-caption-text\">Ara<\/p><\/div>\n<div id=\"attachment_978\" style=\"width: 875px\" class=\"wp-caption aligncenter\"><a href=\"https:\/\/kulturweit.blog\/argentinienvillageneralbelgrano\/files\/2023\/07\/DSC_0004_2.jpg\"><img loading=\"lazy\" decoding=\"async\" aria-describedby=\"caption-attachment-978\" class=\"size-full wp-image-978\" src=\"https:\/\/kulturweit.blog\/argentinienvillageneralbelgrano\/files\/2023\/07\/DSC_0004_2.jpg\" alt=\"\" width=\"865\" height=\"1024\" srcset=\"https:\/\/kulturweit.blog\/argentinienvillageneralbelgrano\/files\/2023\/07\/DSC_0004_2.jpg 865w, https:\/\/kulturweit.blog\/argentinienvillageneralbelgrano\/files\/2023\/07\/DSC_0004_2-300x355.jpg 300w, https:\/\/kulturweit.blog\/argentinienvillageneralbelgrano\/files\/2023\/07\/DSC_0004_2-676x800.jpg 676w, https:\/\/kulturweit.blog\/argentinienvillageneralbelgrano\/files\/2023\/07\/DSC_0004_2-768x909.jpg 768w\" sizes=\"(max-width: 865px) 100vw, 865px\" \/><\/a><p id=\"caption-attachment-978\" class=\"wp-caption-text\">Schreieule<\/p><\/div>\n<div id=\"attachment_976\" style=\"width: 778px\" class=\"wp-caption aligncenter\"><a href=\"https:\/\/kulturweit.blog\/argentinienvillageneralbelgrano\/files\/2023\/07\/20230721_231718.jpg\"><img loading=\"lazy\" decoding=\"async\" aria-describedby=\"caption-attachment-976\" class=\"size-full wp-image-976\" src=\"https:\/\/kulturweit.blog\/argentinienvillageneralbelgrano\/files\/2023\/07\/20230721_231718.jpg\" alt=\"\" width=\"768\" height=\"1024\" srcset=\"https:\/\/kulturweit.blog\/argentinienvillageneralbelgrano\/files\/2023\/07\/20230721_231718.jpg 768w, https:\/\/kulturweit.blog\/argentinienvillageneralbelgrano\/files\/2023\/07\/20230721_231718-300x400.jpg 300w, https:\/\/kulturweit.blog\/argentinienvillageneralbelgrano\/files\/2023\/07\/20230721_231718-600x800.jpg 600w\" sizes=\"(max-width: 768px) 100vw, 768px\" \/><\/a><p id=\"caption-attachment-976\" class=\"wp-caption-text\">Schwarzmaskenguan<\/p><\/div>\n<div id=\"attachment_975\" style=\"width: 1034px\" class=\"wp-caption aligncenter\"><a href=\"https:\/\/kulturweit.blog\/argentinienvillageneralbelgrano\/files\/2023\/07\/DSC_0989.jpg\"><img loading=\"lazy\" decoding=\"async\" aria-describedby=\"caption-attachment-975\" class=\"size-full wp-image-975\" src=\"https:\/\/kulturweit.blog\/argentinienvillageneralbelgrano\/files\/2023\/07\/DSC_0989.jpg\" alt=\"\" width=\"1024\" height=\"683\" srcset=\"https:\/\/kulturweit.blog\/argentinienvillageneralbelgrano\/files\/2023\/07\/DSC_0989.jpg 1024w, https:\/\/kulturweit.blog\/argentinienvillageneralbelgrano\/files\/2023\/07\/DSC_0989-300x200.jpg 300w, https:\/\/kulturweit.blog\/argentinienvillageneralbelgrano\/files\/2023\/07\/DSC_0989-800x534.jpg 800w, https:\/\/kulturweit.blog\/argentinienvillageneralbelgrano\/files\/2023\/07\/DSC_0989-768x512.jpg 768w\" sizes=\"(max-width: 1024px) 100vw, 1024px\" \/><\/a><p id=\"caption-attachment-975\" class=\"wp-caption-text\">Bunttukan<\/p><\/div>\n<div id=\"attachment_974\" style=\"width: 1034px\" class=\"wp-caption aligncenter\"><a href=\"https:\/\/kulturweit.blog\/argentinienvillageneralbelgrano\/files\/2023\/07\/DSC_0979.jpg\"><img loading=\"lazy\" decoding=\"async\" aria-describedby=\"caption-attachment-974\" class=\"size-full wp-image-974\" src=\"https:\/\/kulturweit.blog\/argentinienvillageneralbelgrano\/files\/2023\/07\/DSC_0979.jpg\" alt=\"\" width=\"1024\" height=\"683\" srcset=\"https:\/\/kulturweit.blog\/argentinienvillageneralbelgrano\/files\/2023\/07\/DSC_0979.jpg 1024w, https:\/\/kulturweit.blog\/argentinienvillageneralbelgrano\/files\/2023\/07\/DSC_0979-300x200.jpg 300w, https:\/\/kulturweit.blog\/argentinienvillageneralbelgrano\/files\/2023\/07\/DSC_0979-800x534.jpg 800w, https:\/\/kulturweit.blog\/argentinienvillageneralbelgrano\/files\/2023\/07\/DSC_0979-768x512.jpg 768w\" sizes=\"(max-width: 1024px) 100vw, 1024px\" \/><\/a><p id=\"caption-attachment-974\" class=\"wp-caption-text\">Pavuasittich<\/p><\/div>\n<div id=\"attachment_970\" style=\"width: 1034px\" class=\"wp-caption aligncenter\"><a href=\"https:\/\/kulturweit.blog\/argentinienvillageneralbelgrano\/files\/2023\/07\/DSC_0008.jpg\"><img loading=\"lazy\" decoding=\"async\" aria-describedby=\"caption-attachment-970\" class=\"size-full wp-image-970\" src=\"https:\/\/kulturweit.blog\/argentinienvillageneralbelgrano\/files\/2023\/07\/DSC_0008.jpg\" alt=\"\" width=\"1024\" height=\"768\" srcset=\"https:\/\/kulturweit.blog\/argentinienvillageneralbelgrano\/files\/2023\/07\/DSC_0008.jpg 1024w, https:\/\/kulturweit.blog\/argentinienvillageneralbelgrano\/files\/2023\/07\/DSC_0008-300x225.jpg 300w, https:\/\/kulturweit.blog\/argentinienvillageneralbelgrano\/files\/2023\/07\/DSC_0008-800x600.jpg 800w, https:\/\/kulturweit.blog\/argentinienvillageneralbelgrano\/files\/2023\/07\/DSC_0008-768x576.jpg 768w, https:\/\/kulturweit.blog\/argentinienvillageneralbelgrano\/files\/2023\/07\/DSC_0008-160x120.jpg 160w\" sizes=\"(max-width: 1024px) 100vw, 1024px\" \/><\/a><p id=\"caption-attachment-970\" class=\"wp-caption-text\">Schreieule<\/p><\/div>\n<div id=\"attachment_971\" style=\"width: 778px\" class=\"wp-caption aligncenter\"><a href=\"https:\/\/kulturweit.blog\/argentinienvillageneralbelgrano\/files\/2023\/07\/DSC_0018.jpg\"><img loading=\"lazy\" decoding=\"async\" aria-describedby=\"caption-attachment-971\" class=\"size-full wp-image-971\" src=\"https:\/\/kulturweit.blog\/argentinienvillageneralbelgrano\/files\/2023\/07\/DSC_0018.jpg\" alt=\"\" width=\"768\" height=\"1024\" srcset=\"https:\/\/kulturweit.blog\/argentinienvillageneralbelgrano\/files\/2023\/07\/DSC_0018.jpg 768w, https:\/\/kulturweit.blog\/argentinienvillageneralbelgrano\/files\/2023\/07\/DSC_0018-300x400.jpg 300w, https:\/\/kulturweit.blog\/argentinienvillageneralbelgrano\/files\/2023\/07\/DSC_0018-600x800.jpg 600w\" sizes=\"(max-width: 768px) 100vw, 768px\" \/><\/a><p id=\"caption-attachment-971\" class=\"wp-caption-text\">Rotfussseriema<\/p><\/div>\n<div id=\"attachment_972\" style=\"width: 1034px\" class=\"wp-caption aligncenter\"><a href=\"https:\/\/kulturweit.blog\/argentinienvillageneralbelgrano\/files\/2023\/07\/DSC_0866_2.jpg\"><img loading=\"lazy\" decoding=\"async\" aria-describedby=\"caption-attachment-972\" class=\"size-full wp-image-972\" src=\"https:\/\/kulturweit.blog\/argentinienvillageneralbelgrano\/files\/2023\/07\/DSC_0866_2.jpg\" alt=\"\" width=\"1024\" height=\"683\" srcset=\"https:\/\/kulturweit.blog\/argentinienvillageneralbelgrano\/files\/2023\/07\/DSC_0866_2.jpg 1024w, https:\/\/kulturweit.blog\/argentinienvillageneralbelgrano\/files\/2023\/07\/DSC_0866_2-300x200.jpg 300w, https:\/\/kulturweit.blog\/argentinienvillageneralbelgrano\/files\/2023\/07\/DSC_0866_2-800x534.jpg 800w, https:\/\/kulturweit.blog\/argentinienvillageneralbelgrano\/files\/2023\/07\/DSC_0866_2-768x512.jpg 768w\" sizes=\"(max-width: 1024px) 100vw, 1024px\" \/><\/a><p id=\"caption-attachment-972\" class=\"wp-caption-text\">Der Mituhokko ist in freier Wildbahn ausgestorben<\/p><\/div>\n<div id=\"attachment_973\" style=\"width: 1034px\" class=\"wp-caption aligncenter\"><a href=\"https:\/\/kulturweit.blog\/argentinienvillageneralbelgrano\/files\/2023\/07\/DSC_0973.jpg\"><img loading=\"lazy\" decoding=\"async\" aria-describedby=\"caption-attachment-973\" class=\"size-full wp-image-973\" src=\"https:\/\/kulturweit.blog\/argentinienvillageneralbelgrano\/files\/2023\/07\/DSC_0973.jpg\" alt=\"\" width=\"1024\" height=\"683\" srcset=\"https:\/\/kulturweit.blog\/argentinienvillageneralbelgrano\/files\/2023\/07\/DSC_0973.jpg 1024w, https:\/\/kulturweit.blog\/argentinienvillageneralbelgrano\/files\/2023\/07\/DSC_0973-300x200.jpg 300w, https:\/\/kulturweit.blog\/argentinienvillageneralbelgrano\/files\/2023\/07\/DSC_0973-800x534.jpg 800w, https:\/\/kulturweit.blog\/argentinienvillageneralbelgrano\/files\/2023\/07\/DSC_0973-768x512.jpg 768w\" sizes=\"(max-width: 1024px) 100vw, 1024px\" \/><\/a><p id=\"caption-attachment-973\" class=\"wp-caption-text\">Pavuasittiche<\/p><\/div>\n<p>Zwischen den Nationalparks wollte ich mir noch ein paar argentinische St\u00e4dte anschauen. In diesen besuchte ich eine Menge Museen, Parks und diese Kunsthandwerksm\u00e4rkte, die ich so mag und nach denen ich stets Ausschau halte. Sie eignen sich auch gut zum Erinnerungen einkaufen. H\u00e4ufig werden diese M\u00e4rkte auf zentralen Pl\u00e4tzen aufgebaut, die es in vielen St\u00e4dten Argentiniens gibt. Manchmal hei\u00dfen diese Pl\u00e4tze \u201cPlaza 25 de Mayo\u201d, benannt nach dem argentinischen Unabh\u00e4ngigkeitstag.<\/p>\n<p>Auf diesen Pl\u00e4tzen, sowie an anderen Orten in den St\u00e4dten, finden sich h\u00e4ufig Graffitis von wei\u00dfen Kopft\u00fcchern, manchmal mit dem Schriftzug \u201cNunca m\u00e1s\u201d &#8211; Nie wieder versehen. Dies sind die Symbole der \u201cAbuelas de Plaza de Mayo\u201d (Abuelas=Gro\u00dfm\u00fctter). Dabei geht es um die M\u00fctter der w\u00e4hrend der Milit\u00e4rdiktatur Argentiniens 1976-1983 Verschwundenen.<\/p>\n<div id=\"attachment_966\" style=\"width: 1034px\" class=\"wp-caption aligncenter\"><a href=\"https:\/\/kulturweit.blog\/argentinienvillageneralbelgrano\/files\/2023\/07\/20230325_132605.jpg\"><img loading=\"lazy\" decoding=\"async\" aria-describedby=\"caption-attachment-966\" class=\"wp-image-966 size-full\" src=\"https:\/\/kulturweit.blog\/argentinienvillageneralbelgrano\/files\/2023\/07\/20230325_132605.jpg\" alt=\"\" width=\"1024\" height=\"768\" srcset=\"https:\/\/kulturweit.blog\/argentinienvillageneralbelgrano\/files\/2023\/07\/20230325_132605.jpg 1024w, https:\/\/kulturweit.blog\/argentinienvillageneralbelgrano\/files\/2023\/07\/20230325_132605-300x225.jpg 300w, https:\/\/kulturweit.blog\/argentinienvillageneralbelgrano\/files\/2023\/07\/20230325_132605-800x600.jpg 800w, https:\/\/kulturweit.blog\/argentinienvillageneralbelgrano\/files\/2023\/07\/20230325_132605-768x576.jpg 768w, https:\/\/kulturweit.blog\/argentinienvillageneralbelgrano\/files\/2023\/07\/20230325_132605-160x120.jpg 160w\" sizes=\"(max-width: 1024px) 100vw, 1024px\" \/><\/a><p id=\"caption-attachment-966\" class=\"wp-caption-text\">C\u00f3rdoba<\/p><\/div>\n<div id=\"attachment_965\" style=\"width: 1034px\" class=\"wp-caption aligncenter\"><a href=\"https:\/\/kulturweit.blog\/argentinienvillageneralbelgrano\/files\/2023\/07\/b.jpg\"><img loading=\"lazy\" decoding=\"async\" aria-describedby=\"caption-attachment-965\" class=\"wp-image-965 size-full\" src=\"https:\/\/kulturweit.blog\/argentinienvillageneralbelgrano\/files\/2023\/07\/b.jpg\" alt=\"\" width=\"1024\" height=\"1024\" srcset=\"https:\/\/kulturweit.blog\/argentinienvillageneralbelgrano\/files\/2023\/07\/b.jpg 1024w, https:\/\/kulturweit.blog\/argentinienvillageneralbelgrano\/files\/2023\/07\/b-300x300.jpg 300w, https:\/\/kulturweit.blog\/argentinienvillageneralbelgrano\/files\/2023\/07\/b-800x800.jpg 800w, https:\/\/kulturweit.blog\/argentinienvillageneralbelgrano\/files\/2023\/07\/b-150x150.jpg 150w, https:\/\/kulturweit.blog\/argentinienvillageneralbelgrano\/files\/2023\/07\/b-768x768.jpg 768w\" sizes=\"(max-width: 1024px) 100vw, 1024px\" \/><\/a><p id=\"caption-attachment-965\" class=\"wp-caption-text\">Bei mir im Dorf (Villa General Belgrano)<\/p><\/div>\n<div id=\"attachment_967\" style=\"width: 1034px\" class=\"wp-caption aligncenter\"><a href=\"https:\/\/kulturweit.blog\/argentinienvillageneralbelgrano\/files\/2023\/07\/20230408_092508.jpg\"><img loading=\"lazy\" decoding=\"async\" aria-describedby=\"caption-attachment-967\" class=\"wp-image-967 size-full\" src=\"https:\/\/kulturweit.blog\/argentinienvillageneralbelgrano\/files\/2023\/07\/20230408_092508.jpg\" alt=\"\" width=\"1024\" height=\"768\" srcset=\"https:\/\/kulturweit.blog\/argentinienvillageneralbelgrano\/files\/2023\/07\/20230408_092508.jpg 1024w, https:\/\/kulturweit.blog\/argentinienvillageneralbelgrano\/files\/2023\/07\/20230408_092508-300x225.jpg 300w, https:\/\/kulturweit.blog\/argentinienvillageneralbelgrano\/files\/2023\/07\/20230408_092508-800x600.jpg 800w, https:\/\/kulturweit.blog\/argentinienvillageneralbelgrano\/files\/2023\/07\/20230408_092508-768x576.jpg 768w, https:\/\/kulturweit.blog\/argentinienvillageneralbelgrano\/files\/2023\/07\/20230408_092508-160x120.jpg 160w\" sizes=\"(max-width: 1024px) 100vw, 1024px\" \/><\/a><p id=\"caption-attachment-967\" class=\"wp-caption-text\">Rosario, glaube ich<\/p><\/div>\n<p><span style=\"font-weight: 400\">Aber vielleicht von vorn.<\/span><\/p>\n<p>Im demokratischen Argentinien der ersten H\u00e4lfte der 70er Jahre verschlechterte sich die wirtschaftliche Lage immer weiter. Zudem ersch\u00fctterten Konflikte zwischen linken und rechten terroristischen Gruppen die Politik. Und so kam es 1976 zu einem Milit\u00e4rputsch unter der F\u00fchrung des sp\u00e4teren, bis 1981 regierenden Pr\u00e4sidenten Jorge Rafael Videla. Er setzte die damalige Pr\u00e4sidentin Isabel Per\u00f3n ab. Die Diktatur dauerte bis 1983, als die Wirtschaftskrise immer ernster wurde und Argentinien den Krieg um die Malvinas (Falklandinseln, ohje, b\u00f6ses Wort!) verlor.<\/p>\n<p>Diese Malvinen stiften \u00fcbrigens auch heute noch Identit\u00e4t, die meisten sind davon \u00fcberzeugt, dass diese Inseln s\u00fcd\u00f6stlich von Lateinamerika eigentlich zu Argentinien geh\u00f6ren.<\/p>\n<div id=\"attachment_964\" style=\"width: 1034px\" class=\"wp-caption aligncenter\"><a href=\"https:\/\/kulturweit.blog\/argentinienvillageneralbelgrano\/files\/2023\/07\/20230716_201847.jpg\"><img loading=\"lazy\" decoding=\"async\" aria-describedby=\"caption-attachment-964\" class=\"size-full wp-image-964\" src=\"https:\/\/kulturweit.blog\/argentinienvillageneralbelgrano\/files\/2023\/07\/20230716_201847.jpg\" alt=\"\" width=\"1024\" height=\"688\" srcset=\"https:\/\/kulturweit.blog\/argentinienvillageneralbelgrano\/files\/2023\/07\/20230716_201847.jpg 1024w, https:\/\/kulturweit.blog\/argentinienvillageneralbelgrano\/files\/2023\/07\/20230716_201847-300x202.jpg 300w, https:\/\/kulturweit.blog\/argentinienvillageneralbelgrano\/files\/2023\/07\/20230716_201847-800x538.jpg 800w, https:\/\/kulturweit.blog\/argentinienvillageneralbelgrano\/files\/2023\/07\/20230716_201847-768x516.jpg 768w\" sizes=\"(max-width: 1024px) 100vw, 1024px\" \/><\/a><p id=\"caption-attachment-964\" class=\"wp-caption-text\">Malvinas volveremos!<br \/>Malvinen, wir kommen zur\u00fcck! (Corrientes)<\/p><\/div>\n<p>Die Aufarbeitung und die juristische Verfolgung der T\u00e4ter der Diktatur wurde vom ersten, nach der Diktatur demokratisch gew\u00e4hlten Pr\u00e4sidenten Raul Alfonsin begonnen. Allerdings sorgte politischer Druck vonseiten des Milit\u00e4rs f\u00fcr die Pausierung der Aufarbeitung. Diese wurde erst 2003 von N\u00e9stor Kirchner wieder aufgenommen und dauert bis heute an. Offizielle Regierungsangaben gehen von etwa 10.000 Opfern, Menschenrechtsorganisationen von 30.000 ermordeten Regimegegnern aus. Diese wurden in geheimen Milit\u00e4r-Gef\u00e4ngnissen gefoltert und anschlie\u00dfend w\u00e4hrend der sogenannten Todesfl\u00fcge bet\u00e4ubt aus gro\u00dfer H\u00f6he in den Rio de la Plata geworfen.<\/p>\n<div id=\"attachment_968\" style=\"width: 665px\" class=\"wp-caption aligncenter\"><a href=\"https:\/\/kulturweit.blog\/argentinienvillageneralbelgrano\/files\/2023\/07\/20230408_102725.jpg\"><img loading=\"lazy\" decoding=\"async\" aria-describedby=\"caption-attachment-968\" class=\"size-full wp-image-968\" src=\"https:\/\/kulturweit.blog\/argentinienvillageneralbelgrano\/files\/2023\/07\/20230408_102725.jpg\" alt=\"Rosario\" width=\"655\" height=\"1024\" srcset=\"https:\/\/kulturweit.blog\/argentinienvillageneralbelgrano\/files\/2023\/07\/20230408_102725.jpg 655w, https:\/\/kulturweit.blog\/argentinienvillageneralbelgrano\/files\/2023\/07\/20230408_102725-300x469.jpg 300w, https:\/\/kulturweit.blog\/argentinienvillageneralbelgrano\/files\/2023\/07\/20230408_102725-512x800.jpg 512w\" sizes=\"(max-width: 655px) 100vw, 655px\" \/><\/a><p id=\"caption-attachment-968\" class=\"wp-caption-text\">Rosario, glaube ich, ah ne garantiert (siehe Auto im Hintergrund)<\/p><\/div>\n<div id=\"attachment_969\" style=\"width: 778px\" class=\"wp-caption aligncenter\"><a href=\"https:\/\/kulturweit.blog\/argentinienvillageneralbelgrano\/files\/2023\/07\/20230716_134727.jpg\"><img loading=\"lazy\" decoding=\"async\" aria-describedby=\"caption-attachment-969\" class=\"size-full wp-image-969\" src=\"https:\/\/kulturweit.blog\/argentinienvillageneralbelgrano\/files\/2023\/07\/20230716_134727.jpg\" alt=\"Corrientes\" width=\"768\" height=\"1024\" srcset=\"https:\/\/kulturweit.blog\/argentinienvillageneralbelgrano\/files\/2023\/07\/20230716_134727.jpg 768w, https:\/\/kulturweit.blog\/argentinienvillageneralbelgrano\/files\/2023\/07\/20230716_134727-300x400.jpg 300w, https:\/\/kulturweit.blog\/argentinienvillageneralbelgrano\/files\/2023\/07\/20230716_134727-600x800.jpg 600w\" sizes=\"(max-width: 768px) 100vw, 768px\" \/><\/a><p id=\"caption-attachment-969\" class=\"wp-caption-text\">Corrientes: Wandgem\u00e4lde \u00fcber Folter in Gef\u00e4ngnissen w\u00e4hrend der Milit\u00e4rdiktatur<\/p><\/div>\n<p>Da die meisten Oppositionellen junge Studenten waren, gab es unter ihnen auch schwangere Frauen. Diese bekamen ihre Kinder im Gef\u00e4ngnis und wurden dann ebenfalls ermordet. Die Babys wuchsen bei regimetreuen kinderlosen Familien oder Milit\u00e4rfunktion\u00e4ren auf, die manchmal sogar an der Ermordung ihrer Eltern beteiligt waren. Nat\u00fcrlich wissen die heute erwachsenen Kinder nichts \u00fcber ihre wahre Herkunft, ihre leiblichen Gro\u00dfeltern wissen jedoch um ihre Existenz und suchen ihre Enkel. Es m\u00fcsste um die 500 Zwangs adoptierte geben. Heutzutage wird die Suche durch Gendatenbanken sehr erleichtert. Allerdings kommt es auch vor, dass die Kinder der Verschwundenen sich fragen, ob sie wirklich gefunden werden wollen. Denn w\u00fcrde dies geschehen, m\u00fcssten sich die Menschen, von denen sie gro\u00df gezogen wurden und die ihnen m\u00f6glicherweise gute Eltern waren, vor der Justiz verantworten. Andererseits m\u00f6chten sie nat\u00fcrlich wissen, wer ihre biologischen Eltern waren und ihre Familie kennenlernen. Aufarbeitung birgt also durchaus schwierige Fragen, die es zu diskutieren gilt.<\/p>\n<p>Ja, das war wahrscheinlich mein letzter Blogeintrag aus Argentinien. In drei Wochen bin ich schon wieder zur\u00fcckgekehrt, dann steht das Nachbereitungsseminar vor der T\u00fcr. Vielleicht schreibe ich dar\u00fcber noch etwas, wenn ich die Zeit daf\u00fcr finde.<\/p>\n","protected":false},"excerpt":{"rendered":"<p>Das Ende meines Freiwilligendienstes in Argentinien r\u00fcckt nun immer n\u00e4her. Sogar die einst in so weiter ferner erscheinenden Winterferien sind mittlerweile sehr ereignisreich an mir vorbeigezogen. Weil dies wahrscheinlich mein letzter Blogeintrag ist, m\u00f6chte ich endlich \u00fcber ein Thema schreiben, was mir schon l\u00e4nger unter den N\u00e4geln brennt. Ein Jahr auf der anderen Seite der &hellip; <span class=\"more-link\"><a href=\"https:\/\/kulturweit.blog\/argentinienvillageneralbelgrano\/2023\/07\/31\/von-bunten-voegeln-und-weissen-kopftuechern\/\">Mehr lesen &raquo;<\/a><\/span><\/p>\n","protected":false},"author":3061,"featured_media":975,"comment_status":"open","ping_status":"open","sticky":false,"template":"","format":"standard","meta":{"footnotes":""},"categories":[21],"tags":[],"class_list":["post-956","post","type-post","status-publish","format-standard","has-post-thumbnail","hentry","category-allgemein"],"amp_enabled":true,"_links":{"self":[{"href":"https:\/\/kulturweit.blog\/argentinienvillageneralbelgrano\/wp-json\/wp\/v2\/posts\/956"}],"collection":[{"href":"https:\/\/kulturweit.blog\/argentinienvillageneralbelgrano\/wp-json\/wp\/v2\/posts"}],"about":[{"href":"https:\/\/kulturweit.blog\/argentinienvillageneralbelgrano\/wp-json\/wp\/v2\/types\/post"}],"author":[{"embeddable":true,"href":"https:\/\/kulturweit.blog\/argentinienvillageneralbelgrano\/wp-json\/wp\/v2\/users\/3061"}],"replies":[{"embeddable":true,"href":"https:\/\/kulturweit.blog\/argentinienvillageneralbelgrano\/wp-json\/wp\/v2\/comments?post=956"}],"version-history":[{"count":3,"href":"https:\/\/kulturweit.blog\/argentinienvillageneralbelgrano\/wp-json\/wp\/v2\/posts\/956\/revisions"}],"predecessor-version":[{"id":982,"href":"https:\/\/kulturweit.blog\/argentinienvillageneralbelgrano\/wp-json\/wp\/v2\/posts\/956\/revisions\/982"}],"wp:featuredmedia":[{"embeddable":true,"href":"https:\/\/kulturweit.blog\/argentinienvillageneralbelgrano\/wp-json\/wp\/v2\/media\/975"}],"wp:attachment":[{"href":"https:\/\/kulturweit.blog\/argentinienvillageneralbelgrano\/wp-json\/wp\/v2\/media?parent=956"}],"wp:term":[{"taxonomy":"category","embeddable":true,"href":"https:\/\/kulturweit.blog\/argentinienvillageneralbelgrano\/wp-json\/wp\/v2\/categories?post=956"},{"taxonomy":"post_tag","embeddable":true,"href":"https:\/\/kulturweit.blog\/argentinienvillageneralbelgrano\/wp-json\/wp\/v2\/tags?post=956"}],"curies":[{"name":"wp","href":"https:\/\/api.w.org\/{rel}","templated":true}]}}